{"id":13394,"date":"2019-10-11T09:41:31","date_gmt":"2019-10-11T09:41:31","guid":{"rendered":"http:\/\/www.iceagetv.com\/radiosite\/?p=13394"},"modified":"2019-10-11T09:41:36","modified_gmt":"2019-10-11T09:41:36","slug":"le-premier-ministre-ethiopien-abiy-ahmed-prix-nobel-de-la-paix-2019","status":"publish","type":"post","link":"https:\/\/www.iceagetv.com\/radiosite\/le-premier-ministre-ethiopien-abiy-ahmed-prix-nobel-de-la-paix-2019\/","title":{"rendered":"Le premier ministre \u00e9thiopien, Abiy Ahmed, Prix Nobel de la paix 2019"},"content":{"rendered":"\n<p>Le comit\u00e9 Nobel a annonc\u00e9 que le laur\u00e9at du prix Nobel de la paix 2019 reviendra au premier ministre \u00e9thiopien, Abiy Ahmed, pour son action en faveur de la r\u00e9conciliation de son pays avec l\u2019Erythr\u00e9e.<br>On conna\u00eet d\u00e9sormais le nom de la personne qui succ\u00e9dera \u00e0 la\u00a0<a href=\"https:\/\/www.lemonde.fr\/prix-nobel\/article\/2018\/10\/05\/nadia-murad-des-chaines-de-l-etat-islamique-au-prix-nobel-de-la-paix_5365315_1772031.html\">militante y\u00e9zidie Nadia Murad<\/a>\u00a0et au gyn\u00e9cologue congolais\u00a0<a href=\"https:\/\/www.lemonde.fr\/afrique\/article\/2018\/10\/05\/le-prix-nobel-de-la-paix-attribue-a-denis-mukwege-est-aussi-un-espoir-politique-pour-la-rdc_5365178_3212.html\">Denis Mukwege<\/a>, r\u00e9compens\u00e9s\u00a0<a href=\"https:\/\/www.lemonde.fr\/international\/article\/2018\/10\/05\/nobel-de-la-paix-le-medecin-congolais-denis-mukwege-et-la-militante-yezidie-nadia-murad-recompenses_5365067_3210.html\">conjointement l\u2019an dernier<\/a>\u00a0pour leur combat contre les violences sexuelles. Vendredi\u00a011\u00a0octobre, le comit\u00e9 Nobel norv\u00e9gien a annonc\u00e9 depuis Oslo que le laur\u00e9at du prix Nobel de la paix 2019 reviendra au<a href=\"https:\/\/www.lemonde.fr\/afrique\/article\/2019\/03\/11\/ethiopie-le-reformateur-abiy-ahmed-face-au-defi-ethnique_5434373_3212.html\">\u00a0premier ministre \u00e9thiopien, Abiy Ahmed<\/a>, pour son action en faveur de la r\u00e9conciliation de son pays avec l\u2019Erythr\u00e9e. Le prix sera officiellement d\u00e9cern\u00e9 lors d\u2019une c\u00e9r\u00e9monie dans la capitale norv\u00e9gienne le 10\u00a0d\u00e9cembre, jour de l\u2019anniversaire de la mort du\u00a0<a href=\"https:\/\/www.lemonde.fr\/vous\/article\/2006\/07\/28\/alfred-nobel-et-la-dynamite_799264_3238.html\">p\u00e8re de la dynamite<\/a>.<br>Les prix Nobel de la paix sont remis aux personnes ou aux communaut\u00e9s ayant \u0153uvr\u00e9\u00a0<em>\u00ab au rapprochement des peuples, \u00e0 la suppression ou \u00e0 la r\u00e9duction des arm\u00e9es permanentes, \u00e0 la r\u00e9union et \u00e0 la propagation des progr\u00e8s pour la paix \u00bb<\/em>. Concr\u00e8tement, il peut s\u2019agir d\u2019un engagement pour les droits humains, d\u2019actions de d\u00e9sarmement, d\u2019un combat \u00e9cologique\u2026<br>Outre la reconnaissance internationale et la m\u00e9daille, le prix Nobel de la paix rapporte neuf millions de couronnes su\u00e9doises, soit environ 830\u00a0000\u00a0euros, \u00e0 son laur\u00e9at. Cet argent sert g\u00e9n\u00e9ralement \u00e0 poursuivre les recherches prim\u00e9es dans les domaines scientifiques ou est revers\u00e9 \u00e0 des associations.<br>Seule r\u00e9compense d\u00e9cern\u00e9e par Oslo \u2013 les laur\u00e9ats des autres prix sont s\u00e9lectionn\u00e9s par l\u2019Institution acad\u00e9mique su\u00e9doise \u2013, le prix de la paix est annonc\u00e9 au lendemain de celui de litt\u00e9rature, qui a\u00a0<a href=\"https:\/\/www.lemonde.fr\/culture\/article\/2019\/10\/10\/olga-tokarczuk-et-peter-handke-laureats-des-prix-nobel-de-litterature-2018-et-2019_6014977_3246.html\">r\u00e9compens\u00e9 \u00e0 Stockholm la Polonaise Olga Tokarczuk au titre de l\u2019ann\u00e9e 2018 et pour 2019 l\u2019Autrichien Peter Handke<\/a>, auteur controvers\u00e9 \u00e0 cause de ses positions pro-serbes pendant la guerre en ex-Yougoslavie. L\u2019Acad\u00e9mie royale su\u00e9doise s\u2019\u00e9tant trouv\u00e9 l\u2019an pass\u00e9 enferr\u00e9e dans un scandale m\u00ealant accusations de viol, de harc\u00e8lement sexuel et de conflits d\u2019int\u00e9r\u00eats ayant \u00e9clabouss\u00e9, il avait \u00e9t\u00e9 d\u00e9cid\u00e9 de\u00a0<a href=\"https:\/\/www.lemonde.fr\/livres\/article\/2018\/05\/04\/l-academie-suedoise-ne-decernera-pas-de-prix-nobel-de-litterature-en-2018_5294158_3260.html\">reporter d\u2019un an le Nobel de litt\u00e9rature<\/a>\u00a02018.<\/p>\n","protected":false},"excerpt":{"rendered":"<p>Le comit\u00e9 Nobel a annonc\u00e9 que le laur\u00e9at du prix Nobel de la paix 2019 reviendra au premier ministre \u00e9thiopien, Abiy Ahmed, pour son action en faveur de la r\u00e9conciliation de son pays avec l\u2019Erythr\u00e9e.On conna\u00eet d\u00e9sormais le nom de la personne qui succ\u00e9dera \u00e0 la\u00a0militante y\u00e9zidie Nadia Murad\u00a0et au gyn\u00e9cologue congolais\u00a0Denis Mukwege, r\u00e9compens\u00e9s\u00a0conjointement l\u2019an [&hellip;]<\/p>\n","protected":false},"author":2,"featured_media":13395,"comment_status":"open","ping_status":"open","sticky":false,"template":"","format":"standard","meta":{"_jetpack_memberships_contains_paid_content":false,"footnotes":"","jetpack_publicize_message":"","jetpack_publicize_feature_enabled":true,"jetpack_social_post_already_shared":true,"jetpack_social_options":{"image_generator_settings":{"template":"highway","default_image_id":0,"font":"","enabled":false},"version":2},"_wpas_customize_per_network":false},"categories":[68],"tags":[],"class_list":["post-13394","post","type-post","status-publish","format-standard","has-post-thumbnail","hentry","category-actu-culturelle"],"jetpack_publicize_connections":[],"jetpack_featured_media_url":"https:\/\/i0.wp.com\/www.iceagetv.com\/radiosite\/wp-content\/uploads\/2019\/10\/Abiy-Ahmed.jpg?fit=688%2C459&ssl=1","jetpack_sharing_enabled":true,"_links":{"self":[{"href":"https:\/\/www.iceagetv.com\/radiosite\/wp-json\/wp\/v2\/posts\/13394","targetHints":{"allow":["GET"]}}],"collection":[{"href":"https:\/\/www.iceagetv.com\/radiosite\/wp-json\/wp\/v2\/posts"}],"about":[{"href":"https:\/\/www.iceagetv.com\/radiosite\/wp-json\/wp\/v2\/types\/post"}],"author":[{"embeddable":true,"href":"https:\/\/www.iceagetv.com\/radiosite\/wp-json\/wp\/v2\/users\/2"}],"replies":[{"embeddable":true,"href":"https:\/\/www.iceagetv.com\/radiosite\/wp-json\/wp\/v2\/comments?post=13394"}],"version-history":[{"count":1,"href":"https:\/\/www.iceagetv.com\/radiosite\/wp-json\/wp\/v2\/posts\/13394\/revisions"}],"predecessor-version":[{"id":13396,"href":"https:\/\/www.iceagetv.com\/radiosite\/wp-json\/wp\/v2\/posts\/13394\/revisions\/13396"}],"wp:featuredmedia":[{"embeddable":true,"href":"https:\/\/www.iceagetv.com\/radiosite\/wp-json\/wp\/v2\/media\/13395"}],"wp:attachment":[{"href":"https:\/\/www.iceagetv.com\/radiosite\/wp-json\/wp\/v2\/media?parent=13394"}],"wp:term":[{"taxonomy":"category","embeddable":true,"href":"https:\/\/www.iceagetv.com\/radiosite\/wp-json\/wp\/v2\/categories?post=13394"},{"taxonomy":"post_tag","embeddable":true,"href":"https:\/\/www.iceagetv.com\/radiosite\/wp-json\/wp\/v2\/tags?post=13394"}],"curies":[{"name":"wp","href":"https:\/\/api.w.org\/{rel}","templated":true}]}}