{"id":13400,"date":"2019-10-11T15:39:47","date_gmt":"2019-10-11T15:39:47","guid":{"rendered":"http:\/\/www.iceagetv.com\/radiosite\/?p=13400"},"modified":"2019-10-11T15:39:51","modified_gmt":"2019-10-11T15:39:51","slug":"attaque-au-couteau-a-manchester-le-suspect-a-ete-arrete-pour-terrorisme","status":"publish","type":"post","link":"https:\/\/www.iceagetv.com\/radiosite\/attaque-au-couteau-a-manchester-le-suspect-a-ete-arrete-pour-terrorisme\/","title":{"rendered":"Attaque au couteau \u00e0 Manchester : le suspect a \u00e9t\u00e9 arr\u00eat\u00e9 pour terrorisme"},"content":{"rendered":"\n<p>L&rsquo;attaque a eu lieu vers 11h15. Plusieurs personnes&nbsp;ont \u00e9t\u00e9 bless\u00e9es \u00e0 l&rsquo;arme blanche dans un centre commercial de Manchester (Royaume-Uni), vendredi 11 octobre, annoncent la police de la ville et les services ambulanciers. Trois personnes ont \u00e9t\u00e9 poignard\u00e9es et transport\u00e9es \u00e0 l&rsquo;h\u00f4pital, selon ces m\u00eames sources. Un suspect, \u00e2g\u00e9 d&rsquo;une quarantaine d&rsquo;ann\u00e9es, a \u00e9t\u00e9 interpell\u00e9 et plac\u00e9 en garde \u00e0 vue. Il a \u00e9t\u00e9 arr\u00eat\u00e9 pour terrorisme, a annonc\u00e9 la police britannique. Suivez la situation en direct avec franceinfo.&nbsp;<\/p>\n\n\n\n<p><strong>&nbsp;La police antiterroriste m\u00e8ne l&rsquo;enqu\u00eate.&nbsp;<\/strong>Compte tenu de&nbsp;<em>\u00ab\u00a0la localisation de l&rsquo;incident et sa nature, les officiers de la police antiterroriste m\u00e8nent les investigations\u00a0\u00bb<\/em>, a indiqu\u00e9 la police dans un communiqu\u00e9. Plus tard vendredi apr\u00e8s-midi, les forces de l&rsquo;ordre de Manchester ont annonc\u00e9 que le suspect interpell\u00e9 apr\u00e8s l&rsquo;attaque avait \u00e9t\u00e9 arr\u00eat\u00e9 pour terrorisme.&nbsp;<\/p>\n\n\n\n<p><strong>&nbsp;Plusieurs personnes poignard\u00e9es.&nbsp;<\/strong>Trois&nbsp;personnes&nbsp;ont \u00e9t\u00e9 poignard\u00e9es et emmen\u00e9es \u00e0 l&rsquo;h\u00f4pital, et non cinq comme indiqu\u00e9 pr\u00e9c\u00e9demment, d&rsquo;apr\u00e8s les services de secours et la police de Manchester.&nbsp;Deux femmes qui ont \u00e9t\u00e9 poignard\u00e9es \u00e9taient dans un \u00e9tat&nbsp;<em>\u00ab\u00a0stable\u00a0\u00bb<\/em>, selon la police. Un homme de 50 ans a lui aussi \u00e9t\u00e9 bless\u00e9 par arme blanche, selon la m\u00eame source.&nbsp;<\/p>\n\n\n\n<p>\u00a0<strong>Le centre commercial \u00e9vacu\u00e9.<\/strong>\u00a0Selon plusieurs m\u00e9dias locaux, le centre commercial d&rsquo;Arndale, \u00e0 Manchester, a \u00e9t\u00e9 \u00e9vacu\u00e9.\u00a0Un large dispositif de s\u00e9curit\u00e9 a \u00e9t\u00e9 mis en place.<br>\u00a0Un homme d&rsquo;une quarantaine d&rsquo;ann\u00e9es a \u00e9t\u00e9 arr\u00eat\u00e9 pour terrorisme \u00e0 la suite de\u00a0<a rel=\"noreferrer noopener\" href=\"https:\/\/www.francetvinfo.fr\/monde\/royaume-uni\/manchester-attaque-couteau-centre-commercial-terrorisme-blesses_3654657.html\" target=\"_blank\">l&rsquo;attaque \u00e0 l&rsquo;arme blanche<\/a>\u00a0qui a fait plusieurs bless\u00e9s dans un centre commercial de Manchester, annonce la police britannique. L&rsquo;assaillant a agi seul et sa motivation n&rsquo;est pour l&rsquo;heure pas connue, pr\u00e9cise un responsable de la police de Manchester, lors d&rsquo;une conf\u00e9rence de presse.<br>On en sait plus sur les victimes de\u00a0<a rel=\"noreferrer noopener\" href=\"https:\/\/www.francetvinfo.fr\/monde\/royaume-uni\/manchester-attaque-couteau-centre-commercial-terrorisme-blesses_3654657.html\" target=\"_blank\">l&rsquo;attaque \u00e0 l&rsquo;arme blanche \u00e0 Manchester<\/a>. Au moins trois personnes ont \u00e9t\u00e9 emmen\u00e9es \u00e0 l&rsquo;h\u00f4pital, et non cinq comme indiqu\u00e9 pr\u00e9c\u00e9demment, selon les services de secours et la police. Deux femmes qui ont \u00e9t\u00e9 poignard\u00e9es \u00e9taient dans un \u00e9tat<em>\u00a0\u00ab\u00a0stable\u00a0\u00bb<\/em>, selon la police. Un homme de 50 ans a lui aussi \u00e9t\u00e9 bless\u00e9 par arme blanche.<br>\u00a0Sur\u00a0<a rel=\"noreferrer noopener\" href=\"https:\/\/twitter.com\/BorisJohnson\/status\/1182631145386713088\" target=\"_blank\">Twitter<\/a>, le Premier ministre britannique, Boris Johnson, s&rsquo;est dit<em>\u00a0\u00ab\u00a0choqu\u00e9\u00a0\u00bb\u00a0<\/em>et a adress\u00e9 ses\u00a0<em>\u00ab\u00a0pens\u00e9es\u00a0\u00bb\u00a0<\/em>aux victimes, remerciant les services de secours et les enqu\u00eateurs. Selon les m\u00e9dias locaux, le centre commercial d&rsquo;Arndale, o\u00f9 se sont d\u00e9roul\u00e9s les faits, a \u00e9t\u00e9 \u00e9vacu\u00e9. Un large dispositif de s\u00e9curit\u00e9 a \u00e9t\u00e9 mis en place.<\/p>\n\n\n\n<p>&nbsp;A 14 heures, voici un nouveau point sur l&rsquo;actualit\u00e9 :<br><br>Au moins cinq personnes&nbsp;<a href=\"https:\/\/www.francetvinfo.fr\/monde\/royaume-uni\/manchester-attaque-couteau-centre-commercial-terrorisme-blesses_3654657.html\" target=\"_blank\" rel=\"noreferrer noopener\">ont \u00e9t\u00e9 bless\u00e9es<\/a>&nbsp;dans une attaque \u00e0 l&rsquo;arme blanche dans un centre commercial de Manchester. La police antiterroriste a \u00e9t\u00e9 saisie.Le comit\u00e9 a salu\u00e9 une personnalit\u00e9 qui n&rsquo;a pas m\u00e9nag\u00e9 \u00ab\u00a0ses efforts en faveur de la paix et de la coop\u00e9ration internationale\u00a0\u00bb. Le prix Nobel de la paix a \u00e9t\u00e9 attribu\u00e9 au Premier ministre \u00e9thiopien Abiy Ahmed.L&rsquo;auteur de l&rsquo;attentat qui a fait deux morts \u00e0 Halle (Allemagne)&nbsp;<a href=\"https:\/\/www.francetvinfo.fr\/monde\/europe\/attentat-de-halle\/halle-le-tueur-presume-a-avoue-ses-motivations-antisemites-aux-enqueteurs_3654503.html\" target=\"_blank\" rel=\"noreferrer noopener\">a avou\u00e9 la motivation antis\u00e9mite<\/a>&nbsp;de l&rsquo;attaque.L&rsquo;Etat et le Fonds de mutualisation des risques sanitaires et environnementaux ont trouv\u00e9 un accord avec l&rsquo;entreprise Lubrizol, qui va indemniser quelque 450 agriculteurs victimes de l&rsquo;incendie de son usine chimique \u00e0 Rouen (Seine-Maritime). Ce fonds de solidarit\u00e9 sera&nbsp;<a href=\"https:\/\/www.francetvinfo.fr\/faits-divers\/incendie\/incendie-d-un-site-seveso-a-rouen\/lubrizol-a-accepte-d-indemniser-les-agriculteurs-victimes-des-retombees-polluantes-avec-un-fonds-de-solidarite-de-50-millions-d-euros_3654209.html\" target=\"_blank\" rel=\"noreferrer noopener\">d&rsquo;au moins 50 millions d&rsquo;euros<\/a>.\n\n<\/p>\n\n\n\n<p><br>\u00a0<\/p>\n","protected":false},"excerpt":{"rendered":"<p>L&rsquo;attaque a eu lieu vers 11h15. Plusieurs personnes&nbsp;ont \u00e9t\u00e9 bless\u00e9es \u00e0 l&rsquo;arme blanche dans un centre commercial de Manchester (Royaume-Uni), vendredi 11 octobre, annoncent la police de la ville et les services ambulanciers. Trois personnes ont \u00e9t\u00e9 poignard\u00e9es et transport\u00e9es \u00e0 l&rsquo;h\u00f4pital, selon ces m\u00eames sources. Un suspect, \u00e2g\u00e9 d&rsquo;une quarantaine d&rsquo;ann\u00e9es, a \u00e9t\u00e9 interpell\u00e9 [&hellip;]<\/p>\n","protected":false},"author":2,"featured_media":13401,"comment_status":"open","ping_status":"open","sticky":false,"template":"","format":"standard","meta":{"_jetpack_memberships_contains_paid_content":false,"footnotes":"","jetpack_publicize_message":"","jetpack_publicize_feature_enabled":true,"jetpack_social_post_already_shared":true,"jetpack_social_options":{"image_generator_settings":{"template":"highway","default_image_id":0,"font":"","enabled":false},"version":2},"_wpas_customize_per_network":false},"categories":[405],"tags":[],"class_list":["post-13400","post","type-post","status-publish","format-standard","has-post-thumbnail","hentry","category-actu-france-monde"],"jetpack_publicize_connections":[],"jetpack_featured_media_url":"https:\/\/i0.wp.com\/www.iceagetv.com\/radiosite\/wp-content\/uploads\/2019\/10\/Attaque-au-couteau-%C3%A0-Manchester.jpg?fit=770%2C433&ssl=1","jetpack_sharing_enabled":true,"_links":{"self":[{"href":"https:\/\/www.iceagetv.com\/radiosite\/wp-json\/wp\/v2\/posts\/13400","targetHints":{"allow":["GET"]}}],"collection":[{"href":"https:\/\/www.iceagetv.com\/radiosite\/wp-json\/wp\/v2\/posts"}],"about":[{"href":"https:\/\/www.iceagetv.com\/radiosite\/wp-json\/wp\/v2\/types\/post"}],"author":[{"embeddable":true,"href":"https:\/\/www.iceagetv.com\/radiosite\/wp-json\/wp\/v2\/users\/2"}],"replies":[{"embeddable":true,"href":"https:\/\/www.iceagetv.com\/radiosite\/wp-json\/wp\/v2\/comments?post=13400"}],"version-history":[{"count":1,"href":"https:\/\/www.iceagetv.com\/radiosite\/wp-json\/wp\/v2\/posts\/13400\/revisions"}],"predecessor-version":[{"id":13402,"href":"https:\/\/www.iceagetv.com\/radiosite\/wp-json\/wp\/v2\/posts\/13400\/revisions\/13402"}],"wp:featuredmedia":[{"embeddable":true,"href":"https:\/\/www.iceagetv.com\/radiosite\/wp-json\/wp\/v2\/media\/13401"}],"wp:attachment":[{"href":"https:\/\/www.iceagetv.com\/radiosite\/wp-json\/wp\/v2\/media?parent=13400"}],"wp:term":[{"taxonomy":"category","embeddable":true,"href":"https:\/\/www.iceagetv.com\/radiosite\/wp-json\/wp\/v2\/categories?post=13400"},{"taxonomy":"post_tag","embeddable":true,"href":"https:\/\/www.iceagetv.com\/radiosite\/wp-json\/wp\/v2\/tags?post=13400"}],"curies":[{"name":"wp","href":"https:\/\/api.w.org\/{rel}","templated":true}]}}