{"id":13439,"date":"2019-10-15T16:50:59","date_gmt":"2019-10-15T16:50:59","guid":{"rendered":"http:\/\/www.iceagetv.com\/radiosite\/?p=13439"},"modified":"2019-10-15T16:51:04","modified_gmt":"2019-10-15T16:51:04","slug":"a-lassemblee-edouard-philippe-recadre-des-deputes-sur-la-laicite","status":"publish","type":"post","link":"https:\/\/www.iceagetv.com\/radiosite\/a-lassemblee-edouard-philippe-recadre-des-deputes-sur-la-laicite\/","title":{"rendered":"A l&rsquo;Assembl\u00e9e, \u00c9douard Philippe recadre des d\u00e9put\u00e9s sur la la\u00efcit\u00e9"},"content":{"rendered":"\n<h2 class=\"wp-block-heading\">nterpell\u00e9 sur la question du port du voile pour les accompagnantes de sorties scolaires, le Premier ministre a recadr\u00e9 un d\u00e9put\u00e9 sur l&rsquo;application de la loi.&nbsp;<\/h2>\n\n\n\n<p>Interpell\u00e9 ce mardi \u00e0 l&rsquo;Assembl\u00e9e nationale par le d\u00e9put\u00e9 LR Jean-Louis Masson sur la question de la&nbsp;la\u00efcit\u00e9 et du&nbsp;port du voile pour les accompagnantes de sorties scolaires, quelques jours apr\u00e8s qu&rsquo;<a href=\"https:\/\/www.bfmtv.com\/mediaplayer\/video\/un-elu-rn-demande-a-une-mere-de-famille-de-retirer-son-voile-lors-du-conseil-regional-de-bourgogne-franche-comte-1193852.html\"><strong>une m\u00e8re voil\u00e9e accompagnant la classe de son fils&nbsp;a \u00e9t\u00e9 prise \u00e0 partie par un \u00e9lu RN&nbsp;<\/strong><\/a>au Conseil r\u00e9gional de Bourgogne-Franche-Comt\u00e9, le Premier ministre \u00c9douard Philippe, visiblement remont\u00e9, a effectu\u00e9 un bref rappel \u00e0 la loi \u00e0 l&rsquo;\u00e9lu.<\/p>\n\n\n\n<p>Dans un premier temps, le locataire de Matignon a soulign\u00e9 que la France, \u00ab\u00a0une R\u00e9publique qui a progressivement plac\u00e9 la la\u00efcit\u00e9 au c\u0153ur de ses valeurs\u00a0\u00bb, \u00e9tait r\u00e9gie par deux notions majeures.\u00a0<\/p>\n\n\n\n<blockquote class=\"wp-block-quote is-layout-flow wp-block-quote-is-layout-flow\"><p>\u00ab\u00a0Il y a d\u2019une part l\u2019article 10 de la D\u00e9claration des droits de l\u2019Homme et du citoyen du 26 ao\u00fbt 1789, j\u2019en rappelle les termes, je ne crois pas qu\u2019il&nbsp;soit inutile de le faire&nbsp;dans cette Assembl\u00e9e: \u2018Nul ne doit \u00eatre inqui\u00e9t\u00e9 pour ses opinions, m\u00eames religieuses, pourvu que leur manifestation ne trouble pas l\u2019ordre public \u00e9tabli par la loi'\u00a0\u00bb, a-t-il commenc\u00e9.&nbsp;<\/p><\/blockquote>\n\n\n\n<p>Puis, \u00ab\u00a0il y a d\u2019autre part, la loi du 9 d\u00e9cembre 1905, qui concerne la s\u00e9paration des \u00e9glises et de l\u2019\u00c9tat qui, apr\u00e8s avoir rappel\u00e9 le principe de libert\u00e9 de conscience, pr\u00e9voit&nbsp;que la R\u00e9publique ne reconna\u00eet, ne salarie, ne subventionne aucun&nbsp;culte\u00a0\u00bb, a encore d\u00e9taill\u00e9&nbsp;\u00c9douard Philippe.&nbsp;<\/p>\n\n\n\n<blockquote class=\"wp-block-quote is-layout-flow wp-block-quote-is-layout-flow\"><p>Ainsi, \u00ab\u00a0la la\u00efcit\u00e9&nbsp;est un double principe: la libert\u00e9 des citoyens de croire ou de ne pas croire, la neutralit\u00e9 absolue des pouvoirs publics s\u2019agissant de faits religieux.\u00a0\u00bb<\/p><\/blockquote>\n\n\n\n<h3 class=\"wp-block-heading\">Le voile autoris\u00e9 pour les accompagnantes<\/h3>\n\n\n\n<p>A la suite de son allocution, le Premier ministre a soulign\u00e9 que dans le droit, l&rsquo;application de ces principes est claire. \u00ab\u00a0S\u2019agissant des agents du service public, ils sont astreints \u00e0 un strict devoir de neutralit\u00e9 qui leur interdit de manifester leurs croyances religieuses, comme d\u2019ailleurs leurs convictions politiques, par des signes ext\u00e9rieurs notamment vestimentaires\u00a0\u00bb, a-t-il rappel\u00e9.&nbsp;<\/p>\n\n\n\n<blockquote class=\"wp-block-quote is-layout-flow wp-block-quote-is-layout-flow\"><p>En revanche, en ce qui concerne les&nbsp;usagers du service public, \u00ab\u00a0ils ne sont pas soumis aux m\u00eame exigences pr\u00e9vues sauf exceptions pr\u00e9vues par la loi. Et il y en a une, tr\u00e8s importante, celle qui r\u00e9sulte de la loi du 15 mars 2004, qui a pos\u00e9 un principe tr\u00e8s clair, dans les \u00e9coles, les coll\u00e8ges, et les lyc\u00e9es publics. Le port de signes ou tenues par lesquels les \u00e9l\u00e8ves manifestent ostensiblement une appartenance religieuse est interdit.\u00a0\u00bb<\/p><\/blockquote>\n\n\n\n<p>De fait, en ce qui concerne les parents d&rsquo;\u00e9l\u00e8ves, \u00ab\u00a0on&nbsp;peut porter un voile quand on accompagne une sortie scolaire, mais on n\u2019a pas le droit de faire de pros\u00e9lytisme et les autorit\u00e9s doivent intervenir si c\u2019est le cas\u00a0\u00bb, a-t-il conclu.&nbsp;<\/p>\n","protected":false},"excerpt":{"rendered":"<p>nterpell\u00e9 sur la question du port du voile pour les accompagnantes de sorties scolaires, le Premier ministre a recadr\u00e9 un d\u00e9put\u00e9 sur l&rsquo;application de la loi.&nbsp; Interpell\u00e9 ce mardi \u00e0 l&rsquo;Assembl\u00e9e nationale par le d\u00e9put\u00e9 LR Jean-Louis Masson sur la question de la&nbsp;la\u00efcit\u00e9 et du&nbsp;port du voile pour les accompagnantes de sorties scolaires, quelques jours [&hellip;]<\/p>\n","protected":false},"author":2,"featured_media":13440,"comment_status":"open","ping_status":"open","sticky":false,"template":"","format":"standard","meta":{"_jetpack_memberships_contains_paid_content":false,"footnotes":"","jetpack_publicize_message":"","jetpack_publicize_feature_enabled":true,"jetpack_social_post_already_shared":true,"jetpack_social_options":{"image_generator_settings":{"template":"highway","default_image_id":0,"font":"","enabled":false},"version":2},"_wpas_customize_per_network":false},"categories":[405],"tags":[],"class_list":["post-13439","post","type-post","status-publish","format-standard","has-post-thumbnail","hentry","category-actu-france-monde"],"jetpack_publicize_connections":[],"jetpack_featured_media_url":"https:\/\/i0.wp.com\/www.iceagetv.com\/radiosite\/wp-content\/uploads\/2019\/10\/A-lAssembl%C3%A9e.jpg?fit=200%2C200&ssl=1","jetpack_sharing_enabled":true,"_links":{"self":[{"href":"https:\/\/www.iceagetv.com\/radiosite\/wp-json\/wp\/v2\/posts\/13439","targetHints":{"allow":["GET"]}}],"collection":[{"href":"https:\/\/www.iceagetv.com\/radiosite\/wp-json\/wp\/v2\/posts"}],"about":[{"href":"https:\/\/www.iceagetv.com\/radiosite\/wp-json\/wp\/v2\/types\/post"}],"author":[{"embeddable":true,"href":"https:\/\/www.iceagetv.com\/radiosite\/wp-json\/wp\/v2\/users\/2"}],"replies":[{"embeddable":true,"href":"https:\/\/www.iceagetv.com\/radiosite\/wp-json\/wp\/v2\/comments?post=13439"}],"version-history":[{"count":1,"href":"https:\/\/www.iceagetv.com\/radiosite\/wp-json\/wp\/v2\/posts\/13439\/revisions"}],"predecessor-version":[{"id":13441,"href":"https:\/\/www.iceagetv.com\/radiosite\/wp-json\/wp\/v2\/posts\/13439\/revisions\/13441"}],"wp:featuredmedia":[{"embeddable":true,"href":"https:\/\/www.iceagetv.com\/radiosite\/wp-json\/wp\/v2\/media\/13440"}],"wp:attachment":[{"href":"https:\/\/www.iceagetv.com\/radiosite\/wp-json\/wp\/v2\/media?parent=13439"}],"wp:term":[{"taxonomy":"category","embeddable":true,"href":"https:\/\/www.iceagetv.com\/radiosite\/wp-json\/wp\/v2\/categories?post=13439"},{"taxonomy":"post_tag","embeddable":true,"href":"https:\/\/www.iceagetv.com\/radiosite\/wp-json\/wp\/v2\/tags?post=13439"}],"curies":[{"name":"wp","href":"https:\/\/api.w.org\/{rel}","templated":true}]}}