{"id":13442,"date":"2019-10-15T16:53:46","date_gmt":"2019-10-15T16:53:46","guid":{"rendered":"http:\/\/www.iceagetv.com\/radiosite\/?p=13442"},"modified":"2019-10-15T16:53:51","modified_gmt":"2019-10-15T16:53:51","slug":"la-cathedrale-notre-dame-de-paris-va-licencier-38-salaries-le-diocese-de-paris-a-mis-en-place-un-plan-social-avec-laide-dun-cabinet-de-conseil-il-promet-daccompagner","status":"publish","type":"post","link":"https:\/\/www.iceagetv.com\/radiosite\/la-cathedrale-notre-dame-de-paris-va-licencier-38-salaries-le-diocese-de-paris-a-mis-en-place-un-plan-social-avec-laide-dun-cabinet-de-conseil-il-promet-daccompagner\/","title":{"rendered":"La cath\u00e9drale Notre-Dame de Paris va licencier 38 salari\u00e9s Le dioc\u00e8se de Paris a mis en place un plan social, avec l\u2019aide d\u2019un cabinet de conseil. Il promet \u00abd\u2019accompagner les salari\u00e9s jusqu\u2019au bout\u00bb."},"content":{"rendered":"\n<p>C\u2019est un des dommages collat\u00e9raux de l\u2019incendie qui a ravag\u00e9 Notre-Dame. Le dioc\u00e8se de Paris s\u2019appr\u00eate \u00e0 licencier 38 des salari\u00e9s employ\u00e9s par la cath\u00e9drale, \u00absur un total de 46 personnes\u00bb, selon la direction administrative et financi\u00e8re. Sacristains, personnels d\u2019accueil ou de s\u00e9curit\u00e9, mais aussi comptable, responsables de la boutique ou du nettoyage&#8230; La plupart des troupes de la cath\u00e9drale sont au ch\u00f4mage technique<a href=\"https:\/\/www.lefigaro.fr\/actualite-france\/six-mois-apres-l-incendie-de-notre-dame-de-paris-la-securite-assuree-selon-le-prefet-20191014\">\u00a0depuis le 15 avril et l\u2019incendie<\/a>. \u00abNous les avons r\u00e9mun\u00e9r\u00e9s jusqu\u2019au 31 ao\u00fbt, mais nous ne pouvons plus faire face\u00bb, indique le recteur de la cath\u00e9drale Patrick Chauvet, qui admet que le \u00abclimat est lourd\u00bb.<\/p>\n\n\n\n<p>Paradoxalement, jamais la cath\u00e9drale n\u2019a dispos\u00e9 d\u2019autant de fonds, puisque le montant des dons, des promesses de dons et du m\u00e9c\u00e9nat avoisinent d\u00e9sormais les 922 millions d\u2019euros. Mais cet argent a \u00e9t\u00e9 vers\u00e9 pour la restauration de l\u2019\u00e9difice et pour les abords de la cath\u00e9drale.<\/p>\n\n\n\n<p>L\u2019exercice du plan social est in\u00e9dit pour l\u2019\u00c9glise, qui se fait aider par un cabinet de conseil. Certains salari\u00e9s ont d\u00e9j\u00e0 \u00e9t\u00e9 reclass\u00e9s et une vingtaine fera l\u2019objet d\u2019un \u00abcontrat de s\u00e9curisation professionnel\u00bb, pendant un an, afin de les aider \u00e0 repenser un avenir professionnel.<br>Le dioc\u00e8se affirme avoir b\u00e2ti son plan social en accord avec les d\u00e9l\u00e9gu\u00e9s du personnel et l\u2019Inspection du travail. \u00abUne cath\u00e9drale c\u2019est une famille et nous allons accompagner les salari\u00e9s licenci\u00e9s jusqu\u2019au bout\u00bb, poursuit Patrick Chauvet.<\/p>\n","protected":false},"excerpt":{"rendered":"<p>C\u2019est un des dommages collat\u00e9raux de l\u2019incendie qui a ravag\u00e9 Notre-Dame. Le dioc\u00e8se de Paris s\u2019appr\u00eate \u00e0 licencier 38 des salari\u00e9s employ\u00e9s par la cath\u00e9drale, \u00absur un total de 46 personnes\u00bb, selon la direction administrative et financi\u00e8re. Sacristains, personnels d\u2019accueil ou de s\u00e9curit\u00e9, mais aussi comptable, responsables de la boutique ou du nettoyage&#8230; La plupart [&hellip;]<\/p>\n","protected":false},"author":2,"featured_media":13443,"comment_status":"open","ping_status":"open","sticky":false,"template":"","format":"standard","meta":{"_jetpack_memberships_contains_paid_content":false,"footnotes":"","jetpack_publicize_message":"","jetpack_publicize_feature_enabled":true,"jetpack_social_post_already_shared":true,"jetpack_social_options":{"image_generator_settings":{"template":"highway","default_image_id":0,"font":"","enabled":false},"version":2},"_wpas_customize_per_network":false},"categories":[405],"tags":[],"class_list":["post-13442","post","type-post","status-publish","format-standard","has-post-thumbnail","hentry","category-actu-france-monde"],"jetpack_publicize_connections":[],"jetpack_featured_media_url":"https:\/\/i0.wp.com\/www.iceagetv.com\/radiosite\/wp-content\/uploads\/2019\/10\/La-cath%C3%A9drale-Notre-Dame-de-Paris-va-licencier-38-salari%C3%A9s.jpg?fit=616%2C347&ssl=1","jetpack_sharing_enabled":true,"_links":{"self":[{"href":"https:\/\/www.iceagetv.com\/radiosite\/wp-json\/wp\/v2\/posts\/13442","targetHints":{"allow":["GET"]}}],"collection":[{"href":"https:\/\/www.iceagetv.com\/radiosite\/wp-json\/wp\/v2\/posts"}],"about":[{"href":"https:\/\/www.iceagetv.com\/radiosite\/wp-json\/wp\/v2\/types\/post"}],"author":[{"embeddable":true,"href":"https:\/\/www.iceagetv.com\/radiosite\/wp-json\/wp\/v2\/users\/2"}],"replies":[{"embeddable":true,"href":"https:\/\/www.iceagetv.com\/radiosite\/wp-json\/wp\/v2\/comments?post=13442"}],"version-history":[{"count":1,"href":"https:\/\/www.iceagetv.com\/radiosite\/wp-json\/wp\/v2\/posts\/13442\/revisions"}],"predecessor-version":[{"id":13444,"href":"https:\/\/www.iceagetv.com\/radiosite\/wp-json\/wp\/v2\/posts\/13442\/revisions\/13444"}],"wp:featuredmedia":[{"embeddable":true,"href":"https:\/\/www.iceagetv.com\/radiosite\/wp-json\/wp\/v2\/media\/13443"}],"wp:attachment":[{"href":"https:\/\/www.iceagetv.com\/radiosite\/wp-json\/wp\/v2\/media?parent=13442"}],"wp:term":[{"taxonomy":"category","embeddable":true,"href":"https:\/\/www.iceagetv.com\/radiosite\/wp-json\/wp\/v2\/categories?post=13442"},{"taxonomy":"post_tag","embeddable":true,"href":"https:\/\/www.iceagetv.com\/radiosite\/wp-json\/wp\/v2\/tags?post=13442"}],"curies":[{"name":"wp","href":"https:\/\/api.w.org\/{rel}","templated":true}]}}