{"id":13448,"date":"2019-10-16T11:01:16","date_gmt":"2019-10-16T11:01:16","guid":{"rendered":"http:\/\/www.iceagetv.com\/radiosite\/?p=13448"},"modified":"2019-10-16T11:01:21","modified_gmt":"2019-10-16T11:01:21","slug":"pays-bas-decouverte-dune-famille-ayant-vecu-9-ans-recluse-dans-une-cave-en-attendant-la-fin-des-temps","status":"publish","type":"post","link":"https:\/\/www.iceagetv.com\/radiosite\/pays-bas-decouverte-dune-famille-ayant-vecu-9-ans-recluse-dans-une-cave-en-attendant-la-fin-des-temps\/","title":{"rendered":"Pays-Bas: d\u00e9couverte d&rsquo;une famille ayant v\u00e9cu 9 ans recluse dans une cave en \u00ab\u00a0attendant la fin des temps\u00a0\u00bb"},"content":{"rendered":"\n<h2 class=\"wp-block-heading\">Une famille a \u00e9t\u00e9 d\u00e9couverte par la police n\u00e9erlandaise dans le sous-sol d&rsquo;une ferme isol\u00e9e du nord du pays o\u00f9 ils vivaient reclus depuis neuf ans pour, selon un m\u00e9dia, \u00ab\u00a0attendre la fin des temps\u00a0\u00bb.<\/h2>\n\n\n\n<p>Aux Pays-Bas, la police a indiqu\u00e9 ce mardi avoir d\u00e9couvert une famille vivait depuis recluse depuis neuf ans dans le sous-sol d&rsquo;une ferme pour \u00ab\u00a0attendre la fin des temps\u00a0\u00bb. Lors d&rsquo;une conf\u00e9rence de presse tenue plus tard dans la journ\u00e9e, le maire de la commune o\u00f9 la famille a \u00e9t\u00e9 trouv\u00e9e a fait \u00e9tat de la d\u00e9couverte au total de sept personnes dans le sous-sol.&nbsp;<\/p>\n\n\n\n<blockquote class=\"wp-block-quote is-layout-flow wp-block-quote-is-layout-flow\"><p>\u00ab\u00a0Je n&rsquo;ai jamais rien vu de tel auparavant\u00a0\u00bb, a confi\u00e9 Roger de Groot, le maire de Ruinerwold, village o\u00f9 se trouve la ferme perdue au milieu des champs et entour\u00e9e d&rsquo;arbres.<\/p><\/blockquote>\n\n\n\n<p>La police a annonc\u00e9 ce mardi dans un tweet avoir \u00ab\u00a0trouv\u00e9 six adultes, qui sont actuellement pris en charge\u00a0\u00bb. \u00ab\u00a0Tous les sc\u00e9narios sont encore ouverts. Une enqu\u00eate est en cours\u00a0\u00bb, a-t-elle ajout\u00e9.<\/p>\n\n\n\n<h3 class=\"wp-block-heading\">L&rsquo;un des fils a permis la d\u00e9couverte<\/h3>\n\n\n\n<p>C&rsquo;est l&rsquo;un des fils, \u00e2g\u00e9 d&rsquo;environ 25 ans, qui a permis cette d\u00e9couverte. Sale, v\u00eatu de vieux v\u00eatements, les cheveux en bataille, il s&rsquo;\u00e9tait rendu dimanche soir dans un bar du village dans un \u00e9tat \u00ab\u00a0confus\u00a0\u00bb, demandant de l&rsquo;aide, a racont\u00e9 le g\u00e9rant du caf\u00e9, Chris Westerbeek, \u00e0 la cha\u00eene locale RTV Drenthe. Le jeune homme a affirm\u00e9 ne pas \u00eatre sorti de la maison \u00ab\u00a0depuis neuf ans\u00a0\u00bb, a-t-il rapport\u00e9.<\/p>\n\n\n\n<blockquote class=\"wp-block-quote is-layout-flow wp-block-quote-is-layout-flow\"><p>\u00ab\u00a0Il a dit qu&rsquo;il n&rsquo;\u00e9tait jamais all\u00e9 \u00e0 l&rsquo;\u00e9cole et semblait tr\u00e8s confus. Il parlait d&rsquo;une mani\u00e8re enfantine\u00a0\u00bb, a poursuivi Chris Westerbeek, qui a appel\u00e9 la police apr\u00e8s que le jeune homme eut assur\u00e9 avoir besoin d&rsquo;une aide urgente.&nbsp; &nbsp;<\/p><\/blockquote>\n\n\n\n<p>Arriv\u00e9e sur les lieux, la police a arr\u00eat\u00e9 un homme de 58 ans, le locataire de la ferme, \u00ab\u00a0pour ne pas avoir coop\u00e9r\u00e9 \u00e0 l&rsquo;enqu\u00eate\u00a0\u00bb. Il ne s&rsquo;agissait cependant pas du p\u00e8re de famille. Les personnes d\u00e9couvertes \u00ab\u00a0avaient un mode de vie autarcique\u00a0\u00bb dans la propri\u00e9t\u00e9 depuis neuf ans, et plusieurs des enfants, d\u00e9sormais adultes, \u00ab\u00a0n&rsquo;ont pas \u00e9t\u00e9 inscrits dans le registre des naissances\u00a0\u00bb, a indiqu\u00e9 le maire.<br>&nbsp;&nbsp; &nbsp;<br>Selon RTV Drenthe, certaines des personnes d\u00e9couvertes \u00ab\u00a0n&rsquo;avaient aucune id\u00e9e de l&rsquo;existence d&rsquo;autres personnes\u00a0\u00bb dans le monde. La famille poss\u00e9dait un potager et d&rsquo;une ch\u00e8vre, d&rsquo;apr\u00e8s ce m\u00e9dia. La famille a \u00e9t\u00e9 relog\u00e9e dans un parc de vacances situ\u00e9 \u00e0 proximit\u00e9, selon les m\u00e9dias locaux.<\/p>\n","protected":false},"excerpt":{"rendered":"<p>Une famille a \u00e9t\u00e9 d\u00e9couverte par la police n\u00e9erlandaise dans le sous-sol d&rsquo;une ferme isol\u00e9e du nord du pays o\u00f9 ils vivaient reclus depuis neuf ans pour, selon un m\u00e9dia, \u00ab\u00a0attendre la fin des temps\u00a0\u00bb. Aux Pays-Bas, la police a indiqu\u00e9 ce mardi avoir d\u00e9couvert une famille vivait depuis recluse depuis neuf ans dans le [&hellip;]<\/p>\n","protected":false},"author":2,"featured_media":13449,"comment_status":"open","ping_status":"open","sticky":false,"template":"","format":"standard","meta":{"_jetpack_memberships_contains_paid_content":false,"footnotes":"","jetpack_publicize_message":"","jetpack_publicize_feature_enabled":true,"jetpack_social_post_already_shared":true,"jetpack_social_options":{"image_generator_settings":{"template":"highway","default_image_id":0,"font":"","enabled":false},"version":2},"_wpas_customize_per_network":false},"categories":[405],"tags":[],"class_list":["post-13448","post","type-post","status-publish","format-standard","has-post-thumbnail","hentry","category-actu-france-monde"],"jetpack_publicize_connections":[],"jetpack_featured_media_url":"https:\/\/i0.wp.com\/www.iceagetv.com\/radiosite\/wp-content\/uploads\/2019\/10\/Pays-Bas.jpg?fit=1000%2C600&ssl=1","jetpack_sharing_enabled":true,"_links":{"self":[{"href":"https:\/\/www.iceagetv.com\/radiosite\/wp-json\/wp\/v2\/posts\/13448","targetHints":{"allow":["GET"]}}],"collection":[{"href":"https:\/\/www.iceagetv.com\/radiosite\/wp-json\/wp\/v2\/posts"}],"about":[{"href":"https:\/\/www.iceagetv.com\/radiosite\/wp-json\/wp\/v2\/types\/post"}],"author":[{"embeddable":true,"href":"https:\/\/www.iceagetv.com\/radiosite\/wp-json\/wp\/v2\/users\/2"}],"replies":[{"embeddable":true,"href":"https:\/\/www.iceagetv.com\/radiosite\/wp-json\/wp\/v2\/comments?post=13448"}],"version-history":[{"count":1,"href":"https:\/\/www.iceagetv.com\/radiosite\/wp-json\/wp\/v2\/posts\/13448\/revisions"}],"predecessor-version":[{"id":13450,"href":"https:\/\/www.iceagetv.com\/radiosite\/wp-json\/wp\/v2\/posts\/13448\/revisions\/13450"}],"wp:featuredmedia":[{"embeddable":true,"href":"https:\/\/www.iceagetv.com\/radiosite\/wp-json\/wp\/v2\/media\/13449"}],"wp:attachment":[{"href":"https:\/\/www.iceagetv.com\/radiosite\/wp-json\/wp\/v2\/media?parent=13448"}],"wp:term":[{"taxonomy":"category","embeddable":true,"href":"https:\/\/www.iceagetv.com\/radiosite\/wp-json\/wp\/v2\/categories?post=13448"},{"taxonomy":"post_tag","embeddable":true,"href":"https:\/\/www.iceagetv.com\/radiosite\/wp-json\/wp\/v2\/tags?post=13448"}],"curies":[{"name":"wp","href":"https:\/\/api.w.org\/{rel}","templated":true}]}}