{"id":13452,"date":"2019-10-16T11:03:16","date_gmt":"2019-10-16T11:03:16","guid":{"rendered":"http:\/\/www.iceagetv.com\/radiosite\/?p=13452"},"modified":"2019-10-16T11:03:21","modified_gmt":"2019-10-16T11:03:21","slug":"voile-en-sortie-scolaire-emmanuel-macron-met-en-garde-contre-des-amalgames","status":"publish","type":"post","link":"https:\/\/www.iceagetv.com\/radiosite\/voile-en-sortie-scolaire-emmanuel-macron-met-en-garde-contre-des-amalgames\/","title":{"rendered":"Voile en sortie scolaire: Emmanuel Macron met en garde contre des \u00ab\u00a0amalgames\u00a0\u00bb"},"content":{"rendered":"\n<h2 class=\"wp-block-heading\">Refusant de s&rsquo;exprimer sur la question de la la\u00efcit\u00e9, le pr\u00e9sident de la R\u00e9publique tient \u00e0 rappeler qu&rsquo;il est \u00ab\u00a0irresponsable de stigmatiser une partie de la communaut\u00e9 nationale\u00a0\u00bb.<\/h2>\n\n\n\n<p>Apr\u00e8s plusieurs jours de pol\u00e9mique et de&nbsp;<a href=\"https:\/\/www.bfmtv.com\/politique\/voile-une-procedure-de-mediation-lancee-a-larem-apres-des-critiques-du-depute-tache-contreblanquer-1787649.html\" target=\"_blank\" rel=\"noreferrer noopener\">division au sein de la majorit\u00e9<\/a>, Emmanuel Macron n&rsquo;a toujours pas pris la parole sur la la\u00efcit\u00e9. L&rsquo;\u00c9lys\u00e9e a toutefois tenu \u00e0 rappeler \u00e0 BFMTV que le pr\u00e9sident refusait de \u00ab\u00a0faire des amalgames\u00a0\u00bb.<\/p>\n\n\n\n<blockquote class=\"wp-block-quote is-layout-flow wp-block-quote-is-layout-flow\"><p>Emmanuel Macron juge \u00ab\u00a0irresponsable de stigmatiser une partie de la communaut\u00e9 nationale et de faire des amalgames\u00a0\u00bb, pr\u00e9cise-t-on depuis le palais pr\u00e9sidentiel.<\/p><\/blockquote>\n\n\n\n<h3 class=\"wp-block-heading\">Pas de prise de parole programm\u00e9e pour l&rsquo;instant&nbsp;<\/h3>\n\n\n\n<p>A l&rsquo;Elys\u00e9e, on explique qu&rsquo;une prise de parole publique du chef de l&rsquo;Etat \u00e0 ce sujet n&rsquo;est pas pr\u00e9vue \u00e0 ce stade, m\u00eame si Emmanuel Macron sait qu&rsquo;il est attendu sur ces questions.\u00a0Prudent, il refuse d&rsquo;organiser un grand\u00a0discours g\u00e9n\u00e9ral sur la la\u00efcit\u00e9.<br>Il souhaite, en revanche,\u00a0<a rel=\"noreferrer noopener\" href=\"https:\/\/www.bfmtv.com\/politique\/laicite-ce-que-prepare-emmanuel-macron-1787803.html\" target=\"_blank\">recentrer le sujet autour de\u00a0trois d\u00e9bats diff\u00e9rents<\/a>.\u00a0Le premier sur la lutte contre la radicalisation, le second contre le communautarisme et le dernier sur la probl\u00e9matique de la structuration de l\u2019islam en France, afin de \u00ab\u00a0l\u2019ancrer r\u00e9solument dans la R\u00e9publique\u00a0\u00bb, indique l&rsquo;\u00c9lys\u00e9e.<\/p>\n","protected":false},"excerpt":{"rendered":"<p>Refusant de s&rsquo;exprimer sur la question de la la\u00efcit\u00e9, le pr\u00e9sident de la R\u00e9publique tient \u00e0 rappeler qu&rsquo;il est \u00ab\u00a0irresponsable de stigmatiser une partie de la communaut\u00e9 nationale\u00a0\u00bb. Apr\u00e8s plusieurs jours de pol\u00e9mique et de&nbsp;division au sein de la majorit\u00e9, Emmanuel Macron n&rsquo;a toujours pas pris la parole sur la la\u00efcit\u00e9. L&rsquo;\u00c9lys\u00e9e a toutefois tenu [&hellip;]<\/p>\n","protected":false},"author":2,"featured_media":13453,"comment_status":"open","ping_status":"open","sticky":false,"template":"","format":"standard","meta":{"_jetpack_memberships_contains_paid_content":false,"footnotes":"","jetpack_publicize_message":"","jetpack_publicize_feature_enabled":true,"jetpack_social_post_already_shared":true,"jetpack_social_options":{"image_generator_settings":{"template":"highway","default_image_id":0,"font":"","enabled":false},"version":2},"_wpas_customize_per_network":false},"categories":[405],"tags":[],"class_list":["post-13452","post","type-post","status-publish","format-standard","has-post-thumbnail","hentry","category-actu-france-monde"],"jetpack_publicize_connections":[],"jetpack_featured_media_url":"https:\/\/i0.wp.com\/www.iceagetv.com\/radiosite\/wp-content\/uploads\/2019\/10\/Voile-en-sortie-scolaire-Emmanuel-Macron.jpeg?fit=900%2C600&ssl=1","jetpack_sharing_enabled":true,"_links":{"self":[{"href":"https:\/\/www.iceagetv.com\/radiosite\/wp-json\/wp\/v2\/posts\/13452","targetHints":{"allow":["GET"]}}],"collection":[{"href":"https:\/\/www.iceagetv.com\/radiosite\/wp-json\/wp\/v2\/posts"}],"about":[{"href":"https:\/\/www.iceagetv.com\/radiosite\/wp-json\/wp\/v2\/types\/post"}],"author":[{"embeddable":true,"href":"https:\/\/www.iceagetv.com\/radiosite\/wp-json\/wp\/v2\/users\/2"}],"replies":[{"embeddable":true,"href":"https:\/\/www.iceagetv.com\/radiosite\/wp-json\/wp\/v2\/comments?post=13452"}],"version-history":[{"count":1,"href":"https:\/\/www.iceagetv.com\/radiosite\/wp-json\/wp\/v2\/posts\/13452\/revisions"}],"predecessor-version":[{"id":13454,"href":"https:\/\/www.iceagetv.com\/radiosite\/wp-json\/wp\/v2\/posts\/13452\/revisions\/13454"}],"wp:featuredmedia":[{"embeddable":true,"href":"https:\/\/www.iceagetv.com\/radiosite\/wp-json\/wp\/v2\/media\/13453"}],"wp:attachment":[{"href":"https:\/\/www.iceagetv.com\/radiosite\/wp-json\/wp\/v2\/media?parent=13452"}],"wp:term":[{"taxonomy":"category","embeddable":true,"href":"https:\/\/www.iceagetv.com\/radiosite\/wp-json\/wp\/v2\/categories?post=13452"},{"taxonomy":"post_tag","embeddable":true,"href":"https:\/\/www.iceagetv.com\/radiosite\/wp-json\/wp\/v2\/tags?post=13452"}],"curies":[{"name":"wp","href":"https:\/\/api.w.org\/{rel}","templated":true}]}}