{"id":13455,"date":"2019-10-17T07:59:34","date_gmt":"2019-10-17T07:59:34","guid":{"rendered":"http:\/\/www.iceagetv.com\/radiosite\/?p=13455"},"modified":"2019-10-17T07:59:40","modified_gmt":"2019-10-17T07:59:40","slug":"quatre-jours-apres-un-terrible-k-o-patrick-day-est-mort","status":"publish","type":"post","link":"https:\/\/www.iceagetv.com\/radiosite\/quatre-jours-apres-un-terrible-k-o-patrick-day-est-mort\/","title":{"rendered":"Quatre jours apr\u00e8s un terrible K.O., Patrick Day est mort"},"content":{"rendered":"\n<h2 class=\"wp-block-heading\">BOXE &#8211; Quatre jours apr\u00e8s avoir \u00e9t\u00e9 victime d&rsquo;un terrible K.O. qui a entra\u00een\u00e9 une l\u00e9sion c\u00e9r\u00e9brale s\u00e9v\u00e8re, l&rsquo;Am\u00e9ricain Patrick Day a perdu la vie \u00e0 l&rsquo;\u00e2ge de 27 ans, mercredi \u00e0 Chicago. C&rsquo;est d\u00e9j\u00e0 le troisi\u00e8me boxeur \u00e0 mourir des suites de blessures sur un ring cette ann\u00e9e.<\/h2>\n\n\n\n<p>Le boxeur am\u00e9ricain Patrick Day, qui \u00e9tait dans un \u00e9tat critique depuis le violent K.O. dont il a \u00e9t\u00e9 victime samedi soir, est mort \u00e0 27 ans mercredi des suites de sa l\u00e9sion c\u00e9r\u00e9brale, a annonc\u00e9 le promoteur de combats Lou DiBella.&nbsp;<em>\u00ab\u00a0Patrick Day est d\u00e9c\u00e9d\u00e9 le 16 octobre 2019, des suites de la l\u00e9sion c\u00e9r\u00e9brale traumatique qu&rsquo;il a subie dans son combat\u00a0\u00bb<\/em>&nbsp;des super-welters contre son compatriote Charles Conwell, indique le communiqu\u00e9.<\/p>\n\n\n\n<p><em>\u00ab\u00a0Il \u00e9tait entour\u00e9 de sa famille, d&rsquo;amis proches et de membres de son \u00e9quipe, dont son mentor, ami et entra\u00eeneur Joe Higgins. Au nom de la famille de Patrick, de son \u00e9quipe et de ses proches, nous sommes reconnaissants pour les pri\u00e8res, le soutien et les marques d&rsquo;amour adress\u00e9s \u00e0 Pat depuis sa blessure\u00a0\u00bb<\/em>, a poursuivi Lou DiBella.<\/p>\n\n\n\n<p>C&rsquo;est au 10e round que Patrick Day a subi son K.O., samedi soir dans la Wintrust Arena de Chicago, apr\u00e8s un terrible crochet gauche de Conwell, sa t\u00eate ayant heurt\u00e9 lourdement le tapis. Malmen\u00e9 durant tout le combat, il avait d\u00e9j\u00e0 vacill\u00e9 juste avant sur une droite de son adversaire. Patrick Day a \u00e9t\u00e9 \u00e9vacu\u00e9 inconscient sur une civi\u00e8re et transport\u00e9 \u00e0 l&rsquo;h\u00f4pital Norhtwestern Memorial de la ville, o\u00f9 il a ensuite subi en urgence une op\u00e9ration de chirurgie c\u00e9r\u00e9brale. Dans le coma depuis lors, il se trouvait dans le service de soins intensifs de l&rsquo;h\u00f4pital.<\/p>\n\n\n\n<h2 class=\"wp-block-heading\">Troisi\u00e8me boxeur mort cette ann\u00e9e<\/h2>\n\n\n\n<p>Ce combat marquait son retour sur un ring apr\u00e8s une d\u00e9faite en juin \u00e0 New York contre Carlos Adames, sa quatri\u00e8me en 22 combats durant sa carri\u00e8re professionnelle d\u00e9but\u00e9e en 2013.<\/p>\n\n\n\n<p>Day est au moins le troisi\u00e8me boxeur professionnel \u00e0 mourir des suites de blessures sur un ring cette ann\u00e9e. Le boxeur argentin Hugo Santillan est d\u00e9c\u00e9d\u00e9 en juillet apr\u00e8s un combat \u00e0 San Nicolas, juste au nord de Buenos Aires. Sa mort est survenue deux jours seulement apr\u00e8s celle du Russe Maxim Dadashev des suites d&rsquo;une l\u00e9sion c\u00e9r\u00e9brale subie au cours d&rsquo;un combat contre le Portoricain Subriel Matias dans le Maryland (est des Etats-Unis).<\/p>\n\n\n\n<p>Dans son communiqu\u00e9, M. DiBella a appel\u00e9 indirectement les autorit\u00e9s \u00e0 adopter des normes de s\u00e9curit\u00e9 plus strictes autour d&rsquo;un combat de boxe, sans entrer dans les d\u00e9tails.&nbsp;<em>\u00ab\u00a0Il est tr\u00e8s difficile d&rsquo;expliquer ou de justifier les dangers de la boxe dans un moment pareil (&#8230;) Cependant, l&rsquo;heure est venue de passer \u00e0 l&rsquo;action. Bien que nous n&rsquo;ayons pas les r\u00e9ponses, nous savons les nombreuses questions \u00e0 poser et nous avons les moyens d&rsquo;y r\u00e9pondre de mani\u00e8re responsable, pour rendre la boxe plus s\u00fbre pour tous les participants\u00a0\u00bb<\/em>, a-t-il \u00e9crit.<\/p>\n","protected":false},"excerpt":{"rendered":"<p>BOXE &#8211; Quatre jours apr\u00e8s avoir \u00e9t\u00e9 victime d&rsquo;un terrible K.O. qui a entra\u00een\u00e9 une l\u00e9sion c\u00e9r\u00e9brale s\u00e9v\u00e8re, l&rsquo;Am\u00e9ricain Patrick Day a perdu la vie \u00e0 l&rsquo;\u00e2ge de 27 ans, mercredi \u00e0 Chicago. C&rsquo;est d\u00e9j\u00e0 le troisi\u00e8me boxeur \u00e0 mourir des suites de blessures sur un ring cette ann\u00e9e. Le boxeur am\u00e9ricain Patrick Day, qui [&hellip;]<\/p>\n","protected":false},"author":2,"featured_media":13456,"comment_status":"open","ping_status":"open","sticky":false,"template":"","format":"standard","meta":{"_jetpack_memberships_contains_paid_content":false,"footnotes":"","jetpack_publicize_message":"","jetpack_publicize_feature_enabled":true,"jetpack_social_post_already_shared":true,"jetpack_social_options":{"image_generator_settings":{"template":"highway","default_image_id":0,"font":"","enabled":false},"version":2},"_wpas_customize_per_network":false},"categories":[18],"tags":[],"class_list":["post-13455","post","type-post","status-publish","format-standard","has-post-thumbnail","hentry","category-actu-sport"],"jetpack_publicize_connections":[],"jetpack_featured_media_url":"https:\/\/i0.wp.com\/www.iceagetv.com\/radiosite\/wp-content\/uploads\/2019\/10\/Patrick-Day.jpg?fit=1950%2C1096&ssl=1","jetpack_sharing_enabled":true,"_links":{"self":[{"href":"https:\/\/www.iceagetv.com\/radiosite\/wp-json\/wp\/v2\/posts\/13455","targetHints":{"allow":["GET"]}}],"collection":[{"href":"https:\/\/www.iceagetv.com\/radiosite\/wp-json\/wp\/v2\/posts"}],"about":[{"href":"https:\/\/www.iceagetv.com\/radiosite\/wp-json\/wp\/v2\/types\/post"}],"author":[{"embeddable":true,"href":"https:\/\/www.iceagetv.com\/radiosite\/wp-json\/wp\/v2\/users\/2"}],"replies":[{"embeddable":true,"href":"https:\/\/www.iceagetv.com\/radiosite\/wp-json\/wp\/v2\/comments?post=13455"}],"version-history":[{"count":1,"href":"https:\/\/www.iceagetv.com\/radiosite\/wp-json\/wp\/v2\/posts\/13455\/revisions"}],"predecessor-version":[{"id":13457,"href":"https:\/\/www.iceagetv.com\/radiosite\/wp-json\/wp\/v2\/posts\/13455\/revisions\/13457"}],"wp:featuredmedia":[{"embeddable":true,"href":"https:\/\/www.iceagetv.com\/radiosite\/wp-json\/wp\/v2\/media\/13456"}],"wp:attachment":[{"href":"https:\/\/www.iceagetv.com\/radiosite\/wp-json\/wp\/v2\/media?parent=13455"}],"wp:term":[{"taxonomy":"category","embeddable":true,"href":"https:\/\/www.iceagetv.com\/radiosite\/wp-json\/wp\/v2\/categories?post=13455"},{"taxonomy":"post_tag","embeddable":true,"href":"https:\/\/www.iceagetv.com\/radiosite\/wp-json\/wp\/v2\/tags?post=13455"}],"curies":[{"name":"wp","href":"https:\/\/api.w.org\/{rel}","templated":true}]}}