{"id":13458,"date":"2019-10-17T08:02:05","date_gmt":"2019-10-17T08:02:05","guid":{"rendered":"http:\/\/www.iceagetv.com\/radiosite\/?p=13458"},"modified":"2019-10-17T08:02:11","modified_gmt":"2019-10-17T08:02:11","slug":"offensive-en-syrie-la-colere-des-turcs-contre-donald-trump","status":"publish","type":"post","link":"https:\/\/www.iceagetv.com\/radiosite\/offensive-en-syrie-la-colere-des-turcs-contre-donald-trump\/","title":{"rendered":"Offensive en Syrie: la col\u00e8re des Turcs contre Donald Trump"},"content":{"rendered":"\n<h2 class=\"wp-block-heading\">Les menaces du pr\u00e9sident am\u00e9ricain sur l&rsquo;\u00e9conomie turque ont suscit\u00e9 l&rsquo;agacement de la population du sud-est du pays, comme BFMTV a pu le constater ce mercredi \u00e0 Mardin.&nbsp;<\/h2>\n\n\n\n<p>La&nbsp;<a href=\"https:\/\/www.bfmtv.com\/international\/ne-jouez-pas-au-dur-ne-faites-pas-l-idiot-la-lettre-surrealiste-de-trump-a-erdogan-1788858.html\"><strong>lettre adress\u00e9e par Donald Trump au pr\u00e9sident turc&nbsp;Recep Tayyip Erdogan<\/strong><\/a>, le 9 octobre dernier, au d\u00e9but de&nbsp;<a href=\"https:\/\/www.bfmtv.com\/international\/apres-son-offensive-critiquee-contre-les-kurdes-la-turquie-peut-elle-etre-exclue-de-l-otan-1787911.html\"><strong>l&rsquo;offensive d&rsquo;Ankara contre les Kurdes dans&nbsp;le nord-est de la Syrie<\/strong><\/a>, a filtr\u00e9. Dans son style caract\u00e9ristique, entre tournures na\u00efves et menaces ouvertes, le chef d&rsquo;Etat am\u00e9ricain y admoneste son homologue : il lui enjoint de ne pas \u00ab\u00a0jouer les durs\u00a0\u00bb, de \u00ab\u00a0ne pas faire l&rsquo;idiot\u00a0\u00bb, envisageant m\u00eame la \u00ab\u00a0destruction de l&rsquo;\u00e9conomie turque\u00a0\u00bb si Recep Tayyip Erdogan ne revient pas \u00e0 de meilleures intentions.<\/p>\n\n\n\n<p>Des mots qui ont du mal \u00e0 passer aupr\u00e8s d&rsquo;une population turque\u00a0chauff\u00e9e \u00e0 blanc et qui semble tr\u00e8s majoritairement se ranger derri\u00e8re son pr\u00e9sident. Tout pr\u00e8s de la fronti\u00e8re syrienne, dans les rues de Mardin, que BFMTV a pu\u00a0parcourir mercredi, les termes employ\u00e9s par les locaux pour \u00e9voquer Donald Trump\u00a0sont ac\u00e9r\u00e9s.<\/p>\n\n\n\n<blockquote class=\"wp-block-quote is-layout-flow wp-block-quote-is-layout-flow\"><p>Pardon mais Trump parle comme un enfant dans la rue qui veut d\u00e9cider de tout\u00a0\u00bb, lance Ercan, un commer\u00e7ant. \u00ab\u00a0Ce politicien a un discours et des actes indignes. S\u2019il a le dollar, nous avons Dieu.\u00a0\u00bb<\/p><\/blockquote>\n\n\n\n<h3 class=\"wp-block-heading\">\u00ab\u00a0Il n&rsquo;aura pas le courage de nous sanctionner\u00a0\u00bb&nbsp;<\/h3>\n\n\n\n<p>Apr\u00e8s avoir sembl\u00e9 donner&nbsp;son feu vert \u00e0 l&rsquo;op\u00e9ration turque, Donald Trump a depuis&nbsp;autoris\u00e9 des sanctions contre la Turquie.&nbsp;Selon le secr\u00e9taire am\u00e9ricain au Tr\u00e9sor Steven Mnuchin, d&rsquo;autres sanctions am\u00e9ricaines sont en pr\u00e9paration&nbsp;<a href=\"https:\/\/www.bfmtv.com\/international\/offensive-turque-en-syrie-pence-a-ankara-pour-arracher-un-cessez-le-feu-a-erdogan-1788905.html#page\/contribution\/index\">si un accord en vue d&rsquo;un cessez-le-feu n&rsquo;est pas trouv\u00e9<\/a>.<\/p>\n\n\n\n<blockquote class=\"wp-block-quote is-layout-flow wp-block-quote-is-layout-flow\"><p>La chose semble plut\u00f4t faire sourire Omar, coiffeur. Bravache, il avance: \u00ab\u00a0Il n\u2019aura pas le courage de nous sanctionner. Qu\u2019il le fasse, nous serons derri\u00e8re notre pr\u00e9sident.\u00a0\u00bb<\/p><\/blockquote>\n\n\n\n<p>Ahmed Kayaoglu, docteur en \u00e9conomie, est plus flegmatique. Pour lui, tout \u00e7a n&rsquo;est qu&rsquo;un grand jeu de dupes g\u00e9opolitique. \u00ab\u00a0Je pense qu\u2019il veut \u00e9viter que la Turquie ne d\u00e9passe les limites dans cette guerre mais sans l\u2019arr\u00eater pour autant. Et l\u2019Europe soutient l\u2019Am\u00e9rique en ce sens pour \u00e9viter qu\u2019Ankara n\u2019ouvre ses fronti\u00e8res aux r\u00e9fugi\u00e9s de son territoire\u00a0\u00bb, pose-t-il.<\/p>\n\n\n\n<p>Un jeu entre puissants qui p\u00e8se d\u00e9j\u00e0 lourd sur les \u00e9paules des civils.&nbsp;<a href=\"https:\/\/www.cnews.fr\/monde\/2019-10-16\/offensive-turque-en-syrie-en-direct-les-forces-kurdes-annoncent-le-gel-de-leurs\"><strong>Selon l&rsquo;ONU<\/strong><\/a>&nbsp;ce mercredi, on compte d\u00e9j\u00e0 160.000 r\u00e9fugi\u00e9s depuis le d\u00e9but de l&rsquo;offensive.&nbsp;<\/p>\n","protected":false},"excerpt":{"rendered":"<p>Les menaces du pr\u00e9sident am\u00e9ricain sur l&rsquo;\u00e9conomie turque ont suscit\u00e9 l&rsquo;agacement de la population du sud-est du pays, comme BFMTV a pu le constater ce mercredi \u00e0 Mardin.&nbsp; La&nbsp;lettre adress\u00e9e par Donald Trump au pr\u00e9sident turc&nbsp;Recep Tayyip Erdogan, le 9 octobre dernier, au d\u00e9but de&nbsp;l&rsquo;offensive d&rsquo;Ankara contre les Kurdes dans&nbsp;le nord-est de la Syrie, a [&hellip;]<\/p>\n","protected":false},"author":2,"featured_media":13459,"comment_status":"open","ping_status":"open","sticky":false,"template":"","format":"standard","meta":{"_jetpack_memberships_contains_paid_content":false,"footnotes":"","jetpack_publicize_message":"","jetpack_publicize_feature_enabled":true,"jetpack_social_post_already_shared":true,"jetpack_social_options":{"image_generator_settings":{"template":"highway","default_image_id":0,"font":"","enabled":false},"version":2},"_wpas_customize_per_network":false},"categories":[405],"tags":[],"class_list":["post-13458","post","type-post","status-publish","format-standard","has-post-thumbnail","hentry","category-actu-france-monde"],"jetpack_publicize_connections":[],"jetpack_featured_media_url":"https:\/\/i0.wp.com\/www.iceagetv.com\/radiosite\/wp-content\/uploads\/2019\/10\/Offensive-en-Syrie.png?fit=1256%2C708&ssl=1","jetpack_sharing_enabled":true,"_links":{"self":[{"href":"https:\/\/www.iceagetv.com\/radiosite\/wp-json\/wp\/v2\/posts\/13458","targetHints":{"allow":["GET"]}}],"collection":[{"href":"https:\/\/www.iceagetv.com\/radiosite\/wp-json\/wp\/v2\/posts"}],"about":[{"href":"https:\/\/www.iceagetv.com\/radiosite\/wp-json\/wp\/v2\/types\/post"}],"author":[{"embeddable":true,"href":"https:\/\/www.iceagetv.com\/radiosite\/wp-json\/wp\/v2\/users\/2"}],"replies":[{"embeddable":true,"href":"https:\/\/www.iceagetv.com\/radiosite\/wp-json\/wp\/v2\/comments?post=13458"}],"version-history":[{"count":1,"href":"https:\/\/www.iceagetv.com\/radiosite\/wp-json\/wp\/v2\/posts\/13458\/revisions"}],"predecessor-version":[{"id":13460,"href":"https:\/\/www.iceagetv.com\/radiosite\/wp-json\/wp\/v2\/posts\/13458\/revisions\/13460"}],"wp:featuredmedia":[{"embeddable":true,"href":"https:\/\/www.iceagetv.com\/radiosite\/wp-json\/wp\/v2\/media\/13459"}],"wp:attachment":[{"href":"https:\/\/www.iceagetv.com\/radiosite\/wp-json\/wp\/v2\/media?parent=13458"}],"wp:term":[{"taxonomy":"category","embeddable":true,"href":"https:\/\/www.iceagetv.com\/radiosite\/wp-json\/wp\/v2\/categories?post=13458"},{"taxonomy":"post_tag","embeddable":true,"href":"https:\/\/www.iceagetv.com\/radiosite\/wp-json\/wp\/v2\/tags?post=13458"}],"curies":[{"name":"wp","href":"https:\/\/api.w.org\/{rel}","templated":true}]}}