{"id":13464,"date":"2019-10-18T07:50:46","date_gmt":"2019-10-18T07:50:46","guid":{"rendered":"http:\/\/www.iceagetv.com\/radiosite\/?p=13464"},"modified":"2019-10-18T07:50:51","modified_gmt":"2019-10-18T07:50:51","slug":"ce-que-lon-sait-de-lattentat-inspire-du-11-septembre-dejoue-en-france","status":"publish","type":"post","link":"https:\/\/www.iceagetv.com\/radiosite\/ce-que-lon-sait-de-lattentat-inspire-du-11-septembre-dejoue-en-france\/","title":{"rendered":"Ce que l\u2019on sait de l\u2019attentat \u00ab\u00a0inspir\u00e9 du 11-Septembre\u00a0\u00bb d\u00e9jou\u00e9 en France"},"content":{"rendered":"\n<p>S\u00c9CURIT\u00c9 &#8211; Le ministre de l&rsquo;Int\u00e9rieur Christophe Castaner a affirm\u00e9 jeudi qu&rsquo;un \u00ab\u00a060e attentat\u00a0\u00bb avait \u00e9t\u00e9 d\u00e9jou\u00e9 en France depuis 2013, fin septembre, peu avant la tuerie \u00e0 la pr\u00e9fecture de police de Paris. Il s&rsquo;agissait d&rsquo;un projet de d\u00e9tournement d&rsquo;avion, selon le ministre de l&rsquo;Int\u00e9rieur. Le suspect, \u00e2g\u00e9 de 22 ans, a \u00e9t\u00e9 interpell\u00e9, mis en examen et \u00e9crou\u00e9 le 26 septembre.<\/p>\n\n\n\n<p>Un peu plus de quinze jours apr\u00e8s l\u2019attaque commise par Micka\u00ebl Harpon \u00e0 la pr\u00e9fecture de police de Paris, le ministre de l\u2019int\u00e9rieur a annonc\u00e9 jeudi soir sur France 2 &nbsp;qu\u2019il n\u2019y avait \u00ab\u00a0pas eu d&rsquo;attentat d\u00e9jou\u00e9 depuis le 3 octobre\u00a0\u00bb.&nbsp;<\/p>\n\n\n\n<p>En revanche, a ajout\u00e9 le ministre, \u00ab\u00a0juste avant\u00a0\u00bb cette date, un \u00ab\u00a060e attentat\u00a0\u00bb depuis 2013 a \u00e9t\u00e9 \u00ab\u00a0d\u00e9jou\u00e9\u00a0\u00bb par les services de renseignement. Voici ce que l\u2019on sait de ce projet, qui n\u2019a heureusement jamais abouti&nbsp;.&nbsp;<\/p>\n\n\n\n<h3 class=\"wp-block-heading\">\u00ab\u00a0S\u2019inspirer du 11-Septembre\u00a0\u00bb<\/h3>\n\n\n\n<p>Le ministre de l\u2019Int\u00e9rieur, premier \u00e0 \u00e9voquer cet attentat d\u00e9jou\u00e9, a ainsi expliqu\u00e9 dans l\u2019\u00e9mission \u00ab\u00a0Vous avez la parole\u00a0\u00bb que le projet de cet individu \u00e9tait de \u00ab\u00a0s&rsquo;inspirer du 11 septembre 2001 aux Etats-Unis et des avions qui ont d\u00e9truit les tours du World Trade Center\u00a0\u00bb.&nbsp;<\/p>\n\n\n\n<p>Selon nos informations, ce jeune homme aurait \u00e9voqu\u00e9 ce projet dans des discussions avec un ami. Il aurait notamment indiqu\u00e9 qu&rsquo;il voulait \u00ab\u00a0d\u00e9tourner un avion\u00a0\u00bb. \u00ab\u00a0C\u2019\u00e9tait son projet, il \u00e9tait en train de s\u2019organiser comme cela\u00a0\u00bb, a confirm\u00e9 le ministre.\u00a0<\/p>\n\n\n\n<h3 class=\"wp-block-heading\">Il cherchait des armes<\/h3>\n\n\n\n<p>Suite \u00e0 ces menaces orales, ce jeune homme a \u00e9t\u00e9 plac\u00e9 sous surveillance. La Direction g\u00e9n\u00e9rale de la s\u00e9curit\u00e9 int\u00e9rieure (DGSI) a alors pu \u00e9tablir que ce dernier rencontrait apparemment de grandes difficult\u00e9s \u00e0 mettre en \u0153uvre et \u00e0 concevoir son projet initial.&nbsp;<\/p>\n\n\n\n<p>Il aurait alors revu ses plans, et d\u00e9cid\u00e9 de se procurer des armes \u00ab\u00a0de mani\u00e8re classique\u00a0\u00bb, selon une source. Si le mode op\u00e9ratoire est revu, l&rsquo;objectif du jeune homme serait rest\u00e9 le m\u00eame : attaquer la France. &nbsp;<\/p>\n\n\n\n<h3 class=\"wp-block-heading\">Interpell\u00e9 en banlieue parisienne<\/h3>\n\n\n\n<p>Le suspect, \u00e2g\u00e9 de 22 ans et originaire des Hauts-de-Seine) a finalement \u00e9t\u00e9 interpell\u00e9 fin septembre en banlieue parisienne. Il a \u00e9t\u00e9 mis en examen le 26 septembre pour \u00ab\u00a0association de malfaiteurs terroriste\u00a0\u00bb et \u00e9crou\u00e9.&nbsp;<\/p>\n","protected":false},"excerpt":{"rendered":"<p>S\u00c9CURIT\u00c9 &#8211; Le ministre de l&rsquo;Int\u00e9rieur Christophe Castaner a affirm\u00e9 jeudi qu&rsquo;un \u00ab\u00a060e attentat\u00a0\u00bb avait \u00e9t\u00e9 d\u00e9jou\u00e9 en France depuis 2013, fin septembre, peu avant la tuerie \u00e0 la pr\u00e9fecture de police de Paris. Il s&rsquo;agissait d&rsquo;un projet de d\u00e9tournement d&rsquo;avion, selon le ministre de l&rsquo;Int\u00e9rieur. Le suspect, \u00e2g\u00e9 de 22 ans, a \u00e9t\u00e9 interpell\u00e9, [&hellip;]<\/p>\n","protected":false},"author":2,"featured_media":13465,"comment_status":"open","ping_status":"open","sticky":false,"template":"","format":"standard","meta":{"_jetpack_memberships_contains_paid_content":false,"footnotes":"","jetpack_publicize_message":"","jetpack_publicize_feature_enabled":true,"jetpack_social_post_already_shared":true,"jetpack_social_options":{"image_generator_settings":{"template":"highway","default_image_id":0,"font":"","enabled":false},"version":2},"_wpas_customize_per_network":false},"categories":[405],"tags":[],"class_list":["post-13464","post","type-post","status-publish","format-standard","has-post-thumbnail","hentry","category-actu-france-monde"],"jetpack_publicize_connections":[],"jetpack_featured_media_url":"https:\/\/i0.wp.com\/www.iceagetv.com\/radiosite\/wp-content\/uploads\/2019\/10\/20191018-0735-d8a8ac-0%401x.jpeg?fit=1024%2C576&ssl=1","jetpack_sharing_enabled":true,"_links":{"self":[{"href":"https:\/\/www.iceagetv.com\/radiosite\/wp-json\/wp\/v2\/posts\/13464","targetHints":{"allow":["GET"]}}],"collection":[{"href":"https:\/\/www.iceagetv.com\/radiosite\/wp-json\/wp\/v2\/posts"}],"about":[{"href":"https:\/\/www.iceagetv.com\/radiosite\/wp-json\/wp\/v2\/types\/post"}],"author":[{"embeddable":true,"href":"https:\/\/www.iceagetv.com\/radiosite\/wp-json\/wp\/v2\/users\/2"}],"replies":[{"embeddable":true,"href":"https:\/\/www.iceagetv.com\/radiosite\/wp-json\/wp\/v2\/comments?post=13464"}],"version-history":[{"count":1,"href":"https:\/\/www.iceagetv.com\/radiosite\/wp-json\/wp\/v2\/posts\/13464\/revisions"}],"predecessor-version":[{"id":13466,"href":"https:\/\/www.iceagetv.com\/radiosite\/wp-json\/wp\/v2\/posts\/13464\/revisions\/13466"}],"wp:featuredmedia":[{"embeddable":true,"href":"https:\/\/www.iceagetv.com\/radiosite\/wp-json\/wp\/v2\/media\/13465"}],"wp:attachment":[{"href":"https:\/\/www.iceagetv.com\/radiosite\/wp-json\/wp\/v2\/media?parent=13464"}],"wp:term":[{"taxonomy":"category","embeddable":true,"href":"https:\/\/www.iceagetv.com\/radiosite\/wp-json\/wp\/v2\/categories?post=13464"},{"taxonomy":"post_tag","embeddable":true,"href":"https:\/\/www.iceagetv.com\/radiosite\/wp-json\/wp\/v2\/tags?post=13464"}],"curies":[{"name":"wp","href":"https:\/\/api.w.org\/{rel}","templated":true}]}}