{"id":13467,"date":"2019-10-18T18:24:28","date_gmt":"2019-10-18T18:24:28","guid":{"rendered":"http:\/\/www.iceagetv.com\/radiosite\/?p=13467"},"modified":"2019-10-18T18:24:33","modified_gmt":"2019-10-18T18:24:33","slug":"isabelle-et-patrick-balkany-condamnes-a-quatre-ans-et-cinq-ans-de-prison","status":"publish","type":"post","link":"https:\/\/www.iceagetv.com\/radiosite\/isabelle-et-patrick-balkany-condamnes-a-quatre-ans-et-cinq-ans-de-prison\/","title":{"rendered":"Isabelle et Patrick Balkany condamn\u00e9s \u00e0 quatre ans et cinq ans de prison"},"content":{"rendered":"\n<p><a href=\"https:\/\/www.liberation.fr\/direct\/element\/isabelle-et-patrick-balkany-condamnes-a-quatre-ans-et-cinq-ans-de-prison_104186\/\">Proc\u00e8s.<\/a><\/p>\n\n\n\n<p>Isabelle Balkany, premi\u00e8re adjointe et \u00e9pouse du maire de Levallois-Perret, a \u00e9t\u00e9 condamn\u00e9e \u00e0 quatre ans de prison ferme, sans mandat de d\u00e9p\u00f4t, et dix ans d&rsquo;in\u00e9gibilit\u00e9 pour blanchiment aggrav\u00e9 de fraude fiscale.&nbsp;<a href=\"https:\/\/www.liberation.fr\/france\/2019\/09\/13\/balkany-du-barreau-de-chaise-aux-vrais-barreaux_1751252\">Elle avait d\u00e9j\u00e0 \u00e9t\u00e9 condamn\u00e9e \u00e0 trois ans de prison ferme et dix ans d&rsquo;in\u00e9gibilit\u00e9 le 13 septembre pour fraude fiscale, sans mandat de d\u00e9p\u00f4t<\/a>. Elle avait fait appel et repris dans la foul\u00e9e les r\u00eanes de la mairie de Levallois (Hauts-de-Seine) pour assurer l&rsquo;int\u00e9rim de son \u00e9poux incarc\u00e9r\u00e9. Cette fois encore, l&rsquo;\u00e9lue va faire appel.<\/p>\n\n\n\n<p>Patrick Balkany, lui, a \u00e9t\u00e9 relax\u00e9 pour corruption mais condamn\u00e9 \u00e0 cinq ans de prison pour blanchiment, avec mandat de d\u00e9p\u00f4t. Le baron des Hauts-de-Seine, \u00e2g\u00e9 de 71 ans, n&rsquo;\u00e9tait pas pr\u00e9sent au tribunal correctionnel de Paris, ayant refus\u00e9 dans la matin\u00e9e d&rsquo;\u00eatre extrait de sa cellule de la prison de la Sant\u00e9, o\u00f9 il est incarc\u00e9r\u00e9 depuis sa condamnation \u00e0 quatre ans de prison pour fraude fiscale le 13 septembre. Il a en outre \u00e9t\u00e9 condamn\u00e9 une nouvelle fois \u00e0 dix ans d&rsquo;in\u00e9ligibilit\u00e9.<\/p>\n","protected":false},"excerpt":{"rendered":"<p>Proc\u00e8s. Isabelle Balkany, premi\u00e8re adjointe et \u00e9pouse du maire de Levallois-Perret, a \u00e9t\u00e9 condamn\u00e9e \u00e0 quatre ans de prison ferme, sans mandat de d\u00e9p\u00f4t, et dix ans d&rsquo;in\u00e9gibilit\u00e9 pour blanchiment aggrav\u00e9 de fraude fiscale.&nbsp;Elle avait d\u00e9j\u00e0 \u00e9t\u00e9 condamn\u00e9e \u00e0 trois ans de prison ferme et dix ans d&rsquo;in\u00e9gibilit\u00e9 le 13 septembre pour fraude fiscale, sans [&hellip;]<\/p>\n","protected":false},"author":2,"featured_media":13468,"comment_status":"open","ping_status":"open","sticky":false,"template":"","format":"standard","meta":{"_jetpack_memberships_contains_paid_content":false,"footnotes":"","jetpack_publicize_message":"","jetpack_publicize_feature_enabled":true,"jetpack_social_post_already_shared":true,"jetpack_social_options":{"image_generator_settings":{"template":"highway","default_image_id":0,"font":"","enabled":false},"version":2},"_wpas_customize_per_network":false},"categories":[405],"tags":[],"class_list":["post-13467","post","type-post","status-publish","format-standard","has-post-thumbnail","hentry","category-actu-france-monde"],"jetpack_publicize_connections":[],"jetpack_featured_media_url":"https:\/\/i0.wp.com\/www.iceagetv.com\/radiosite\/wp-content\/uploads\/2019\/10\/Isabelle-et-Patrick-Balkany.jpg?fit=975%2C649&ssl=1","jetpack_sharing_enabled":true,"_links":{"self":[{"href":"https:\/\/www.iceagetv.com\/radiosite\/wp-json\/wp\/v2\/posts\/13467","targetHints":{"allow":["GET"]}}],"collection":[{"href":"https:\/\/www.iceagetv.com\/radiosite\/wp-json\/wp\/v2\/posts"}],"about":[{"href":"https:\/\/www.iceagetv.com\/radiosite\/wp-json\/wp\/v2\/types\/post"}],"author":[{"embeddable":true,"href":"https:\/\/www.iceagetv.com\/radiosite\/wp-json\/wp\/v2\/users\/2"}],"replies":[{"embeddable":true,"href":"https:\/\/www.iceagetv.com\/radiosite\/wp-json\/wp\/v2\/comments?post=13467"}],"version-history":[{"count":1,"href":"https:\/\/www.iceagetv.com\/radiosite\/wp-json\/wp\/v2\/posts\/13467\/revisions"}],"predecessor-version":[{"id":13469,"href":"https:\/\/www.iceagetv.com\/radiosite\/wp-json\/wp\/v2\/posts\/13467\/revisions\/13469"}],"wp:featuredmedia":[{"embeddable":true,"href":"https:\/\/www.iceagetv.com\/radiosite\/wp-json\/wp\/v2\/media\/13468"}],"wp:attachment":[{"href":"https:\/\/www.iceagetv.com\/radiosite\/wp-json\/wp\/v2\/media?parent=13467"}],"wp:term":[{"taxonomy":"category","embeddable":true,"href":"https:\/\/www.iceagetv.com\/radiosite\/wp-json\/wp\/v2\/categories?post=13467"},{"taxonomy":"post_tag","embeddable":true,"href":"https:\/\/www.iceagetv.com\/radiosite\/wp-json\/wp\/v2\/tags?post=13467"}],"curies":[{"name":"wp","href":"https:\/\/api.w.org\/{rel}","templated":true}]}}