{"id":13470,"date":"2019-10-18T18:27:57","date_gmt":"2019-10-18T18:27:57","guid":{"rendered":"http:\/\/www.iceagetv.com\/radiosite\/?p=13470"},"modified":"2019-10-18T18:28:03","modified_gmt":"2019-10-18T18:28:03","slug":"catalogne-du-rose-au-noir-quels-scenarios-pour-une-sortie-de-crise","status":"publish","type":"post","link":"https:\/\/www.iceagetv.com\/radiosite\/catalogne-du-rose-au-noir-quels-scenarios-pour-une-sortie-de-crise\/","title":{"rendered":"Catalogne : Du \u00ab rose \u00bb au \u00ab noir \u00bb, quels sc\u00e9narios pour une sortie de crise ?"},"content":{"rendered":"\n<ul class=\"wp-block-list\"><li>Depuis lundi, des \u00e9meutes ont lieu \u00e0 Barcelone et en Catalogne pour protester contre la condamnation \u00e0 de lourdes de peines de prison des dirigeants et dirigeantes catalans qui avaient prononc\u00e9 l\u2019ind\u00e9pendance la r\u00e9gion il y a deux ans.<\/li><li>Une manifestation monstre a eu lieu ce vendredi.<\/li><li>Le dialogue est depuis longtemps rompu entre ind\u00e9pendantistes, toujours au pouvoir \u00e0 Barcelone, et le gouvernement central \u00e0 Madrid, plong\u00e9 en pleine campagne \u00e9lectorale.<\/li><li>Une partie de la base ind\u00e9pendantiste se radicalise, comme de l\u2019autre c\u00f4t\u00e9, ce qui laisse une sortie de crise rapide umprobable.&nbsp;<em>20 Minutes&nbsp;<\/em>passe en revue les options.<\/li><\/ul>\n\n\n\n<p><a href=\"https:\/\/www.20minutes.fr\/dossier\/barcelone\">Barcelone&nbsp;<\/a>a connu sa quatri\u00e8me nuit en sang, dehors. Les Catalans et Catalanes ind\u00e9pendantistes sont tous les soirs dans la rue depuis lundi.&nbsp;<a href=\"https:\/\/www.20minutes.fr\/monde\/2627419-20191014-catalogne-peines-allant-jusqu-treize-ans-prison-independantistes-catalans\">Depuis les s\u00e9v\u00e8res condamnations<\/a>, de neuf \u00e0 treize ans de prison ferme, prononc\u00e9es par la cour&nbsp;supr\u00eame espagnole contre les principaux dirigeants et dirigeantes ind\u00e9pendantistes qui ont d\u00e9clar\u00e9, unilat\u00e9ralement, l\u2019ind\u00e9pendance de la r\u00e9gion, en octobre&nbsp;2017.<\/p>\n\n\n\n<p>Incendies, barricades enflamm\u00e9s et m\u00eame affrontements avec la police rythment\u00a0les nuits de la capitale catalane, notamment. Ce vendredi, les manifestants et manifestantes ont converg\u00e9 vers Barcelone\u00a0pour une grande manifestation et une gr\u00e8ve g\u00e9n\u00e9rale. Le dialogue est au point mort entre les ind\u00e9pendantistes, toujours au pouvoir localement, et le pouvoir central espagnol, depuis deux ans, et les\u00a0<a href=\"https:\/\/www.20minutes.fr\/societe\/2631095-20191018-catalogne-impossible-rejoindre-espagne-depuis-autoroute-a9\">tensions\u00a0s\u2019aggravent<\/a>.\u00a0<em>20 Minutes<\/em>\u00a0a tent\u00e9 de voir quels sont sc\u00e9narios de sortie de crise, dans une situation o\u00f9 \u00ab\u00a0tout est possible\u00a0\u00bb, dit le g\u00e9opolitologue Philippe Moreau-Defarge.<\/p>\n\n\n\n<h2 class=\"wp-block-heading\">Le sc\u00e9nario \u00ab&nbsp;rose&nbsp;\u00bb<\/h2>\n\n\n\n<p>On n\u2019en prend pas vraiment le chemin. Ce sc\u00e9nario impliquerait \u00ab&nbsp;un dialogue rationnel et raisonnable entre Madrid et les ind\u00e9pendantistes catalans et la d\u00e9cision de la cour supr\u00eame bloque compl\u00e8tement cette perspective&nbsp;\u00bb, estime, pour&nbsp;<em>20 Minutes<\/em>, Philippe Moreau-Defarge, auteur de&nbsp;<em>La paix demain<\/em>, \u00e0 para\u00eetre chez Odile Jacob.<\/p>\n\n\n\n<p>Succ\u00e9dant au&nbsp;gouvernement PP (droite) de Mariano Rajoy, tr\u00e8s intransigeant sur la question catalane, le socialiste Pedro Sanchez avait bien tent\u00e9 de renouer le dialogue avec les partis catalans (ERC, \u00e0 gauche et JxC, \u00e0 droite). D\u2019ailleurs, quand il prend le pouvoir via une motion de censure, en juin&nbsp;2018, il a leur soutien. Mais c\u2019est le retrait de ce soutien qui a provoqu\u00e9 les \u00e9lections l\u00e9gislatives d\u2019avril.<\/p>\n\n\n\n<p>ERC et d\u2019autres font m\u00eame du vote d\u2019une loi d\u2019amnistie pour les dirigeants et dirigeantes condamn\u00e9es un pr\u00e9alable \u00e0 un retour au dialogue. \u00ab&nbsp;Est-ce que les choses vont changer dans l\u2019imm\u00e9diat&nbsp;?&nbsp;Non, dit \u00e0&nbsp;<em>20 Minutes<\/em>&nbsp;Jean-Jacques Kourliandsky, chercheur \u00e0 l\u2019Iris et \u00e0 la Fondation Jean-Jaur\u00e8s.&nbsp;Car il y a des \u00e9lections g\u00e9n\u00e9rales le 10&nbsp;novembre. Cet \u00e9l\u00e9ment va certainement \u00eatre utilis\u00e9 par les&nbsp;<a href=\"https:\/\/www.20minutes.fr\/monde\/2601635-20190911-espagne-proces-manifestations-prudence-deux-camps-o-course-independance-catalogne\">ind\u00e9pendantistes et les plus nationaliste<\/a>s du c\u00f4t\u00e9 espagnol.&nbsp;\u00bb<\/p>\n\n\n\n<h2 class=\"wp-block-heading\">Le sc\u00e9nario de la fuite en avant ind\u00e9pendantiste<\/h2>\n\n\n\n<p>\u00ab&nbsp;On serait dans cette situation si les ind\u00e9pendantistes faisaient \u00e0 nouveau un geste fort, comme l\u2019organisation d\u2019un nouveau r\u00e9f\u00e9rendum plus ou moins clandestin&nbsp;\u00bb, dit Philippe Moreau-Defarge. \u00ab&nbsp;Ce serait r\u00e9p\u00e9ter&nbsp;ce qui vient de se produire, pense Jean-Jacques Kourlandsky.&nbsp;Il y a des divergences d\u2019appr\u00e9ciations au sein des ind\u00e9pendantistes&nbsp;:&nbsp;au parlement, o\u00f9 ils ont une majorit\u00e9 th\u00e9orique, ils n\u2019ont pas \u00e9t\u00e9 capables de voter une r\u00e9solution commune.&nbsp;\u00bb<\/p>\n\n\n\n<p>Effectivement, l\u2019unit\u00e9, d\u00e9j\u00e0 bien entam\u00e9e, des ind\u00e9pendantistes catalans, para\u00eet, pour le moment, exclure cette option. Quim Torra, le pr\u00e9sident de la Catalogne, et les&nbsp;conservateurs de JxC, convertis de plus fra\u00eeche date qu\u2019ERC \u00e0 la cause ind\u00e9pendantiste, semblent vouloir organiser un nouveau r\u00e9f\u00e9rendum d\u2019ici deux ans. Pour ERC, c\u2019est une folie, \u00ab&nbsp;il n\u2019est pas temps de mettre des dates&nbsp;\u00bb, dit-on.<\/p>\n\n\n\n<p>Seulement, les violences des nuits derni\u00e8res et la gr\u00e8ve g\u00e9n\u00e9rale de vendredi montrent bien que l\u2019establishment&nbsp;<a href=\"https:\/\/www.20minutes.fr\/monde\/2361939-20181028-catalogne-an-apres-echec-secession-puigdemont-lance-parti\">ind\u00e9pendantiste<\/a>\u200b se fait d\u00e9passer par une partie de sa base. Les violences \u00ab&nbsp;sont le fait des \u00e9l\u00e9ments les plus radicalis\u00e9s, autour des comit\u00e9s de d\u00e9fense de l\u2019ind\u00e9pendance et du parti d\u2019extr\u00eame gauche ind\u00e9pendantiste CUP&nbsp;\u00bb, explique le chercheur de l\u2019Iris. Une partie plus radicale, mais tout aussi structur\u00e9e. Depuis le d\u00e9but du processus, il y a pr\u00e8s de dix ans, une partie de la soci\u00e9t\u00e9 civile&nbsp;s\u2019est organis\u00e9e en associations, comme la puissante Assembl\u00e9e&nbsp;nationale catalane (ANC). C\u2019est notamment elle qui organise le 11&nbsp;septembre les&nbsp;manifestations, souvent massives, de la \u00ab&nbsp;Diada&nbsp;\u00bb, la f\u00eate nationale locale.<\/p>\n\n\n\n<h2 class=\"wp-block-heading\">Le sc\u00e9nario de la fuite en avant de Madrid<\/h2>\n\n\n\n<p>Il n\u2019y a pas des jusqu\u2019au-boutistes&nbsp;qu\u2019\u00e0 Barcelone, il y en a aussi \u00e0 Madrid. Pour le moment, ils ne sont pas au pouvoir \u2013 \u00ab&nbsp;le gouvernement actuel est plut\u00f4t prudent&nbsp;\u00bb, dit Philippe Moreau-Defarge. Il n\u2019est donc a priori pas question pour Pedro Sanchez, d\u2019utiliser l\u2019article&nbsp;155 de la constitution pour suspendre l\u2019autonomie de la Catalogne. C\u2019est ce qu\u2019avait fait Mariano Rajoy apr\u00e8s la proclamation d\u2019ind\u00e9pendance, en octobre&nbsp;2017.<\/p>\n\n\n\n<p>Utiliser cette arme jetterait \u00ab&nbsp;encore plus d\u2019huile sur le feu que la d\u00e9cision de la cour supr\u00eame. Le gouvernement h\u00e9sitera \u00e0 utiliser ce genre de m\u00e9thodes. C\u2019est presque de l\u2019irresponsabilit\u00e9&nbsp;\u00bb. Mais dans un contexte de campagne \u00e9lectorale&nbsp;?&nbsp;En r\u00e9alit\u00e9, Sanchez a beaucoup \u00e0 perdre&nbsp;:&nbsp;la confiance de ses alli\u00e9s potentiels de Podemos (plut\u00f4t contre l\u2019ind\u00e9pendance mais qui souhaitent l\u2019organisation d\u2019un r\u00e9f\u00e9rendum) et puis aussi des d\u00e9put\u00e9s. D\u2019apr\u00e8s les sondages, son parti, le PSOE, retrouve des couleurs in\u00e9dites depuis une d\u00e9cennie dans la r\u00e9gion, qui fut longtemps un bastion.<\/p>\n\n\n\n<p>En face, la pouss\u00e9e du parti d\u2019extr\u00eame droite Vox est aussi une r\u00e9action \u00e0 la fi\u00e8vre ind\u00e9pendantiste catalane. Le parti, r\u00e9actionnaire et r\u00e9trograde sur bien des th\u00e8mes, est notamment favorable \u00e0 une recentralisation des pouvoirs de toutes les r\u00e9gions vers Madrid. Il a tir\u00e9 vers lui sur cette question&nbsp;le PP&nbsp;et Ciudadanos (centre-droit), favorables \u00e0 l\u2019application de l\u2019article&nbsp;155.<\/p>\n\n\n\n<h2 class=\"wp-block-heading\">Le sc\u00e9nario royal<\/h2>\n\n\n\n<p>\u00ab&nbsp;Totalement improbable mais le plus int\u00e9ressant&nbsp;\u00bb&nbsp;:&nbsp;Philippe Moreau-Defarge imagine l\u2019intervention du roi, Felipe V. \u00ab&nbsp;Dans une monarchie il y a un roi qui, en principe, est une sorte d\u2019arbitre supr\u00eame quand les situations sont graves. Donc, le roi pourrait dire que, face \u00e0 cette situation extr\u00eamement grave il faut faire un geste fort. Le seul qu\u2019il pourrait faire&nbsp;c\u2019est de gracier les ind\u00e9pendantistes.&nbsp;\u00bb<\/p>\n\n\n\n<p>Jusque-l\u00e0, le roi d\u2019Espagne ne s\u2019est pas d\u00e9marqu\u00e9 par sa souplesse dans l\u2019affaire catalane, ce qui a encore plus terni son image dans la r\u00e9gion. La paralysie presque totale de la vie politique catalane et m\u00eame espagnole peut-elle le faire changer d\u2019avis&nbsp;?&nbsp;Si aucune majorit\u00e9 n\u2019a pu \u00eatre trouv\u00e9e apr\u00e8s les \u00e9lections d\u2019avril \u2013 ce qui provoque les quatri\u00e8mes \u00e9lections l\u00e9gislatives en moins de quatre ans \u2013 c\u2019est, en partie, parce qu\u2019aucun parti ne veut adoucir sa position sur la question catalane. Les manifestations monstres de ce vendredi peuvent-elles jouer aussi&nbsp;?<\/p>\n\n\n\n<p>Quoi qu\u2019il en soit, \u00ab&nbsp;ce geste serait un geste d\u2019un courage extraordinaire. Car il y risquerait sa vie et son tr\u00f4ne, car \u00e7a cr\u00e9ait un \u00e9branlement formidable&nbsp;\u00bb, pr\u00e9vient Philippe Moreau-Defarge. On l\u2019a d\u00e9j\u00e0 vu&nbsp;:&nbsp;les positions se radicalisent aussi du c\u00f4t\u00e9 \u00ab&nbsp;espagnoliste&nbsp;\u00bb, ce qui ne serait pas sans danger pour celui \u2013 fut-il roi \u2013 qui tendrait trop la main aux ind\u00e9pendantistes.<\/p>\n\n\n\n<h2 class=\"wp-block-heading\">Le sc\u00e9nario du pire<\/h2>\n\n\n\n<p>C\u2019est ce qui nous am\u00e8ne au sc\u00e9nario \u00ab&nbsp;le plus noir&nbsp;\u00bb, que ne veut pas exclure Moreau-Defarge. \u00ab&nbsp;La situation est quand m\u00eame tr\u00e8s grave. Et on pourrait voir se d\u00e9velopper une forme de semi-guerre civile autour de la Catalogne. Pourraient se d\u00e9velopper des&nbsp;affrontements, des bagarres violentes, \u00e9ventuellement avec des morts entre les Catalans purs et dures voulant l\u2019ind\u00e9pendance et ceux qui ne veulent pas de l\u2019ind\u00e9pendance. Il ne faut pas oublier que l\u2019opinion est tr\u00e8s divis\u00e9e&nbsp;:&nbsp;c\u2019est \u00e0 peu pr\u00e8s moiti\u00e9-moiti\u00e9. \u00c7a ne serait pas une guerre civile avec deux arm\u00e9es organis\u00e9es mais plut\u00f4t une violence permanente r\u00e9elle.&nbsp;\u00bb<\/p>\n\n\n\n<p>Le m\u00eame geopolitologue d\u2019invoquer les pages sombres de l\u2019histoire&nbsp;:&nbsp;\u00ab&nbsp;L\u2019arr\u00eat de la cour supr\u00eame est tr\u00e8s dangereux. En principe une cour supr\u00eame est compos\u00e9e de sages, de gens qui ont de la maturit\u00e9, de l\u2019exp\u00e9rience, qui savent ce qu\u2019est la vie et qui font tr\u00e8s attention, qui ont un souvenir, pas forc\u00e9ment personnel mais familial, de la Guerre civile de 1936-1939\u2026&nbsp;\u00bb<\/p>\n","protected":false},"excerpt":{"rendered":"<p>Depuis lundi, des \u00e9meutes ont lieu \u00e0 Barcelone et en Catalogne pour protester contre la condamnation \u00e0 de lourdes de peines de prison des dirigeants et dirigeantes catalans qui avaient prononc\u00e9 l\u2019ind\u00e9pendance la r\u00e9gion il y a deux ans. Une manifestation monstre a eu lieu ce vendredi. Le dialogue est depuis longtemps rompu entre ind\u00e9pendantistes, [&hellip;]<\/p>\n","protected":false},"author":2,"featured_media":13471,"comment_status":"open","ping_status":"open","sticky":false,"template":"","format":"standard","meta":{"_jetpack_memberships_contains_paid_content":false,"footnotes":"","jetpack_publicize_message":"","jetpack_publicize_feature_enabled":true,"jetpack_social_post_already_shared":true,"jetpack_social_options":{"image_generator_settings":{"template":"highway","default_image_id":0,"font":"","enabled":false},"version":2},"_wpas_customize_per_network":false},"categories":[405],"tags":[],"class_list":["post-13470","post","type-post","status-publish","format-standard","has-post-thumbnail","hentry","category-actu-france-monde"],"jetpack_publicize_connections":[],"jetpack_featured_media_url":"https:\/\/i0.wp.com\/www.iceagetv.com\/radiosite\/wp-content\/uploads\/2019\/10\/Catalogne.jpg?fit=638%2C405&ssl=1","jetpack_sharing_enabled":true,"_links":{"self":[{"href":"https:\/\/www.iceagetv.com\/radiosite\/wp-json\/wp\/v2\/posts\/13470","targetHints":{"allow":["GET"]}}],"collection":[{"href":"https:\/\/www.iceagetv.com\/radiosite\/wp-json\/wp\/v2\/posts"}],"about":[{"href":"https:\/\/www.iceagetv.com\/radiosite\/wp-json\/wp\/v2\/types\/post"}],"author":[{"embeddable":true,"href":"https:\/\/www.iceagetv.com\/radiosite\/wp-json\/wp\/v2\/users\/2"}],"replies":[{"embeddable":true,"href":"https:\/\/www.iceagetv.com\/radiosite\/wp-json\/wp\/v2\/comments?post=13470"}],"version-history":[{"count":1,"href":"https:\/\/www.iceagetv.com\/radiosite\/wp-json\/wp\/v2\/posts\/13470\/revisions"}],"predecessor-version":[{"id":13472,"href":"https:\/\/www.iceagetv.com\/radiosite\/wp-json\/wp\/v2\/posts\/13470\/revisions\/13472"}],"wp:featuredmedia":[{"embeddable":true,"href":"https:\/\/www.iceagetv.com\/radiosite\/wp-json\/wp\/v2\/media\/13471"}],"wp:attachment":[{"href":"https:\/\/www.iceagetv.com\/radiosite\/wp-json\/wp\/v2\/media?parent=13470"}],"wp:term":[{"taxonomy":"category","embeddable":true,"href":"https:\/\/www.iceagetv.com\/radiosite\/wp-json\/wp\/v2\/categories?post=13470"},{"taxonomy":"post_tag","embeddable":true,"href":"https:\/\/www.iceagetv.com\/radiosite\/wp-json\/wp\/v2\/tags?post=13470"}],"curies":[{"name":"wp","href":"https:\/\/api.w.org\/{rel}","templated":true}]}}