{"id":13483,"date":"2019-10-19T12:30:45","date_gmt":"2019-10-19T12:30:45","guid":{"rendered":"http:\/\/www.iceagetv.com\/radiosite\/?p=13483"},"modified":"2019-10-19T12:30:50","modified_gmt":"2019-10-19T12:30:50","slug":"barcelone-scenes-de-chaos-et-plus-de-180-blesses-la-nuit-derniere-nouvelle-manifestation-en-vue","status":"publish","type":"post","link":"https:\/\/www.iceagetv.com\/radiosite\/barcelone-scenes-de-chaos-et-plus-de-180-blesses-la-nuit-derniere-nouvelle-manifestation-en-vue\/","title":{"rendered":"Barcelone : sc\u00e8nes de chaos et plus de 180 bless\u00e9s la nuit derni\u00e8re, nouvelle manifestation en vue"},"content":{"rendered":"\n<p>Au c\u0153ur de Barcelone, des militants ind\u00e9pendantistes radicaux ont affront\u00e9 les forces de l\u2019ordre dans la soir\u00e9e de vendredi et la nuit derni\u00e8re. 83 personnes ont \u00e9t\u00e9 interpell\u00e9es en Catalogne suite \u00e0 ces violences.<\/p>\n\n\n\n<p>Les violences qui ont provoqu\u00e9&nbsp;<a href=\"https:\/\/www.ouest-france.fr\/europe\/espagne\/catalogne\/catalogne-plus-de-500-000-personnes-manifestent-dans-les-rues-de-barcelone-6571580\">des sc\u00e8nes de chaos \u00e0 Barcelone, ce vendredi soir<\/a>, ont fait 182 bless\u00e9s dans l\u2019ensemble de la&nbsp;<a href=\"https:\/\/www.ouest-france.fr\/europe\/espagne\/catalogne\/\">Catalogne<\/a>, ont annonc\u00e9 les services de secours ce samedi 19&nbsp;octobre au matin.<\/p>\n\n\n\n<p>Uniquement \u00e0 Barcelone, 152 personnes ont \u00e9t\u00e9 bless\u00e9es, ont indiqu\u00e9 les secours. Les autres manifestants bless\u00e9s ont \u00e9t\u00e9 recens\u00e9s notamment \u00e0 G\u00e9rone, Tarragone et L\u00e9rida.<\/p>\n\n\n\n<p>Au total, 83 personnes ont \u00e9t\u00e9 interpell\u00e9es dans l\u2019ensemble de la r\u00e9gion suite \u00e0 ces violences, a indiqu\u00e9 le minist\u00e8re de l\u2019Int\u00e9rieur&nbsp;<a href=\"https:\/\/www.ouest-france.fr\/europe\/espagne\/\">espagnol<\/a>.<\/p>\n\n\n\n<h2 class=\"wp-block-heading\">Odeur de br\u00fbl\u00e9<\/h2>\n\n\n\n<p>Samedi matin, une odeur de br\u00fbl\u00e9 flottait encore dans le centre de Barcelone pr\u00e8s de la place d\u2019Urquinaona, o\u00f9 des agents terminaient de nettoyer les nombreux d\u00e9bris laiss\u00e9s par les affrontements de la veille, pierres, verre bris\u00e9 et cartouches de balles de caoutchouc.<\/p>\n\n\n\n<p>Des dizaines de pav\u00e9s ont \u00e9t\u00e9 arrach\u00e9s des trottoirs.<\/p>\n\n\n\n<p>En plein centre-ville, des militants ind\u00e9pendantistes radicaux ont affront\u00e9 dans la soir\u00e9e de vendredi les forces de l\u2019ordre en lan\u00e7ant des pierres ou des objets m\u00e9talliques, tandis que les policiers r\u00e9pondaient par des tirs de balles en caoutchouc et de gaz lacrymog\u00e8nes.<\/p>\n\n\n\n<p>De nombreux feux ont \u00e9t\u00e9 allum\u00e9s et des barricades \u00e9lev\u00e9es dans les rues au cinqui\u00e8me jour de la mobilisation contre la condamnation lundi \u00e0 de lourdes peines de prison des dirigeants ind\u00e9pendantistes pour leur r\u00f4le dans la tentative de s\u00e9cession d\u2019octobre 2017.<\/p>\n\n\n\n<h2 class=\"wp-block-heading\">Plus de 500\u2009000 personnes dans la rue<\/h2>\n\n\n\n<p>La ville avait d\u00e9j\u00e0 \u00e9t\u00e9 le th\u00e9\u00e2tre de sc\u00e8nes de gu\u00e9rilla urbaine tous les soirs depuis lundi.<\/p>\n\n\n\n<p>Avant le d\u00e9but des affrontements de vendredi, plus de 500\u2009000 personnes avaient manifest\u00e9 pacifiquement \u00e0 Barcelone, au terme d\u2019une journ\u00e9e marqu\u00e9e par une gr\u00e8ve g\u00e9n\u00e9rale et par la convergence de marches de dizaines de milliers de s\u00e9paratistes partis mercredi de cinq villes de Catalogne.<\/p>\n\n\n\n<p>Samedi matin, l\u2019autoroute AP7 \u00e9tait par ailleurs coup\u00e9e dans le sens France-Espagne pr\u00e8s de la fronti\u00e8re en raison d\u2019une manifestation ind\u00e9pendantiste, selon l\u2019organisme catalan de surveillance du trafic routier.<\/p>\n\n\n\n<h2 class=\"wp-block-heading\">De nouvelles violences<\/h2>\n\n\n\n<p>De nouvelles violences pourraient \u00eatre \u00e0 craindre samedi soir alors qu&rsquo;une nouvelle manifestation&nbsp;<strong>\u00ab&nbsp;contre la r\u00e9pression&nbsp;\u00bb<\/strong>&nbsp;a \u00e9t\u00e9 convoqu\u00e9e sur cette m\u00eame place \u00e0 18 h par Arran, organisation de jeunesse de la gauche ind\u00e9pendantiste catalane radicale, qui r\u00e9clame la d\u00e9mission du&nbsp;<strong>\u00ab&nbsp;ministre&nbsp;\u00bb<\/strong>&nbsp;r\u00e9gional de l&rsquo;Int\u00e9rieur.<\/p>\n","protected":false},"excerpt":{"rendered":"<p>Au c\u0153ur de Barcelone, des militants ind\u00e9pendantistes radicaux ont affront\u00e9 les forces de l\u2019ordre dans la soir\u00e9e de vendredi et la nuit derni\u00e8re. 83 personnes ont \u00e9t\u00e9 interpell\u00e9es en Catalogne suite \u00e0 ces violences. Les violences qui ont provoqu\u00e9&nbsp;des sc\u00e8nes de chaos \u00e0 Barcelone, ce vendredi soir, ont fait 182 bless\u00e9s dans l\u2019ensemble de la&nbsp;Catalogne, [&hellip;]<\/p>\n","protected":false},"author":2,"featured_media":13484,"comment_status":"open","ping_status":"open","sticky":false,"template":"","format":"standard","meta":{"_jetpack_memberships_contains_paid_content":false,"footnotes":"","jetpack_publicize_message":"","jetpack_publicize_feature_enabled":true,"jetpack_social_post_already_shared":true,"jetpack_social_options":{"image_generator_settings":{"template":"highway","default_image_id":0,"font":"","enabled":false},"version":2},"_wpas_customize_per_network":false},"categories":[405],"tags":[2717],"class_list":["post-13483","post","type-post","status-publish","format-standard","has-post-thumbnail","hentry","category-actu-france-monde","tag-barcelone-scenes-de-chaos-et-plus-de-180-blesses-la-nuit-derniere"],"jetpack_publicize_connections":[],"jetpack_featured_media_url":"https:\/\/i0.wp.com\/www.iceagetv.com\/radiosite\/wp-content\/uploads\/2019\/10\/Barcelone-sc%C3%A8nes-de-chaos-et-plus-de-180-bless%C3%A9s-la-nuit-derni%C3%A8re-nouvelle-manifestation-en-vue.jpg?fit=1261%2C553&ssl=1","jetpack_sharing_enabled":true,"_links":{"self":[{"href":"https:\/\/www.iceagetv.com\/radiosite\/wp-json\/wp\/v2\/posts\/13483","targetHints":{"allow":["GET"]}}],"collection":[{"href":"https:\/\/www.iceagetv.com\/radiosite\/wp-json\/wp\/v2\/posts"}],"about":[{"href":"https:\/\/www.iceagetv.com\/radiosite\/wp-json\/wp\/v2\/types\/post"}],"author":[{"embeddable":true,"href":"https:\/\/www.iceagetv.com\/radiosite\/wp-json\/wp\/v2\/users\/2"}],"replies":[{"embeddable":true,"href":"https:\/\/www.iceagetv.com\/radiosite\/wp-json\/wp\/v2\/comments?post=13483"}],"version-history":[{"count":1,"href":"https:\/\/www.iceagetv.com\/radiosite\/wp-json\/wp\/v2\/posts\/13483\/revisions"}],"predecessor-version":[{"id":13485,"href":"https:\/\/www.iceagetv.com\/radiosite\/wp-json\/wp\/v2\/posts\/13483\/revisions\/13485"}],"wp:featuredmedia":[{"embeddable":true,"href":"https:\/\/www.iceagetv.com\/radiosite\/wp-json\/wp\/v2\/media\/13484"}],"wp:attachment":[{"href":"https:\/\/www.iceagetv.com\/radiosite\/wp-json\/wp\/v2\/media?parent=13483"}],"wp:term":[{"taxonomy":"category","embeddable":true,"href":"https:\/\/www.iceagetv.com\/radiosite\/wp-json\/wp\/v2\/categories?post=13483"},{"taxonomy":"post_tag","embeddable":true,"href":"https:\/\/www.iceagetv.com\/radiosite\/wp-json\/wp\/v2\/tags?post=13483"}],"curies":[{"name":"wp","href":"https:\/\/api.w.org\/{rel}","templated":true}]}}