{"id":13502,"date":"2019-10-22T15:47:57","date_gmt":"2019-10-22T15:47:57","guid":{"rendered":"http:\/\/www.iceagetv.com\/radiosite\/?p=13502"},"modified":"2019-10-22T15:48:03","modified_gmt":"2019-10-22T15:48:03","slug":"telematin-laurent-bignolas-renforce-son-pouvoir-apres-leclatement-du-scandale","status":"publish","type":"post","link":"https:\/\/www.iceagetv.com\/radiosite\/telematin-laurent-bignolas-renforce-son-pouvoir-apres-leclatement-du-scandale\/","title":{"rendered":"T\u00e9l\u00e9matin : Laurent Bignolas renforce son pouvoir apr\u00e8s l\u2019\u00e9clatement du scandale"},"content":{"rendered":"\n<p>Apr\u00e8s un d\u00e9but de mois d\u2019octobre orageux avec de multiples r\u00e9v\u00e9lations sur les coulisses de l\u2019\u00e9mission, la maison&nbsp;<strong><em>T\u00e9l\u00e9matin<\/em>&nbsp;<\/strong>est revenue aux abris et retrouv\u00e9 un semblant de s\u00e9r\u00e9nit\u00e9. Du moins, la pression m\u00e9diatique s\u2019est rel\u00e2ch\u00e9e pour un&nbsp;<a href=\"http:\/\/www.toutelatele.com\/telematin-france-2-laurent-bignolas-repond-a-la-polemique-j-ai-debarque-dans-une-equipe-qui-ne-voulait-pas-de-moi-113650\"><strong>Laurent Bignolas<\/strong>&nbsp;qui a cristallis\u00e9 toutes les critiques avant de contre-attaquer.<\/a><\/p>\n\n\n\n<p>Durant la semaine du lundi 21 au vendredi 25 octobre, l\u2019actualit\u00e9 trait\u00e9e dans la tranche matinale a \u00e9t\u00e9 domin\u00e9e par l\u2019accident de man\u00e8ge mortel \u00e0 Firminy, l\u2019ouverture du proc\u00e8s \u00e0 Viry-Ch\u00e2tillon des voyous ayant br\u00fbl\u00e9 vifs des policiers, l\u2019annonce d\u2019une baisse d\u2019imp\u00f4ts g\u00e9n\u00e9ralis\u00e9e pour les classes moyennes mais aussi par l\u2019offensive turque en Syrie.<\/p>\n\n\n\n<figure><iframe allowfullscreen=\"\" src=\"about:blank\"><\/iframe><\/figure>\n\n\n\n<p><em>close<\/em><em>volume_off<\/em><\/p>\n\n\n\n<h2 class=\"wp-block-heading\">Le succ\u00e8s toujours au rendez-vous<\/h2>\n\n\n\n<p>Quant \u00e0&nbsp;<strong>Caroline Roux,<\/strong>&nbsp;<a href=\"http:\/\/www.toutelatele.com\/c-a-vous-c-dans-l-air-stupefiant-audiences-anne-elisabeth-lemoine-fait-exploser-les-compteurs-succes-pour-lea-salame-avec-l-art-du-bordel-record-pour-caroline-roux-114056\">en plein succ\u00e8s avec&nbsp;<strong><em>C \u00e0 vous,<\/em>&nbsp;<\/strong><\/a>elle a re\u00e7u plusieurs invit\u00e9s politiques dans sa chronique \u00ab&nbsp;Les 4 v\u00e9rit\u00e9s&nbsp;\u00bb avant de laisser sa place \u00e0 Jeff Wittenberg depuis le vendredi 18 octobre. Parmi eux&nbsp;: Agn\u00e8s Buzyn, Ministre des Solidarit\u00e9s et de la Sant\u00e9, et G\u00e9rard Larcher, le Pr\u00e9sident du S\u00e9nat.<\/p>\n\n\n\n<p>Du c\u00f4t\u00e9 des audiences, le journaliste a sign\u00e9 une semaine pleine en mobilisant 851 000 Fran\u00e7ais et 26.9% du public \u00e2g\u00e9 de 4 ans et plus, contre 839 000 t\u00e9l\u00e9spectateurs et 26.5% d\u2019entre eux devant l\u2019\u00e9cran pour la semaine \u00e9coul\u00e9e du 7 au 11 octobre. Apr\u00e8s avoir sign\u00e9 une l\u00e9g\u00e8re progression sur le bilan hebdomadaire et assis son pouvoir sur les audiences, Laurent Bignolas a c\u00e9d\u00e9 les r\u00eanes de l\u2019\u00e9mission \u00e0&nbsp;<strong>Damien Th\u00e9venot<\/strong>&nbsp;le samedi 19 octobre. Handicap\u00e9 en fin de parcours par le rugby, ce dernier a cependant sign\u00e9 un record de saison avec une moyenne de 759 000 individus et une part de march\u00e9 \u00e0 hauteur de 18.5%.<\/p>\n","protected":false},"excerpt":{"rendered":"<p>Apr\u00e8s un d\u00e9but de mois d\u2019octobre orageux avec de multiples r\u00e9v\u00e9lations sur les coulisses de l\u2019\u00e9mission, la maison&nbsp;T\u00e9l\u00e9matin&nbsp;est revenue aux abris et retrouv\u00e9 un semblant de s\u00e9r\u00e9nit\u00e9. Du moins, la pression m\u00e9diatique s\u2019est rel\u00e2ch\u00e9e pour un&nbsp;Laurent Bignolas&nbsp;qui a cristallis\u00e9 toutes les critiques avant de contre-attaquer. Durant la semaine du lundi 21 au vendredi 25 octobre, [&hellip;]<\/p>\n","protected":false},"author":2,"featured_media":13503,"comment_status":"open","ping_status":"open","sticky":false,"template":"","format":"standard","meta":{"_jetpack_memberships_contains_paid_content":false,"footnotes":"","jetpack_publicize_message":"","jetpack_publicize_feature_enabled":true,"jetpack_social_post_already_shared":true,"jetpack_social_options":{"image_generator_settings":{"template":"highway","default_image_id":0,"font":"","enabled":false},"version":2},"_wpas_customize_per_network":false},"categories":[68],"tags":[],"class_list":["post-13502","post","type-post","status-publish","format-standard","has-post-thumbnail","hentry","category-actu-culturelle"],"jetpack_publicize_connections":[],"jetpack_featured_media_url":"https:\/\/i0.wp.com\/www.iceagetv.com\/radiosite\/wp-content\/uploads\/2019\/10\/T%C3%A9l%C3%A9matin.jpg?fit=750%2C400&ssl=1","jetpack_sharing_enabled":true,"_links":{"self":[{"href":"https:\/\/www.iceagetv.com\/radiosite\/wp-json\/wp\/v2\/posts\/13502","targetHints":{"allow":["GET"]}}],"collection":[{"href":"https:\/\/www.iceagetv.com\/radiosite\/wp-json\/wp\/v2\/posts"}],"about":[{"href":"https:\/\/www.iceagetv.com\/radiosite\/wp-json\/wp\/v2\/types\/post"}],"author":[{"embeddable":true,"href":"https:\/\/www.iceagetv.com\/radiosite\/wp-json\/wp\/v2\/users\/2"}],"replies":[{"embeddable":true,"href":"https:\/\/www.iceagetv.com\/radiosite\/wp-json\/wp\/v2\/comments?post=13502"}],"version-history":[{"count":1,"href":"https:\/\/www.iceagetv.com\/radiosite\/wp-json\/wp\/v2\/posts\/13502\/revisions"}],"predecessor-version":[{"id":13504,"href":"https:\/\/www.iceagetv.com\/radiosite\/wp-json\/wp\/v2\/posts\/13502\/revisions\/13504"}],"wp:featuredmedia":[{"embeddable":true,"href":"https:\/\/www.iceagetv.com\/radiosite\/wp-json\/wp\/v2\/media\/13503"}],"wp:attachment":[{"href":"https:\/\/www.iceagetv.com\/radiosite\/wp-json\/wp\/v2\/media?parent=13502"}],"wp:term":[{"taxonomy":"category","embeddable":true,"href":"https:\/\/www.iceagetv.com\/radiosite\/wp-json\/wp\/v2\/categories?post=13502"},{"taxonomy":"post_tag","embeddable":true,"href":"https:\/\/www.iceagetv.com\/radiosite\/wp-json\/wp\/v2\/tags?post=13502"}],"curies":[{"name":"wp","href":"https:\/\/api.w.org\/{rel}","templated":true}]}}