{"id":13509,"date":"2019-10-23T15:51:53","date_gmt":"2019-10-23T15:51:53","guid":{"rendered":"http:\/\/www.iceagetv.com\/radiosite\/?p=13509"},"modified":"2019-10-23T15:51:59","modified_gmt":"2019-10-23T15:51:59","slug":"chomage-pauvrete-cout-de-la-vie-les-raisons-de-la-greve-generale-prevue-a-la-reunion-pour-la-visite-demmanuel-macron","status":"publish","type":"post","link":"https:\/\/www.iceagetv.com\/radiosite\/chomage-pauvrete-cout-de-la-vie-les-raisons-de-la-greve-generale-prevue-a-la-reunion-pour-la-visite-demmanuel-macron\/","title":{"rendered":"Ch\u00f4mage, pauvret\u00e9, co\u00fbt de la vie&#8230; Les raisons de la gr\u00e8ve g\u00e9n\u00e9rale pr\u00e9vue \u00e0 La R\u00e9union pour la visite d&rsquo;Emmanuel Macron"},"content":{"rendered":"\n<p>Une gr\u00e8ve g\u00e9n\u00e9rale pour accueillir le pr\u00e9sident de la R\u00e9publique. Apr\u00e8s&nbsp;<a href=\"https:\/\/www.francetvinfo.fr\/monde\/europe\/migrants\/mayotte-pourquoi-l-immigration-est-un-sujet-explosif-sur-l-ile_3669187.html\" target=\"_blank\" rel=\"noreferrer noopener\">Mayotte<\/a>&nbsp;et un crochet par les \u00eeles Eparses, Emmanuel Macron arrive, mercredi 23 octobre,&nbsp;<a href=\"https:\/\/la1ere.francetvinfo.fr\/reunion\/grands-dossiers-qui-attendent-emmanuel-macron-reunion-763147.html\">\u00e0 La R\u00e9union<\/a>. Et l&rsquo;accueil s&rsquo;annonce tendu,&nbsp;un an apr\u00e8s le mouvement des \u00ab\u00a0gilets jaunes\u00a0\u00bb&nbsp;: tous les syndicats r\u00e9unionnais ont lanc\u00e9 un appel \u00e0 la gr\u00e8ve g\u00e9n\u00e9rale jeudi pour&nbsp;<em>\u00ab\u00a0l&rsquo;ensemble des salari\u00e9s du secteur priv\u00e9 et du secteur public\u00a0\u00bb<\/em>. Franceinfo vous explique les raisons de la col\u00e8re des R\u00e9unionnais.<\/p>\n\n\n\n<h2 class=\"wp-block-heading\">A cause du ch\u00f4mage&nbsp;et de la pauvret\u00e9<\/h2>\n\n\n\n<p>Deux chiffres permettent de prendre la mesure de l&rsquo;urgence \u00e9conomique sur l&rsquo;\u00eele. Dans ce territoire de plus de 850&nbsp;000 habitants, 40% de la population vit sous le seuil de pauvret\u00e9 et le taux de ch\u00f4mage atteint 24%. Dans le d\u00e9tail, le nombre de personnes sans emploi grimpe m\u00eame \u00e0&nbsp;42% chez les jeunes.<em>&nbsp;\u00ab\u00a0La situation est extr\u00eamement difficile. Les voyants sont au rouge\u00a0\u00bb<\/em>,&nbsp;<a href=\"https:\/\/www.francetvinfo.fr\/politique\/emmanuel-macron\/emmanuel-macron-a-la-reunion-tout-le-monde-est-inquiet-on-a-besoin-de-decisions-fortes-affirme-un-depute-lr-de-l-ile_3671453.html\">s&rsquo;inqui\u00e8te<\/a>&nbsp;David Lorion, d\u00e9put\u00e9 LR de la 4e circonscription de La R\u00e9union, sur franceinfo.<\/p>\n\n\n\n<p>Et cela ne semble pas s&rsquo;arranger. Pire, la&nbsp;diminution des contrats aid\u00e9s a aggrav\u00e9 la situation,&nbsp;selon&nbsp;<a href=\"https:\/\/la1ere.francetvinfo.fr\/reunion\/grands-dossiers-qui-attendent-emmanuel-macron-reunion-763147.html\">R\u00e9union La 1re<\/a>. Une crise est n\u00e9e d\u00e9but septembre, lorsque l&rsquo;Etat a demand\u00e9 aux collectivit\u00e9s locales de ne plus signer de contrats en<em>&nbsp;\u00ab\u00a0parcours emploi comp\u00e9tence\u00a0\u00bb<\/em>&nbsp;(PEC). Mais lors de sa derni\u00e8re visite \u00e0 La R\u00e9union, la ministre des Outre-mer Annick Girardin a finalement annonc\u00e9 l&rsquo;octroi de 1&nbsp;000 PEC en plus des 11&nbsp;000 d\u00e9j\u00e0 valid\u00e9s, rassurant temporairement les collectivit\u00e9s.<\/p>\n\n\n\n<p>L&rsquo;inqui\u00e9tude concerne aussi le&nbsp;montant des retraites. Les seniors r\u00e9unionnais sont plus&nbsp;nombreux que leurs homologues de m\u00e9tropole \u00e0 conna\u00eetre&nbsp;<em>\u00ab\u00a0un parcours professionnel \u00e0 trous\u00a0\u00bb&nbsp;<\/em>et&nbsp;redoutent ainsi d&rsquo;\u00eatre lourdement p\u00e9nalis\u00e9s par&nbsp;la r\u00e9forme \u00e0 venir.<\/p>\n\n\n\n<h2 class=\"wp-block-heading\">A cause du co\u00fbt&nbsp;de la vie \u00e9lev\u00e9<\/h2>\n\n\n\n<p>C&rsquo;est la pr\u00e9occupation majeure des habitants de La R\u00e9union au quotidien. Le co\u00fbt de la vie pour un budget moyen d&rsquo;un m\u00e9nage&nbsp;est 7,1% plus \u00e9lev\u00e9 \u00e0 La R\u00e9union que dans l&rsquo;Hexagone, selon l&rsquo;Insee. Et cela alors que le revenu m\u00e9dian r\u00e9unionnais est inf\u00e9rieur de 30% au niveau national, selon l&rsquo;Agence fran\u00e7aise de d\u00e9veloppement. Et la situation empire d&rsquo;ann\u00e9e en ann\u00e9e&nbsp;: apr\u00e8s une inflation record en 2018 (+1,8%), les prix augmentent toujours en 2019 (+0,6% depuis le d\u00e9but de l&rsquo;ann\u00e9e).<\/p>\n\n\n\n<p>R\u00e9sultat&nbsp;: quelque 40% des consommateurs<em>&nbsp;\u00ab\u00a0ont diminu\u00e9 leurs achats pour le plaisir\u00a0\u00bb<\/em>,&nbsp;selon&nbsp;un sondage d&rsquo;Ipsos cit\u00e9 par&nbsp;<a href=\"https:\/\/la1ere.francetvinfo.fr\/reunion\/sondage-ipsos-moral-reunionnais-est-berne-762689.html\">R\u00e9union La 1re<\/a>.&nbsp;<em>\u00ab\u00a0On comptait nos sous avant les &lsquo;gilets jaunes&rsquo;, on les compte encore plus maintenant\u00a0\u00bb<\/em>, s&rsquo;agace K\u00e9vin, qui a \u00e9t\u00e9 sur les barricades \u00e0 Saint-Andr\u00e9 d\u00e8s le 17 novembre 2018, date du lancement de la mobilisation sociale,&nbsp;aupr\u00e8s de l&rsquo;AFP.&nbsp;<em>\u00ab\u00a0La vie est toujours aussi ch\u00e8re.\u00a0\u00bb<\/em><\/p>\n\n\n\n<p>Les prix du logement sont aussi point\u00e9s du doigt.&nbsp;<em>\u00ab\u00a0Le mal-logement en est une cons\u00e9quence directe de cette chert\u00e9 de la vie\u00a0\u00bb<\/em>, estime Erick Fontaine, administrateur de la Conf\u00e9d\u00e9ration nationale des locataires (CNL),&nbsp;sur&nbsp;<a href=\"https:\/\/la1ere.francetvinfo.fr\/reunion\/grands-dossiers-qui-attendent-emmanuel-macron-reunion-763147.html\">R\u00e9union La 1re<\/a>. Selon l&rsquo;Insee, les d\u00e9penses globales li\u00e9es au logement sont proches de celles d&rsquo;un m\u00e9tropolitain, mais les loyers restent en moyenne plus \u00e9lev\u00e9s \u00e0 La R\u00e9union (+5%) notamment dans le secteur priv\u00e9.<\/p>\n\n\n\n<h2 class=\"wp-block-heading\">A cause de la d\u00e9fiance envers les politiques<\/h2>\n\n\n\n<p>Emanuel Macron veut marquer le coup. Au cours de son s\u00e9jour, qui s&rsquo;ach\u00e8vera vendredi, le pr\u00e9sident est venu accompagn\u00e9 notamment par les ministres de l&rsquo;Economie, du Travail et de l&rsquo;Agriculture. Il devrait rencontrer des demandeurs d&#8217;emploi dans une mission locale de Saint-Paul.<em>\u00ab\u00a0J&rsquo;aurai des messages tr\u00e8s forts sur l&rsquo;agriculture et l&#8217;emploi\u00a0\u00bb<\/em>, a promis le chef de l&rsquo;Etat.<\/p>\n\n\n\n<p>Mais les discours ont du mal \u00e0 convaincre les habitants, de l&rsquo;aveu m\u00eame du pr\u00e9sident.&nbsp;<em>\u00ab\u00a0La situation n&rsquo;est pas facile, il y a un doute qui s&rsquo;est install\u00e9 sur l&rsquo;action publique au sens large<\/em>, a reconnu Emmanuel Macron, lors d&rsquo;un discours \u00e0 Mayotte.&nbsp;<em>Mais l\u00e0 aussi, nous avons un engagement, des r\u00e9ponses et une action. Mais parfois les choses prennent du temps et il faut l&rsquo;accepter.\u00a0\u00bb<\/em><\/p>\n\n\n\n<p>Pour rem\u00e9dier \u00e0 cela,&nbsp;l&rsquo;Etat avait notamment annonc\u00e9, en d\u00e9cembre 2018, l&rsquo;int\u00e9gration au sein de l&rsquo;Observatoire des prix, des marges et des revenus (OPMR) de 50 citoyens tir\u00e9s au sort. Emmanuel Macron doit m\u00eame leur rendre visite dans la semaine. Pour Victor, un \u00ab\u00a0gilet jaune\u00a0\u00bb de Saint-Denis, ce gouvernement<em>&nbsp;\u00ab\u00a0s&rsquo;est surtout d\u00e9marqu\u00e9 par ses actions de communication, mais derri\u00e8re \u00e7a il n&rsquo;y a rien de concret\u00a0\u00bb<\/em>.<em>&nbsp;\u00ab\u00a0C&rsquo;est pour \u00e7a qu&rsquo;aujourd&rsquo;hui le combat des &lsquo;gilets jaunes&rsquo; s&rsquo;est un peu d\u00e9plac\u00e9<\/em>,&nbsp;analyse-t-il, aupr\u00e8s de l&rsquo;AFP.&nbsp;<em>Ce n&rsquo;est plus seulement le pouvoir d&rsquo;achat qui nous pr\u00e9occupe, c&rsquo;est celui du respect m\u00eame de la d\u00e9mocratie.\u00a0\u00bb<\/em><\/p>\n","protected":false},"excerpt":{"rendered":"<p>Une gr\u00e8ve g\u00e9n\u00e9rale pour accueillir le pr\u00e9sident de la R\u00e9publique. Apr\u00e8s&nbsp;Mayotte&nbsp;et un crochet par les \u00eeles Eparses, Emmanuel Macron arrive, mercredi 23 octobre,&nbsp;\u00e0 La R\u00e9union. Et l&rsquo;accueil s&rsquo;annonce tendu,&nbsp;un an apr\u00e8s le mouvement des \u00ab\u00a0gilets jaunes\u00a0\u00bb&nbsp;: tous les syndicats r\u00e9unionnais ont lanc\u00e9 un appel \u00e0 la gr\u00e8ve g\u00e9n\u00e9rale jeudi pour&nbsp;\u00ab\u00a0l&rsquo;ensemble des salari\u00e9s du secteur priv\u00e9 [&hellip;]<\/p>\n","protected":false},"author":2,"featured_media":13510,"comment_status":"open","ping_status":"open","sticky":false,"template":"","format":"standard","meta":{"_jetpack_memberships_contains_paid_content":false,"footnotes":"","jetpack_publicize_message":"","jetpack_publicize_feature_enabled":true,"jetpack_social_post_already_shared":true,"jetpack_social_options":{"image_generator_settings":{"template":"highway","default_image_id":0,"font":"","enabled":false},"version":2},"_wpas_customize_per_network":false},"categories":[405],"tags":[],"class_list":["post-13509","post","type-post","status-publish","format-standard","has-post-thumbnail","hentry","category-actu-france-monde"],"jetpack_publicize_connections":[],"jetpack_featured_media_url":"https:\/\/i0.wp.com\/www.iceagetv.com\/radiosite\/wp-content\/uploads\/2019\/10\/Les-raisons-de-la-gr%C3%A8ve-g%C3%A9n%C3%A9rale-pr%C3%A9vue-%C3%A0-La-R%C3%A9union.jpg?fit=1197%2C450&ssl=1","jetpack_sharing_enabled":true,"_links":{"self":[{"href":"https:\/\/www.iceagetv.com\/radiosite\/wp-json\/wp\/v2\/posts\/13509","targetHints":{"allow":["GET"]}}],"collection":[{"href":"https:\/\/www.iceagetv.com\/radiosite\/wp-json\/wp\/v2\/posts"}],"about":[{"href":"https:\/\/www.iceagetv.com\/radiosite\/wp-json\/wp\/v2\/types\/post"}],"author":[{"embeddable":true,"href":"https:\/\/www.iceagetv.com\/radiosite\/wp-json\/wp\/v2\/users\/2"}],"replies":[{"embeddable":true,"href":"https:\/\/www.iceagetv.com\/radiosite\/wp-json\/wp\/v2\/comments?post=13509"}],"version-history":[{"count":1,"href":"https:\/\/www.iceagetv.com\/radiosite\/wp-json\/wp\/v2\/posts\/13509\/revisions"}],"predecessor-version":[{"id":13511,"href":"https:\/\/www.iceagetv.com\/radiosite\/wp-json\/wp\/v2\/posts\/13509\/revisions\/13511"}],"wp:featuredmedia":[{"embeddable":true,"href":"https:\/\/www.iceagetv.com\/radiosite\/wp-json\/wp\/v2\/media\/13510"}],"wp:attachment":[{"href":"https:\/\/www.iceagetv.com\/radiosite\/wp-json\/wp\/v2\/media?parent=13509"}],"wp:term":[{"taxonomy":"category","embeddable":true,"href":"https:\/\/www.iceagetv.com\/radiosite\/wp-json\/wp\/v2\/categories?post=13509"},{"taxonomy":"post_tag","embeddable":true,"href":"https:\/\/www.iceagetv.com\/radiosite\/wp-json\/wp\/v2\/tags?post=13509"}],"curies":[{"name":"wp","href":"https:\/\/api.w.org\/{rel}","templated":true}]}}