{"id":13515,"date":"2019-10-24T10:06:22","date_gmt":"2019-10-24T10:06:22","guid":{"rendered":"http:\/\/www.iceagetv.com\/radiosite\/?p=13515"},"modified":"2019-10-24T10:06:28","modified_gmt":"2019-10-24T10:06:28","slug":"ce-que-lon-sait-de-la-decouverte-de-39-corps-dans-un-camion-au-royaume-uni","status":"publish","type":"post","link":"https:\/\/www.iceagetv.com\/radiosite\/ce-que-lon-sait-de-la-decouverte-de-39-corps-dans-un-camion-au-royaume-uni\/","title":{"rendered":"Ce que l&rsquo;on sait de la d\u00e9couverte de 39 corps dans un camion au Royaume-Uni"},"content":{"rendered":"\n<p>L&rsquo;horreur \u00e0 l&rsquo;arri\u00e8re du camion. Mercredi 23 octobre,&nbsp;<a href=\"https:\/\/www.francetvinfo.fr\/monde\/royaume-uni\/royaume-uni-39-corps-decouverts-dans-un-camion-en-provenance-de-bulgarie_3671669.html\" target=\"_blank\" rel=\"noreferrer noopener\">trente-neuf corps<\/a>, dont celui d&rsquo;un adolescent, ont \u00e9t\u00e9 d\u00e9couverts \u00e0 l&rsquo;est de Londres dans un camion frigorifique venu de Belgique.&nbsp;<em>\u00ab\u00a0C&rsquo;est une trag\u00e9die inimaginable et qui fend le c\u0153ur\u00a0\u00bb<\/em>, a&nbsp;r\u00e9agi le Premier ministre britannique,&nbsp;<a href=\"https:\/\/www.francetvinfo.fr\/monde\/europe\/la-grande-bretagne-et-l-ue\/royaume-uni-cinq-choses-que-vous-ignorez-peut-etre-sur-boris-johnson-favori-pour-succeder-a-theresa-may_3494413.html\">Boris Johnson<\/a>. Le chauffeur a \u00e9t\u00e9 arr\u00eat\u00e9 dans le cadre d&rsquo;une enqu\u00eate pour meurtre. Franceinfo fait le point sur les derni\u00e8res informations concernant&nbsp;cette macabre d\u00e9couverte.<\/p>\n\n\n\n<h2 class=\"wp-block-heading\">Que s&rsquo;est-il pass\u00e9 ?<\/h2>\n\n\n\n<p>La d\u00e9couverte du camion a \u00e9t\u00e9 faite dans la nuit de mardi \u00e0 mercredi, dans la commune de Grays, situ\u00e9e \u00e0 20 km \u00e0 l&rsquo;est de Londres, sur la rive gauche de la Tamise. Mercredi 23 octobre, une personne encore non identifi\u00e9e a appel\u00e9 les services de secours. Ces derniers se sont alors rapidement rendus sur place et ont d\u00e9couvert&nbsp;les 39 corps sans vie&nbsp;\u00e0 l&rsquo;int\u00e9rieur du v\u00e9hicule, gar\u00e9 dans&nbsp;la zone industrielle Waterglade Industrial Park. La police a ensuite \u00e9t\u00e9 alert\u00e9e, peu avant 1h40 du matin.<\/p>\n\n\n\n<p><em>\u00ab\u00a0D&rsquo;apr\u00e8s les images, le camion \u00e9tait r\u00e9frig\u00e9r\u00e9, ce qui signifie qu&rsquo;\u00e0 l&rsquo;int\u00e9rieur, les victimes ont voyag\u00e9 dans un froid glacial, dans une obscurit\u00e9 compl\u00e8te, sans air, dans des conditions absolument horribles\u00a0\u00bb<\/em>, a expliqu\u00e9 Rod McKenzie, directeur de la Road Haulage Association (association britannique de fret autoroutier), cit\u00e9 dans&nbsp;<a href=\"https:\/\/www.liberation.fr\/planete\/2019\/10\/23\/mort-de-39-migrants-au-royaume-uni-le-camion-de-la-honte_1759384\" target=\"_blank\" rel=\"noreferrer noopener\"><em>Lib\u00e9ration<\/em><\/a>.<\/p>\n\n\n\n<h2 class=\"wp-block-heading\">D&rsquo;o\u00f9 le camion provenait-il ?<\/h2>\n\n\n\n<p>Selon la police britannique, le conteneur&nbsp;du camion est arriv\u00e9 vers 0h30, \u00e0 Purfleet, un port sur la Tamise, en provenance de Zeebruges, en Belgique.&nbsp;Les autorit\u00e9s avaient d&rsquo;abord \u00e9voqu\u00e9 une entr\u00e9e sur le territoire britannique samedi \u00e0 Holyhead, port situ\u00e9 sur la c\u00f4te ouest de la Grande-Bretagne et desservant l&rsquo;Irlande. Mais seule la partie \u00ab\u00a0tracteur\u00a0\u00bb du camion&nbsp;aurait en fait emprunt\u00e9 cette route.&nbsp;<em>\u00ab\u00a0On ignore combien de temps<\/em>&nbsp;[le conteneur]<em>&nbsp;est rest\u00e9 en Belgique\u00a0\u00bb<\/em>, a d\u00e9clar\u00e9 le&nbsp;porte-parole du&nbsp;parquet f\u00e9d\u00e9ral belge, Eric Van Duyse.<\/p>\n\n\n\n<p>La police britannique a aussi indiqu\u00e9 que le camion \u00e9tait originaire&nbsp;<em>\u00ab\u00a0de Bulgarie\u00a0\u00bb<\/em>. Une information que le Premier ministre bulgare a confirm\u00e9e, en indiquant que le v\u00e9hicule avait \u00e9t\u00e9 immatricul\u00e9 dans son pays par un citoyen irlandais. Il&nbsp;<em>\u00ab\u00a0n&rsquo;est plus entr\u00e9 sur le territoire de notre pays depuis. Il n&rsquo;y a pas de lien avec nous, seulement les plaques d&rsquo;immatriculation\u00a0\u00bb<\/em>, a pr\u00e9cis\u00e9&nbsp;Boyko Borissov&nbsp;sur une cha\u00eene de t\u00e9l\u00e9vision. Pour Dimitar Dimitrov, directeur ex\u00e9cutif de la Chambre des transporteurs routiers bulgares, il est courant que des ressortissants \u00e9trangers enregistrent des entreprises en Bulgarie pour<em>&nbsp;\u00ab\u00a0profiter de la fiscalit\u00e9 favorable\u00a0\u00bb<\/em>.<\/p>\n\n\n\n<h2 class=\"wp-block-heading\">Qui sont les 39 personnes retrouv\u00e9es mortes&nbsp;?<\/h2>\n\n\n\n<p>Selon les premiers \u00e9l\u00e9ments de l&rsquo;enqu\u00eate, il s&rsquo;agit de 38 adultes et d&rsquo;un adolescent. Aucune indication n&rsquo;a \u00e9t\u00e9 apport\u00e9e dans l&rsquo;imm\u00e9diat sur leur origine, ni sur le fait qu&rsquo;il s&rsquo;agisse ou non de migrants. Ces derni\u00e8res ann\u00e9es,&nbsp;nombre d&rsquo;entre eux ont tent\u00e9 de rejoindre le Royaume-Uni en se cachant dans des remorques de camion ou en utilisant des embarcations.<\/p>\n\n\n\n<p>Selon la ministre britannique de l&rsquo;Int\u00e9rieur, Priti Patel, les services de l&rsquo;immigration travailleront<em>&nbsp;\u00ab\u00a0\u00e9troitement\u00a0\u00bb<\/em>&nbsp;avec la police pour \u00e9tablir comment&nbsp;<em>\u00ab\u00a0cet \u00e9v\u00e9nement horrible a pu se produire\u00a0\u00bb<\/em>.&nbsp;<em>\u00ab\u00a0Ce \u00e0 quoi nous assistons aujourd&rsquo;hui est l&rsquo;un des plus horribles crimes contre l&rsquo;humanit\u00e9\u00a0\u00bb<\/em>, a d\u00e9clar\u00e9 la ministre, interpell\u00e9e au Parlement sur les questions d&rsquo;immigration clandestine.&nbsp;L&rsquo;identification des victimes constitue la&nbsp;<em>\u00ab\u00a0priorit\u00e9 num\u00e9ro un\u00a0\u00bb<\/em>, a aussi assur\u00e9 la cheffe adjointe de la police de l&rsquo;Essex, Pippa Mills.&nbsp;Un appel \u00e0 t\u00e9moins a \u00e9t\u00e9 lanc\u00e9.<\/p>\n\n\n\n<p>Selon Gerald Tatzgern, chef de l&rsquo;Office autrichien de lutte contre le trafic d&rsquo;\u00eatres humains, le nombre de migrants empruntant la<em>&nbsp;\u00ab\u00a0route des Balkans\u00a0\u00bb<\/em>&nbsp;est&nbsp;<em>\u00ab\u00a0relativement \u00e9lev\u00e9\u00a0\u00bb<\/em>&nbsp;actuellement. Un drame comme celui de mercredi&nbsp;<em>\u00ab\u00a0est justement ce que je craignais\u00a0\u00bb<\/em>, a-t-il d\u00e9clar\u00e9.<\/p>\n\n\n\n<h2 class=\"wp-block-heading\">Qui conduisait le camion&nbsp;?<\/h2>\n\n\n\n<p>Selon les m\u00e9dias britanniques, le chauffeur du camion serait un habitant de la ville nord-irlandaise de Portadown. Il a \u00e9t\u00e9 interpell\u00e9 sur place et plac\u00e9 en garde \u00e0 vue, dans une enqu\u00eate&nbsp;pour meurtre. Selon le quotidien britannique&nbsp;<em><a href=\"https:\/\/www.theguardian.com\/uk-news\/2019\/oct\/23\/driver-arrested-after-39-bodies-found-in-lorry-container-in-essex\" target=\"_blank\" rel=\"noreferrer noopener\">The Guardian<\/a>&nbsp;(en anglais)<\/em>, son profil Facebook le montre au volant de camions de transport, notamment celui retrouv\u00e9 par la police mercredi.<\/p>\n\n\n\n<h2 class=\"wp-block-heading\">Que va-t-il se passer&nbsp;maintenant&nbsp;?<\/h2>\n\n\n\n<p>Dans la zone industrielle de Waterglade, o\u00f9 le camion a \u00e9t\u00e9 d\u00e9couvert, un cordon de s\u00e9curit\u00e9 a \u00e9t\u00e9 mis en place. Le v\u00e9hicule a \u00e9t\u00e9 d\u00e9plac\u00e9 dans l&rsquo;apr\u00e8s-midi&nbsp;<em>\u00ab\u00a0vers un emplacement s\u00e9curis\u00e9 (&#8230;) afin que les corps puissent \u00eatre r\u00e9cup\u00e9r\u00e9s\u00a0\u00bb<\/em>, a indiqu\u00e9 la cheffe adjointe de la police de l&rsquo;Essex, Pippa Mills.&nbsp;Une enqu\u00eate a \u00e9t\u00e9 ouverte dans la foul\u00e9e par le parquet f\u00e9d\u00e9ral belge.<\/p>\n\n\n\n<p>Une veill\u00e9e&nbsp;doit avoir lieu&nbsp;pour les victimes devant le minist\u00e8re des Affaires \u00e9trang\u00e8res, \u00e0 Londres.<em>&nbsp;\u00ab\u00a0Nous sommes horrifi\u00e9s d&rsquo;apprendre la mort de ces personnes vuln\u00e9rables et exploit\u00e9es\u00a0\u00bb<\/em>, a expliqu\u00e9 Clare Moseley, de l&rsquo;association d&rsquo;aide aux migrants Care4Calais, au&nbsp;<a href=\"http:\/\/www.leparisien.fr\/faits-divers\/au-royaume-uni-le-camion-de-l-horreur-23-10-2019-8179092.php\" target=\"_blank\" rel=\"noreferrer noopener\"><em>Parisien<\/em><\/a>.<\/p>\n","protected":false},"excerpt":{"rendered":"<p>L&rsquo;horreur \u00e0 l&rsquo;arri\u00e8re du camion. Mercredi 23 octobre,&nbsp;trente-neuf corps, dont celui d&rsquo;un adolescent, ont \u00e9t\u00e9 d\u00e9couverts \u00e0 l&rsquo;est de Londres dans un camion frigorifique venu de Belgique.&nbsp;\u00ab\u00a0C&rsquo;est une trag\u00e9die inimaginable et qui fend le c\u0153ur\u00a0\u00bb, a&nbsp;r\u00e9agi le Premier ministre britannique,&nbsp;Boris Johnson. Le chauffeur a \u00e9t\u00e9 arr\u00eat\u00e9 dans le cadre d&rsquo;une enqu\u00eate pour meurtre. Franceinfo fait [&hellip;]<\/p>\n","protected":false},"author":2,"featured_media":13516,"comment_status":"open","ping_status":"open","sticky":false,"template":"","format":"standard","meta":{"_jetpack_memberships_contains_paid_content":false,"footnotes":"","jetpack_publicize_message":"","jetpack_publicize_feature_enabled":true,"jetpack_social_post_already_shared":true,"jetpack_social_options":{"image_generator_settings":{"template":"highway","default_image_id":0,"font":"","enabled":false},"version":2},"_wpas_customize_per_network":false},"categories":[405],"tags":[],"class_list":["post-13515","post","type-post","status-publish","format-standard","has-post-thumbnail","hentry","category-actu-france-monde"],"jetpack_publicize_connections":[],"jetpack_featured_media_url":"https:\/\/i0.wp.com\/www.iceagetv.com\/radiosite\/wp-content\/uploads\/2019\/10\/Ce-que-lon-sait-de-la-d%C3%A9couverte-de-39-corps-dans-un-camion-au-Royaume-Uni.jpg?fit=1197%2C450&ssl=1","jetpack_sharing_enabled":true,"_links":{"self":[{"href":"https:\/\/www.iceagetv.com\/radiosite\/wp-json\/wp\/v2\/posts\/13515","targetHints":{"allow":["GET"]}}],"collection":[{"href":"https:\/\/www.iceagetv.com\/radiosite\/wp-json\/wp\/v2\/posts"}],"about":[{"href":"https:\/\/www.iceagetv.com\/radiosite\/wp-json\/wp\/v2\/types\/post"}],"author":[{"embeddable":true,"href":"https:\/\/www.iceagetv.com\/radiosite\/wp-json\/wp\/v2\/users\/2"}],"replies":[{"embeddable":true,"href":"https:\/\/www.iceagetv.com\/radiosite\/wp-json\/wp\/v2\/comments?post=13515"}],"version-history":[{"count":1,"href":"https:\/\/www.iceagetv.com\/radiosite\/wp-json\/wp\/v2\/posts\/13515\/revisions"}],"predecessor-version":[{"id":13517,"href":"https:\/\/www.iceagetv.com\/radiosite\/wp-json\/wp\/v2\/posts\/13515\/revisions\/13517"}],"wp:featuredmedia":[{"embeddable":true,"href":"https:\/\/www.iceagetv.com\/radiosite\/wp-json\/wp\/v2\/media\/13516"}],"wp:attachment":[{"href":"https:\/\/www.iceagetv.com\/radiosite\/wp-json\/wp\/v2\/media?parent=13515"}],"wp:term":[{"taxonomy":"category","embeddable":true,"href":"https:\/\/www.iceagetv.com\/radiosite\/wp-json\/wp\/v2\/categories?post=13515"},{"taxonomy":"post_tag","embeddable":true,"href":"https:\/\/www.iceagetv.com\/radiosite\/wp-json\/wp\/v2\/tags?post=13515"}],"curies":[{"name":"wp","href":"https:\/\/api.w.org\/{rel}","templated":true}]}}