{"id":13518,"date":"2019-10-24T13:13:45","date_gmt":"2019-10-24T13:13:45","guid":{"rendered":"http:\/\/www.iceagetv.com\/radiosite\/?p=13518"},"modified":"2019-10-24T13:13:50","modified_gmt":"2019-10-24T13:13:50","slug":"intemperies-dans-le-sud-de-la-france-trois-personnes-sont-decedees","status":"publish","type":"post","link":"https:\/\/www.iceagetv.com\/radiosite\/intemperies-dans-le-sud-de-la-france-trois-personnes-sont-decedees\/","title":{"rendered":"Intemp\u00e9ries dans le sud de la France : trois personnes sont d\u00e9c\u00e9d\u00e9es"},"content":{"rendered":"\n<h2 class=\"wp-block-heading\">Les inondations ont \u00e9galement caus\u00e9 des d\u00e9g\u00e2ts tr\u00e8s importants dans plusieurs d\u00e9partements, dont l&rsquo;H\u00e9rault et le Var.Trois personnes sont d\u00e9c\u00e9d\u00e9es \u00e0 la suite des\u00a0<a rel=\"noreferrer noopener\" href=\"http:\/\/www.leparisien.fr\/environnement\/episode-mediterraneen-10-photos-du-deluge-24-10-2019-8179227.php\" target=\"_blank\">inondations<\/a>\u00a0qui ont frapp\u00e9 le sud de la France, a indiqu\u00e9 ce jeudi le minist\u00e8re de l&rsquo;Int\u00e9rieur dans un communiqu\u00e9.<br><br>On ne conna\u00eet pas les circonstances ayant conduit \u00e0 ces trois morts. Jusqu&rsquo;alors, on savait simplement qu&rsquo;une femme avait \u00e9t\u00e9 emport\u00e9e par les eaux et hospitalis\u00e9e en urgence absolue, mercredi, mais on ignore pour le moment si celle-ci fait partie des trois victimes d\u00e9c\u00e9d\u00e9es.<\/h2>\n\n\n\n<p>Des trombes d&rsquo;eau&nbsp;<a href=\"http:\/\/www.leparisien.fr\/societe\/episode-mediterraneen-beziers-et-montpellier-sous-des-trombes-d-eau-23-10-2019-8178924.php\" target=\"_blank\" rel=\"noreferrer noopener\">se sont abattues<\/a>&nbsp;depuis la nuit de mardi \u00e0 mercredi sur plusieurs d\u00e9partements du sud de la France, dont l&rsquo;H\u00e9rault et le Var.<\/p>\n\n\n\n<p>Les autorit\u00e9s soulignent que 2 000 pompiers et effectifs de la S\u00e9curit\u00e9 civile sont intervenus durant cette \u00ab situation de crise \u00bb. Le ministre de l&rsquo;Int\u00e9rieur Christophe Castaner et son secr\u00e9taire d&rsquo;Etat Laurent Nunez \u00ab remercient vivement \u00bb ces secouristes.<\/p>\n\n\n\n<h2 class=\"wp-block-heading\">La Haute-Corse toujours en vigilance orange<\/h2>\n\n\n\n<p>Les deux membres du gouvernement annoncent \u00e9galement leur \u00ab souhait \u00bb que les zones concern\u00e9es soient reconnues en \u00e9tat de catastrophe naturelle. Cela permettra aux communes et aux habitants impact\u00e9s de b\u00e9n\u00e9ficier de meilleures conditions d&rsquo;indemnisation.<\/p>\n\n\n\n<p>Outre les trois d\u00e9c\u00e8s, les inondations ont \u00e9galement caus\u00e9 des d\u00e9g\u00e2ts mat\u00e9riels tr\u00e8s importants. La SNCF a d&rsquo;ailleurs \u00e9t\u00e9 contrainte&nbsp;<a href=\"http:\/\/www.leparisien.fr\/economie\/intemperies-a-montpellier-plus-aucun-train-vers-toulouse-et-l-espagne-23-10-2019-8179119.php\" target=\"_blank\" rel=\"noreferrer noopener\">de suspendre le trafic ferroviaire<\/a>&nbsp;depuis Montpellier et en direction de l&rsquo;Espagne ou Toulouse, au moins jusqu&rsquo;au 4 novembr<\/p>\n\n\n\n<p><\/p>\n","protected":false},"excerpt":{"rendered":"<p>Les inondations ont \u00e9galement caus\u00e9 des d\u00e9g\u00e2ts tr\u00e8s importants dans plusieurs d\u00e9partements, dont l&rsquo;H\u00e9rault et le Var.Trois personnes sont d\u00e9c\u00e9d\u00e9es \u00e0 la suite des\u00a0inondations\u00a0qui ont frapp\u00e9 le sud de la France, a indiqu\u00e9 ce jeudi le minist\u00e8re de l&rsquo;Int\u00e9rieur dans un communiqu\u00e9. On ne conna\u00eet pas les circonstances ayant conduit \u00e0 ces trois morts. Jusqu&rsquo;alors, [&hellip;]<\/p>\n","protected":false},"author":2,"featured_media":13519,"comment_status":"open","ping_status":"open","sticky":false,"template":"","format":"standard","meta":{"_jetpack_memberships_contains_paid_content":false,"footnotes":"","jetpack_publicize_message":"","jetpack_publicize_feature_enabled":true,"jetpack_social_post_already_shared":true,"jetpack_social_options":{"image_generator_settings":{"template":"highway","default_image_id":0,"font":"","enabled":false},"version":2},"_wpas_customize_per_network":false},"categories":[14],"tags":[],"class_list":["post-13518","post","type-post","status-publish","format-standard","has-post-thumbnail","hentry","category-actu-meteo"],"jetpack_publicize_connections":[],"jetpack_featured_media_url":"https:\/\/i0.wp.com\/www.iceagetv.com\/radiosite\/wp-content\/uploads\/2019\/10\/Intemp%C3%A9ries-dans-le-sud-de-la-France.jpg?fit=932%2C582&ssl=1","jetpack_sharing_enabled":true,"_links":{"self":[{"href":"https:\/\/www.iceagetv.com\/radiosite\/wp-json\/wp\/v2\/posts\/13518","targetHints":{"allow":["GET"]}}],"collection":[{"href":"https:\/\/www.iceagetv.com\/radiosite\/wp-json\/wp\/v2\/posts"}],"about":[{"href":"https:\/\/www.iceagetv.com\/radiosite\/wp-json\/wp\/v2\/types\/post"}],"author":[{"embeddable":true,"href":"https:\/\/www.iceagetv.com\/radiosite\/wp-json\/wp\/v2\/users\/2"}],"replies":[{"embeddable":true,"href":"https:\/\/www.iceagetv.com\/radiosite\/wp-json\/wp\/v2\/comments?post=13518"}],"version-history":[{"count":1,"href":"https:\/\/www.iceagetv.com\/radiosite\/wp-json\/wp\/v2\/posts\/13518\/revisions"}],"predecessor-version":[{"id":13520,"href":"https:\/\/www.iceagetv.com\/radiosite\/wp-json\/wp\/v2\/posts\/13518\/revisions\/13520"}],"wp:featuredmedia":[{"embeddable":true,"href":"https:\/\/www.iceagetv.com\/radiosite\/wp-json\/wp\/v2\/media\/13519"}],"wp:attachment":[{"href":"https:\/\/www.iceagetv.com\/radiosite\/wp-json\/wp\/v2\/media?parent=13518"}],"wp:term":[{"taxonomy":"category","embeddable":true,"href":"https:\/\/www.iceagetv.com\/radiosite\/wp-json\/wp\/v2\/categories?post=13518"},{"taxonomy":"post_tag","embeddable":true,"href":"https:\/\/www.iceagetv.com\/radiosite\/wp-json\/wp\/v2\/tags?post=13518"}],"curies":[{"name":"wp","href":"https:\/\/api.w.org\/{rel}","templated":true}]}}