{"id":13524,"date":"2019-10-25T08:58:57","date_gmt":"2019-10-25T08:58:57","guid":{"rendered":"http:\/\/www.iceagetv.com\/radiosite\/?p=13524"},"modified":"2019-10-25T08:59:02","modified_gmt":"2019-10-25T08:59:02","slug":"lusage-des-trottinettes-desormais-encadre-par-le-code-de-la-route","status":"publish","type":"post","link":"https:\/\/www.iceagetv.com\/radiosite\/lusage-des-trottinettes-desormais-encadre-par-le-code-de-la-route\/","title":{"rendered":"L\u2019usage des trottinettes d\u00e9sormais encadr\u00e9 par le code de la route"},"content":{"rendered":"\n<p>Cette \u00ab nouvelle cat\u00e9gorie de v\u00e9hicule \u00bb devra rester sur les pistes cyclables, mais rouler sur le trottoirs pourra \u00eatre exceptionnellement autoris\u00e9.<\/p>\n\n\n\n<p>Les trottinettes sont maintenant des moyens de transport \u00e0 part enti\u00e8re et soumis \u00e0 ce titre \u00e0 des r\u00e8gles. Vendredi 25&nbsp;octobre,<a href=\"https:\/\/www.legifrance.gouv.fr\/affichTexte.do;jsessionid=962CC1FFCA6FBF6363EE9F32429E7736.tplgfr30s_1?cidTexte=JORFTEXT000039272656&amp;dateTexte=&amp;oldAction=rechJO&amp;categorieLien=id&amp;idJO=JORFCONT000039272381\">&nbsp;un d\u00e9cret a \u00e9t\u00e9 publi\u00e9<\/a>&nbsp;au&nbsp;<em>Journal officiel<\/em>&nbsp;pour encadrer leur usage, ainsi que ceux des autres e<em>\u00ab&nbsp;engins de d\u00e9placement personnels&nbsp;\u00bb<\/em>&nbsp;&nbsp;(EPDM) comme les gyroroues et les hoverboars.<\/p>\n\n\n\n<p>Le texte, appel\u00e9 \u00e0 entrer en vigueur en partie d\u00e8s samedi (une autre partie concernant les aspects technologiques entrera en vigueur le 1er juillet 2020), modifie le code de la route et s\u2019adresse aux usagers, aux collectivit\u00e9s territoriales et aux forces de l\u2019ordre.<\/p>\n\n\n\n<p>Il vise \u00e0&nbsp;<em>\u00ab&nbsp;d\u00e9finir les caract\u00e9ristiques techniques et les conditions de circulation des engins de d\u00e9placement personnel&nbsp;\u00bb<\/em>, motoris\u00e9s ou non motoris\u00e9s, pr\u00e9sent\u00e9s comme de&nbsp;<em>\u00ab&nbsp;nouvelles cat\u00e9gories de v\u00e9hicules&nbsp;\u00bb<\/em>.<\/p>\n\n\n\n<ul class=\"wp-block-list\"><li><strong>Trottoires interdits.<\/strong>&nbsp;En ville, les trottinettes devront rester sur les pistes cyclables, lorsqu\u2019elles existent. Rouler sur le trottoir sera en principe interdit, mais pourra \u00eatre exceptionnellement autoris\u00e9,&nbsp;<em>\u00ab \u00e0 condition<\/em>&nbsp;[que les engins]<em>&nbsp;respectent l\u2019allure du pas et n\u2019occasionnent pas de g\u00eane pour les pi\u00e9tons \u00bb<\/em>. En revanche, le stationnement sur les trottoirs est permis, tant que \u00e7a ne g\u00eane pas les pi\u00e9tons. Mais certains maires, comme Anne Hidalgo \u00e0 Paris, ont d\u2019ores et d\u00e9j\u00e0 fix\u00e9 leurs r\u00e8gles : il est ainsi interdit de se garer sur les trottoirs de la capitale.<\/li><li><strong>Un seul conducteur.<\/strong>&nbsp;Les engins de d\u00e9placement personnel motoris\u00e9s ne peuvent transporter qu\u2019un seul conducteur&nbsp;<em>\u00ab&nbsp;\u00e2g\u00e9 d\u2019au moins douze ans&nbsp;\u00bb<\/em>, pr\u00e9voit le d\u00e9cret qui interdit \u00e0 ce conducteur de&nbsp;<em>\u00ab&nbsp;pousser ou tracter une charge ou un v\u00e9hicule&nbsp;\u00bb<\/em>&nbsp;ou de&nbsp;<em>\u00ab&nbsp;se faire remorquer par un v\u00e9hicule&nbsp;\u00bb<\/em>.<\/li><li><strong>Vitesse limit\u00e9e \u00e0 25 km\/h.&nbsp;<\/strong>La loi pr\u00e9voit d\u00e9sormais que ces engins ne doivent pas pouvoir d\u00e9passer une vitesse de 25 km\/h, alors que certains constructeurs offraient la possibilit\u00e9 d\u2019atteindre jusqu\u2019\u00e0 80 km\/h. Conduire un engin con\u00e7u pour d\u00e9passer cette vitesse (par construction ou apr\u00e8s avoir \u00e9t\u00e9 d\u00e9brid\u00e9) sera passible de 1 500 euros d\u2019amende, voire 3 000 euros en r\u00e9cidive.<\/li><li><strong>Equipements obligatoires la nuit.<\/strong>&nbsp;<em>\u00ab&nbsp;Lorsqu\u2019il circule la nuit, ou le jour lorsque la visibilit\u00e9 est insuffisante&nbsp;\u00bb<\/em>, un conducteur d\u2019EDPM devra porter soit un gilet de haute visibilit\u00e9, soit un \u00e9quipement r\u00e9tro-r\u00e9fl\u00e9chissant. Le port d\u2019un tel \u00e9quipement, ainsi que celui d\u2019un casque, est obligatoire dans le cas d\u2019une circulation \u2013 si elle est autoris\u00e9e \u2013 hors agglom\u00e9ration. Des maires peuvent en effet autoriser&nbsp;<em>\u00ab&nbsp;autoriser la circulation sur les routes dont la vitesse maximale autoris\u00e9e est inf\u00e9rieure ou \u00e9gale \u00e0 80 km\/h, sous r\u00e9serve que l\u2019\u00e9tat et le profil de la chauss\u00e9e ainsi que les conditions de trafic le permettent&nbsp;\u00bb<\/em>.<\/li><li><strong>Feux et freins obligatoires.<\/strong>&nbsp;Comme les v\u00e9los, les engins devront \u00eatre \u00e9quip\u00e9s de feux de position avant et arri\u00e8re, d\u2019un syst\u00e8me de freinage et d\u2019un avertisseur sonore.<\/li><\/ul>\n","protected":false},"excerpt":{"rendered":"<p>Cette \u00ab nouvelle cat\u00e9gorie de v\u00e9hicule \u00bb devra rester sur les pistes cyclables, mais rouler sur le trottoirs pourra \u00eatre exceptionnellement autoris\u00e9. Les trottinettes sont maintenant des moyens de transport \u00e0 part enti\u00e8re et soumis \u00e0 ce titre \u00e0 des r\u00e8gles. Vendredi 25&nbsp;octobre,&nbsp;un d\u00e9cret a \u00e9t\u00e9 publi\u00e9&nbsp;au&nbsp;Journal officiel&nbsp;pour encadrer leur usage, ainsi que ceux des [&hellip;]<\/p>\n","protected":false},"author":2,"featured_media":13525,"comment_status":"open","ping_status":"open","sticky":false,"template":"","format":"standard","meta":{"_jetpack_memberships_contains_paid_content":false,"footnotes":"","jetpack_publicize_message":"","jetpack_publicize_feature_enabled":true,"jetpack_social_post_already_shared":true,"jetpack_social_options":{"image_generator_settings":{"template":"highway","default_image_id":0,"font":"","enabled":false},"version":2},"_wpas_customize_per_network":false},"categories":[405],"tags":[],"class_list":["post-13524","post","type-post","status-publish","format-standard","has-post-thumbnail","hentry","category-actu-france-monde"],"jetpack_publicize_connections":[],"jetpack_featured_media_url":"https:\/\/i0.wp.com\/www.iceagetv.com\/radiosite\/wp-content\/uploads\/2019\/10\/L%E2%80%99usage-des-trottinettes-d%C3%A9sormais-encadr%C3%A9-par-le-code-de-la-route.jpg?fit=688%2C459&ssl=1","jetpack_sharing_enabled":true,"_links":{"self":[{"href":"https:\/\/www.iceagetv.com\/radiosite\/wp-json\/wp\/v2\/posts\/13524","targetHints":{"allow":["GET"]}}],"collection":[{"href":"https:\/\/www.iceagetv.com\/radiosite\/wp-json\/wp\/v2\/posts"}],"about":[{"href":"https:\/\/www.iceagetv.com\/radiosite\/wp-json\/wp\/v2\/types\/post"}],"author":[{"embeddable":true,"href":"https:\/\/www.iceagetv.com\/radiosite\/wp-json\/wp\/v2\/users\/2"}],"replies":[{"embeddable":true,"href":"https:\/\/www.iceagetv.com\/radiosite\/wp-json\/wp\/v2\/comments?post=13524"}],"version-history":[{"count":1,"href":"https:\/\/www.iceagetv.com\/radiosite\/wp-json\/wp\/v2\/posts\/13524\/revisions"}],"predecessor-version":[{"id":13526,"href":"https:\/\/www.iceagetv.com\/radiosite\/wp-json\/wp\/v2\/posts\/13524\/revisions\/13526"}],"wp:featuredmedia":[{"embeddable":true,"href":"https:\/\/www.iceagetv.com\/radiosite\/wp-json\/wp\/v2\/media\/13525"}],"wp:attachment":[{"href":"https:\/\/www.iceagetv.com\/radiosite\/wp-json\/wp\/v2\/media?parent=13524"}],"wp:term":[{"taxonomy":"category","embeddable":true,"href":"https:\/\/www.iceagetv.com\/radiosite\/wp-json\/wp\/v2\/categories?post=13524"},{"taxonomy":"post_tag","embeddable":true,"href":"https:\/\/www.iceagetv.com\/radiosite\/wp-json\/wp\/v2\/tags?post=13524"}],"curies":[{"name":"wp","href":"https:\/\/api.w.org\/{rel}","templated":true}]}}