{"id":13528,"date":"2019-10-25T09:01:39","date_gmt":"2019-10-25T09:01:39","guid":{"rendered":"http:\/\/www.iceagetv.com\/radiosite\/?p=13528"},"modified":"2019-10-25T09:01:43","modified_gmt":"2019-10-25T09:01:43","slug":"brexit-boris-johnson-veut-des-elections-le-12-decembre","status":"publish","type":"post","link":"https:\/\/www.iceagetv.com\/radiosite\/brexit-boris-johnson-veut-des-elections-le-12-decembre\/","title":{"rendered":"Brexit: Boris Johnson veut des \u00e9lections le 12 d\u00e9cembre"},"content":{"rendered":"\n<p>Le premier ministre conservateur d\u00e9fie le travailliste Jeremy Corbyn \u00e0 l\u2019affronter dans les urnes pour d\u00e9bloquer la situation \u00e0 Westminster.<\/p>\n\n\n\n<p>Boris Johnson d\u00e9fie<a href=\"https:\/\/www.lefigaro.fr\/international\/brexit-jeremy-corbyn-presse-de-sortir-du-bois-par-son-parti-20190922\">&nbsp;Jeremy Corbyn<\/a>. Ratifier son accord sur le Brexit d\u2019ici \u00e0 d\u00e9but novembre ou accepter de nouvelles \u00e9lections: voici le march\u00e9 qu\u2019il lui a mis en main dans une lettre de deux pages et demie adress\u00e9e jeudi. Pour accentuer la pression sur l\u2019opposition et cr\u00e9dibiliser son bluff, il va solliciter lundi un vote du Parlement pour approuver des l\u00e9gislatives anticip\u00e9es le 12 d\u00e9cembre.<\/p>\n\n\n\n<p><em>\u00abCela signifie que nous pouvons mener \u00e0 bien le Brexit avant les \u00e9lections, le 12 d\u00e9cembre, si les d\u00e9put\u00e9s le choisissent,\u00a0<\/em>explique le premier ministre dans sa missive.\u00a0<em>Mais si le Parlement refuse de saisir cette opportunit\u00e9 et \u00e9choue \u00e0 le ratifier d\u2019ici au 6 novembre, comme je le crains, alors la question devra \u00eatre r\u00e9solue par un nouveau Parlement. Une \u00e9lection le 12 d\u00e9cembre permettra un nouveau Parlement et un nouveau gouvernement d\u2019\u00eatre en place pour No\u00ebl.\u00bb<\/em><\/p>\n\n\n\n<p>Le premier ministre conservateur tente ainsi de r\u00e9soudre la synth\u00e8se entre deux tendances qui s\u2019opposaient ces derni\u00e8res heures au sein de son cabinet: donner la priorit\u00e9 \u00e0 la ratification du Brexit ou foncer vers des \u00e9lections faute de consensus possible aux Communes sur la sortie de l\u2019UE.Le pari d\u2019une \u00e9lection risque de voir s\u2019\u00e9vaporer cette fragile dynamique derri\u00e8re son accord<\/p>\n\n\n\n<p>Seul hic, de taille, il lui faut les voix des deux tiers des d\u00e9put\u00e9s pour approuver la dissolution de la Chambre et de nouvelles \u00e9lections. Or, par deux fois depuis la rentr\u00e9e, le Labour de Jeremy Corbyn a refus\u00e9 de les lui accorder. L\u2019argument \u00e9tait alors que l\u2019opposition voulait d\u2019abord s\u2019assurer d\u2019un report de la date du Brexit pour \u00e9viter\u00a0<a href=\"https:\/\/www.lefigaro.fr\/international\/le-royaume-uni-sortira-de-l-ue-le-31-octobre-quoi-qu-il-arrive-20191002\">une sortie brutale de l\u2019UE le 31 octobre<\/a>. Celui-ci est d\u00e9sormais \u00e9cart\u00e9 dans l\u2019imm\u00e9diat. Le principe du report est acquis. Mais les Europ\u00e9ens s\u2019\u00e9charpent sur sa dur\u00e9e. Une d\u00e9cision pourrait \u00eatre prise vendredi.\u00a0<a href=\"https:\/\/www.lefigaro.fr\/international\/bruxelles-se-prepare-a-un-nouveau-report-du-brexit-20191022\">Donald Tusk, pr\u00e9sident du Conseil europ\u00e9en<\/a>, comme Angela Merkel et\u00a0<a href=\"https:\/\/www.lefigaro.fr\/international\/brexit-les-vingt-sept-divergent-deja-sur-la-duree-du-report-20191023\">une majorit\u00e9 de dirigeants des Vingt-Sept<\/a>, plaident pour une extension de trois mois, jusqu\u2019\u00e0 la fin janvier, conform\u00e9ment au texte de la loi Benn adopt\u00e9e par les Communes pour contraindre Boris Johnson \u00e0 demander un d\u00e9lai.<\/p>\n\n\n\n<p>\u00c0 l\u2019inverse,&nbsp;<a href=\"https:\/\/www.lefigaro.fr\/international\/brexit-macron-veut-croire-qu-un-accord-est-en-train-d-etre-finalise-20191016\">Emmanuel Macron veut en finir au plus vite<\/a>. Il r\u00e9clame une extension tr\u00e8s limit\u00e9e, de quinze jours \u00e0 un mois, juste le temps de laisser la Grande-Bretagne finir d\u2019examiner et d\u2019approuver l\u2019accord conclu avec les Vingt-Sept \u00e0 Bruxelles la semaine derni\u00e8re. Mardi soir, pour la premi\u00e8re fois, une majorit\u00e9 de d\u00e9put\u00e9s britanniques ont vot\u00e9 en faveur de ce texte aux Communes lors d\u2019une \u00e9tape interm\u00e9diaire de son examen, avant de se prononcer aussit\u00f4t contre le calendrier propos\u00e9 par Boris Johnson qui voulait mener \u00e0 bout la proc\u00e9dure d\u2019adoption en trois jours. D\u2019o\u00f9 la demande, contre son gr\u00e9, d\u2019un report aux Europ\u00e9ens et de la mise en \u00abpause\u00bb de l\u2019examen de l\u2019accord sur le Brexit.<\/p>\n\n\n\n<p>Le pari d\u2019une \u00e9lection risque de voir s\u2019\u00e9vaporer cette fragile dynamique derri\u00e8re son accord. La campagne sera l\u2019occasion de relancer les intarissables d\u00e9bats sur les m\u00e9rites du Brexit. Boris Johnson s\u2019appuie sur des sondages donnant une confortable avance aux conservateurs (autour de 35% d\u2019intentions de vote), tandis que les travaillistes se tra\u00eenent une quinzaine de points derri\u00e8re. D\u2019o\u00f9 leurs r\u00e9ticences \u00e0 soutenir une \u00e9lection. Mais lorsque Theresa May a convoqu\u00e9 un scrutin anticip\u00e9 en 2017, elle caracolait aussi en t\u00eate dans les sondages. Ce qui ne l\u2019avait pas emp\u00each\u00e9 de perdre sa majorit\u00e9.<\/p>\n","protected":false},"excerpt":{"rendered":"<p>Le premier ministre conservateur d\u00e9fie le travailliste Jeremy Corbyn \u00e0 l\u2019affronter dans les urnes pour d\u00e9bloquer la situation \u00e0 Westminster. Boris Johnson d\u00e9fie&nbsp;Jeremy Corbyn. Ratifier son accord sur le Brexit d\u2019ici \u00e0 d\u00e9but novembre ou accepter de nouvelles \u00e9lections: voici le march\u00e9 qu\u2019il lui a mis en main dans une lettre de deux pages et [&hellip;]<\/p>\n","protected":false},"author":2,"featured_media":13529,"comment_status":"open","ping_status":"open","sticky":false,"template":"","format":"standard","meta":{"_jetpack_memberships_contains_paid_content":false,"footnotes":"","jetpack_publicize_message":"","jetpack_publicize_feature_enabled":true,"jetpack_social_post_already_shared":true,"jetpack_social_options":{"image_generator_settings":{"template":"highway","default_image_id":0,"font":"","enabled":false},"version":2},"_wpas_customize_per_network":false},"categories":[405],"tags":[],"class_list":["post-13528","post","type-post","status-publish","format-standard","has-post-thumbnail","hentry","category-actu-france-monde"],"jetpack_publicize_connections":[],"jetpack_featured_media_url":"https:\/\/i0.wp.com\/www.iceagetv.com\/radiosite\/wp-content\/uploads\/2019\/10\/Boris-Johnson-veut-des-%C3%A9lections-le-12-d%C3%A9cembre.jpg?fit=200%2C200&ssl=1","jetpack_sharing_enabled":true,"_links":{"self":[{"href":"https:\/\/www.iceagetv.com\/radiosite\/wp-json\/wp\/v2\/posts\/13528","targetHints":{"allow":["GET"]}}],"collection":[{"href":"https:\/\/www.iceagetv.com\/radiosite\/wp-json\/wp\/v2\/posts"}],"about":[{"href":"https:\/\/www.iceagetv.com\/radiosite\/wp-json\/wp\/v2\/types\/post"}],"author":[{"embeddable":true,"href":"https:\/\/www.iceagetv.com\/radiosite\/wp-json\/wp\/v2\/users\/2"}],"replies":[{"embeddable":true,"href":"https:\/\/www.iceagetv.com\/radiosite\/wp-json\/wp\/v2\/comments?post=13528"}],"version-history":[{"count":1,"href":"https:\/\/www.iceagetv.com\/radiosite\/wp-json\/wp\/v2\/posts\/13528\/revisions"}],"predecessor-version":[{"id":13530,"href":"https:\/\/www.iceagetv.com\/radiosite\/wp-json\/wp\/v2\/posts\/13528\/revisions\/13530"}],"wp:featuredmedia":[{"embeddable":true,"href":"https:\/\/www.iceagetv.com\/radiosite\/wp-json\/wp\/v2\/media\/13529"}],"wp:attachment":[{"href":"https:\/\/www.iceagetv.com\/radiosite\/wp-json\/wp\/v2\/media?parent=13528"}],"wp:term":[{"taxonomy":"category","embeddable":true,"href":"https:\/\/www.iceagetv.com\/radiosite\/wp-json\/wp\/v2\/categories?post=13528"},{"taxonomy":"post_tag","embeddable":true,"href":"https:\/\/www.iceagetv.com\/radiosite\/wp-json\/wp\/v2\/tags?post=13528"}],"curies":[{"name":"wp","href":"https:\/\/api.w.org\/{rel}","templated":true}]}}