{"id":13531,"date":"2019-10-25T09:03:48","date_gmt":"2019-10-25T09:03:48","guid":{"rendered":"http:\/\/www.iceagetv.com\/radiosite\/?p=13531"},"modified":"2019-10-25T09:03:53","modified_gmt":"2019-10-25T09:03:53","slug":"decouvrez-pourquoi-genevieve-de-fontenay-demande-lannulation-de-la-prochaine-ceremonie-de-miss-france-il-faut-vraiment-etre-tares-je-suis-revoltee","status":"publish","type":"post","link":"https:\/\/www.iceagetv.com\/radiosite\/decouvrez-pourquoi-genevieve-de-fontenay-demande-lannulation-de-la-prochaine-ceremonie-de-miss-france-il-faut-vraiment-etre-tares-je-suis-revoltee\/","title":{"rendered":"D\u00e9couvrez pourquoi Genevi\u00e8ve de Fontenay demande l\u2019annulation de la prochaine c\u00e9r\u00e9monie de Miss France : \u00ab\u00a0Il faut vraiment \u00eatre tar\u00e9s, je suis r\u00e9volt\u00e9e !\u00a0\u00bb"},"content":{"rendered":"\n<p>Genevi\u00e8ve de Fontenay est furieuse et comme tout jour, elle le dit haut et fort et ne m\u00e2che pas ses mots\/ Tout a commenc\u00e9 quand le comit\u00e9 Miss Lorraine a d\u00e9voil\u00e9 le croquis du costume r\u00e9gional que portera sa repr\u00e9sentante Ilona Robelin le 14 d\u00e9cembre prochain au D\u00f4me de Marseille lors de la c\u00e9r\u00e9monie de l\u2019\u00e9lection de Miss France 2020.<\/p>\n\n\n\n<p>\u00abC\u2019est Marion Lambert qui a \u00e9t\u00e9 s\u00e9lectionn\u00e9e pour confectionner le costume qu\u2019elle a imagin\u00e9: un Poilu pour c\u00e9l\u00e9brer le centenaire de l\u2019armistice 1918 et rendre hommage \u00e0 nos soldats qui se sont battus dans les tranch\u00e9es de la Lorraine (entre autres) et d\u00e9fendre la France\u00bb, a expliqu\u00e9 la d\u00e9l\u00e9gation r\u00e9gionale sur son compte Facebook. (Voir le costume ci-dessous)<\/p>\n\n\n\n<p>Genevi\u00e8ve de Fontenay n&rsquo;a pas vraiment appr\u00e9ci\u00e9 cette id\u00e9e et elle va tr\u00e8s loin car elle envisage purement et simplement de demander que le concours soit annul\u00e9. Dans&nbsp;<a href=\"https:\/\/www.vosgesmatin.fr\/culture-loisirs\/2019\/10\/24\/tenue-de-poilu-pour-miss-lorraine-je-demande-l-annulation-de-miss-france-reagit-genevieve-de-fontenay\" target=\"_blank\" rel=\"noreferrer noopener\">Vosges Matin<\/a>, elle affirme:&nbsp; \u00ab\u00a0Je n\u2019arrive pas \u00e0 y croire, c\u2019est tellement invraisemblable. Comment peut-on relier une \u00e9lection de Miss France, un concours de beaut\u00e9, avec des Poilus qui sont morts pour la France.<strong>&nbsp;C\u2019est inconcevable, il faut vraiment \u00eatre tar\u00e9 et ne plus avoir d\u2019id\u00e9es. Je suis r\u00e9volt\u00e9e qu\u2019on salisse comme \u00e7a le titre de Miss France. Je proteste et je demande m\u00eame \u00e9ventuellement l\u2019annulation de l\u2019\u00e9lection de Miss France si c\u2019est pour faire \u00e7a.<\/strong>\u00ab\u00a0<\/p>\n","protected":false},"excerpt":{"rendered":"<p>Genevi\u00e8ve de Fontenay est furieuse et comme tout jour, elle le dit haut et fort et ne m\u00e2che pas ses mots\/ Tout a commenc\u00e9 quand le comit\u00e9 Miss Lorraine a d\u00e9voil\u00e9 le croquis du costume r\u00e9gional que portera sa repr\u00e9sentante Ilona Robelin le 14 d\u00e9cembre prochain au D\u00f4me de Marseille lors de la c\u00e9r\u00e9monie de [&hellip;]<\/p>\n","protected":false},"author":2,"featured_media":13532,"comment_status":"open","ping_status":"open","sticky":false,"template":"","format":"standard","meta":{"_jetpack_memberships_contains_paid_content":false,"footnotes":"","jetpack_publicize_message":"","jetpack_publicize_feature_enabled":true,"jetpack_social_post_already_shared":true,"jetpack_social_options":{"image_generator_settings":{"template":"highway","default_image_id":0,"font":"","enabled":false},"version":2},"_wpas_customize_per_network":false},"categories":[68],"tags":[],"class_list":["post-13531","post","type-post","status-publish","format-standard","has-post-thumbnail","hentry","category-actu-culturelle"],"jetpack_publicize_connections":[],"jetpack_featured_media_url":"https:\/\/i0.wp.com\/www.iceagetv.com\/radiosite\/wp-content\/uploads\/2019\/10\/a-prochaine-c%C3%A9r%C3%A9monie-de-Miss-France.jpg?fit=798%2C345&ssl=1","jetpack_sharing_enabled":true,"_links":{"self":[{"href":"https:\/\/www.iceagetv.com\/radiosite\/wp-json\/wp\/v2\/posts\/13531","targetHints":{"allow":["GET"]}}],"collection":[{"href":"https:\/\/www.iceagetv.com\/radiosite\/wp-json\/wp\/v2\/posts"}],"about":[{"href":"https:\/\/www.iceagetv.com\/radiosite\/wp-json\/wp\/v2\/types\/post"}],"author":[{"embeddable":true,"href":"https:\/\/www.iceagetv.com\/radiosite\/wp-json\/wp\/v2\/users\/2"}],"replies":[{"embeddable":true,"href":"https:\/\/www.iceagetv.com\/radiosite\/wp-json\/wp\/v2\/comments?post=13531"}],"version-history":[{"count":1,"href":"https:\/\/www.iceagetv.com\/radiosite\/wp-json\/wp\/v2\/posts\/13531\/revisions"}],"predecessor-version":[{"id":13533,"href":"https:\/\/www.iceagetv.com\/radiosite\/wp-json\/wp\/v2\/posts\/13531\/revisions\/13533"}],"wp:featuredmedia":[{"embeddable":true,"href":"https:\/\/www.iceagetv.com\/radiosite\/wp-json\/wp\/v2\/media\/13532"}],"wp:attachment":[{"href":"https:\/\/www.iceagetv.com\/radiosite\/wp-json\/wp\/v2\/media?parent=13531"}],"wp:term":[{"taxonomy":"category","embeddable":true,"href":"https:\/\/www.iceagetv.com\/radiosite\/wp-json\/wp\/v2\/categories?post=13531"},{"taxonomy":"post_tag","embeddable":true,"href":"https:\/\/www.iceagetv.com\/radiosite\/wp-json\/wp\/v2\/tags?post=13531"}],"curies":[{"name":"wp","href":"https:\/\/api.w.org\/{rel}","templated":true}]}}