{"id":13534,"date":"2019-10-26T08:42:28","date_gmt":"2019-10-26T08:42:28","guid":{"rendered":"http:\/\/www.iceagetv.com\/radiosite\/?p=13534"},"modified":"2019-10-26T08:42:33","modified_gmt":"2019-10-26T08:42:33","slug":"chili-plus-dun-million-de-manifestants-contre-le-gouvernement","status":"publish","type":"post","link":"https:\/\/www.iceagetv.com\/radiosite\/chili-plus-dun-million-de-manifestants-contre-le-gouvernement\/","title":{"rendered":"Chili : plus d&rsquo;un million de manifestants contre le gouvernement"},"content":{"rendered":"\n<p>Le gouvernement du pr\u00e9sident chilien Sebastian Pinera se trouvait vendredi 25 octobre plus que jamais sous pression: plus d&rsquo;un million personnes ont d\u00e9fil\u00e9 au Chili dans une mobilisation historique pour protester contre les in\u00e9galit\u00e9s sociales.Une semaine apr\u00e8s le d\u00e9clenchement d&rsquo;une vague de contestation sans pr\u00e9c\u00e9dent depuis des d\u00e9cennies dans un pays consid\u00e9r\u00e9 comme un des plus stables d&rsquo;Am\u00e9rique latine, la mobilisation ne c\u00e9dait pas.<br><\/p>\n\n\n\n<p>La gouverneure de la r\u00e9gion de Santiago, Karla Rubilar, a fait part de son \u00ab<em>\u00e9motion<\/em>\u00bb face \u00e0 la participation massive \u00e0 cette manifestation qui a r\u00e9uni, selon elle, \u00ab<em>plus d&rsquo;un million de personnes \u00e0 Santiago et diff\u00e9rentes r\u00e9gions du pays<\/em>\u00bb.<\/p>\n\n\n\n<p>Auparavant, la mairie de Santiago a d\u00e9clar\u00e9 dans un tweet que, selon la police, \u00ab<em>plus de 820.000 personnes<\/em>\u00bb \u00e9taient rassembl\u00e9es dans le centre de la capitale.<\/p>\n\n\n\n<p>Dans sa premi\u00e8re r\u00e9action, le pr\u00e9sident conservateur Sebastian Pinera a dit avoir \u00ab<em>entendu le message<\/em>\u00bb d\u00e9livr\u00e9 par les manifestants.<\/p>\n\n\n\n<p>\u00ab<em>La foule, joyeuse et pacifique, d\u00e9file aujourd&rsquo;hui, avec des Chiliens qui demandent un Chili plus juste et solidaire, cela ouvre de grands chemins d&rsquo;avenir et d&rsquo;esp\u00e9rance<\/em>\u00bb, a d\u00e9clar\u00e9 le chef de l&rsquo;Etat sur Twitter. \u00ab<em>Nous avons tous entendu le message<\/em>\u00bb, a-t-il ajout\u00e9.<br>Les manifestants, brandissant des drapeaux chiliens et entonnant des chants popularis\u00e9s pendant la p\u00e9riode de la dictature d&rsquo;Augusto Pinochet (1973-1990), se sont rassembl\u00e9s sur la Plaza Italia, devenue l&rsquo;\u00e9picentre du mouvement de contestation, ainsi que dans plusieurs avenues adjacentes, ont constat\u00e9 des journalistes de l&rsquo;AFP.<\/p>\n\n\n\n<p><em>Ce sera probablement le plus grand rassemblement de tous les temps<\/em>\u00bb, s&rsquo;enthousiasmait Francisco Anguitar, 38 ans, un agent de d\u00e9veloppement en intelligence artificielle, dans le cort\u00e8ge de Santiago. \u00ab<em>Nous demandons justice, honn\u00eatet\u00e9, \u00e9thique au gouvernement. Nous ne voulons pas le socialisme, le communisme, nous voulons moins d&rsquo;entreprises priv\u00e9es, plus d&rsquo;Etat<\/em>\u00bb, a-t-il ajout\u00e9.<\/p>\n\n\n\n<p>Le premier effet de cette mobilisation, \u00ab<em>c&rsquo;est que nous n&rsquo;aurons plus jamais \u00e0 subir d&rsquo;abus, plus jamais. Les gens sont pr\u00eats \u00e0 faire le sacrifice, si nous devons tout arr\u00eater pendant une semaine, un mois, nous allons le faire, peu importe ce que cela nous co\u00fbte<\/em>\u00bb, a d\u00e9clar\u00e9 Carlos Lazo, un retrait\u00e9 de 77 ans.<\/p>\n\n\n\n<p>Plusieurs dizaines de milliers de personnes ont \u00e9galement manifest\u00e9 dans plusieurs autres grandes villes du Chili.<\/p>\n\n\n\n<p>Alors qu&rsquo;une grande partie du pays et la capitale restaient sous \u00e9tat d&rsquo;urgence, avec 20.000 policiers et militaires d\u00e9ploy\u00e9s, la manifestation dans la capitale s&rsquo;est d\u00e9roul\u00e9e globalement dans une ambiance festive.<\/p>\n\n\n\n<p>Une atmosph\u00e8re qui contrastait avec les violentes \u00e9meutes qui ont \u00e9clat\u00e9 il y a une semaine, avec des saccages et des pillages de dizaines de stations de m\u00e9tro, de stations-service et de supermarch\u00e9s.<\/p>\n\n\n\n<blockquote class=\"wp-block-quote is-layout-flow wp-block-quote-is-layout-flow\"><p><\/p><\/blockquote>\n","protected":false},"excerpt":{"rendered":"<p>Le gouvernement du pr\u00e9sident chilien Sebastian Pinera se trouvait vendredi 25 octobre plus que jamais sous pression: plus d&rsquo;un million personnes ont d\u00e9fil\u00e9 au Chili dans une mobilisation historique pour protester contre les in\u00e9galit\u00e9s sociales.Une semaine apr\u00e8s le d\u00e9clenchement d&rsquo;une vague de contestation sans pr\u00e9c\u00e9dent depuis des d\u00e9cennies dans un pays consid\u00e9r\u00e9 comme un des [&hellip;]<\/p>\n","protected":false},"author":2,"featured_media":13535,"comment_status":"open","ping_status":"open","sticky":false,"template":"","format":"standard","meta":{"_jetpack_memberships_contains_paid_content":false,"footnotes":"","jetpack_publicize_message":"","jetpack_publicize_feature_enabled":true,"jetpack_social_post_already_shared":true,"jetpack_social_options":{"image_generator_settings":{"template":"highway","default_image_id":0,"font":"","enabled":false},"version":2},"_wpas_customize_per_network":false},"categories":[405],"tags":[],"class_list":["post-13534","post","type-post","status-publish","format-standard","has-post-thumbnail","hentry","category-actu-france-monde"],"jetpack_publicize_connections":[],"jetpack_featured_media_url":"https:\/\/i0.wp.com\/www.iceagetv.com\/radiosite\/wp-content\/uploads\/2019\/10\/Chili-plus-dun-million-de-manifestants-contre-le-gouvernement.jpeg?fit=616%2C347&ssl=1","jetpack_sharing_enabled":true,"_links":{"self":[{"href":"https:\/\/www.iceagetv.com\/radiosite\/wp-json\/wp\/v2\/posts\/13534","targetHints":{"allow":["GET"]}}],"collection":[{"href":"https:\/\/www.iceagetv.com\/radiosite\/wp-json\/wp\/v2\/posts"}],"about":[{"href":"https:\/\/www.iceagetv.com\/radiosite\/wp-json\/wp\/v2\/types\/post"}],"author":[{"embeddable":true,"href":"https:\/\/www.iceagetv.com\/radiosite\/wp-json\/wp\/v2\/users\/2"}],"replies":[{"embeddable":true,"href":"https:\/\/www.iceagetv.com\/radiosite\/wp-json\/wp\/v2\/comments?post=13534"}],"version-history":[{"count":1,"href":"https:\/\/www.iceagetv.com\/radiosite\/wp-json\/wp\/v2\/posts\/13534\/revisions"}],"predecessor-version":[{"id":13536,"href":"https:\/\/www.iceagetv.com\/radiosite\/wp-json\/wp\/v2\/posts\/13534\/revisions\/13536"}],"wp:featuredmedia":[{"embeddable":true,"href":"https:\/\/www.iceagetv.com\/radiosite\/wp-json\/wp\/v2\/media\/13535"}],"wp:attachment":[{"href":"https:\/\/www.iceagetv.com\/radiosite\/wp-json\/wp\/v2\/media?parent=13534"}],"wp:term":[{"taxonomy":"category","embeddable":true,"href":"https:\/\/www.iceagetv.com\/radiosite\/wp-json\/wp\/v2\/categories?post=13534"},{"taxonomy":"post_tag","embeddable":true,"href":"https:\/\/www.iceagetv.com\/radiosite\/wp-json\/wp\/v2\/tags?post=13534"}],"curies":[{"name":"wp","href":"https:\/\/api.w.org\/{rel}","templated":true}]}}