{"id":13537,"date":"2019-10-26T08:48:40","date_gmt":"2019-10-26T08:48:40","guid":{"rendered":"http:\/\/www.iceagetv.com\/radiosite\/?p=13537"},"modified":"2019-10-26T08:48:46","modified_gmt":"2019-10-26T08:48:46","slug":"la-fin-du-changement-dheure-cest-pour-quand","status":"publish","type":"post","link":"https:\/\/www.iceagetv.com\/radiosite\/la-fin-du-changement-dheure-cest-pour-quand\/","title":{"rendered":"La fin du changement d&rsquo;heure, c&rsquo;est pour quand?"},"content":{"rendered":"\n<h2 class=\"wp-block-heading\">Depuis 1976, la France passe \u00e0 l&rsquo;heure d&rsquo;hiver au dernier week-end d&rsquo;octobre. Mais ce changement devrait prendre fin en 2021, sur une initiative de la Commission europ\u00e9enne.<\/h2>\n\n\n\n<p>Cette nuit \u00e0 3 heures du matin, il sera en fait 2 heures. Comme chaque ann\u00e9e au dernier week-end d&rsquo;octobre,&nbsp;<a href=\"https:\/\/www.bfmtv.com\/mediaplayer\/video\/comment-se-preparer-au-changement-d-heure-1150551.html\">l&rsquo;heure d&rsquo;hiver fait son grand retour&nbsp;<\/a>mais c&rsquo;est probablement l&rsquo;une des derni\u00e8res fois que les Fran\u00e7ais y sont confront\u00e9s. La question de l\u2019abandon du changement d\u2019heure est dans les tuyaux de la Commission europ\u00e9enne depuis plus d\u2019un an. Le 12 septembre 2018, l&rsquo;institution a pr\u00e9sent\u00e9 une proposition visant \u00e0 mettre un terme au changement d\u2019heure.<\/p>\n\n\n\n<p>Elle devait initialement \u00eatre concr\u00e9tis\u00e9e en 2019 mais les eurod\u00e9put\u00e9s ont vot\u00e9 un report de la mesure en 2021. Dans un peu plus d&rsquo;un an, nous devrions donc avoir tir\u00e9 un trait sur l\u2019\u00e9ternelle question: \u00ab\u00a0On perd ou on gagne une heure de sommeil?\u00a0\u00bb Cette confusion dure depuis l\u2019instauration du changement d\u2019heure en 1976 qui a ensuite \u00e9t\u00e9 g\u00e9n\u00e9ralis\u00e9e \u00e0 la plupart des pays de l&rsquo;UE en 1998.<\/p>\n\n\n\n<blockquote class=\"wp-block-quote is-layout-flow wp-block-quote-is-layout-flow\"><p>A l&rsquo;origine, l&rsquo;objectif \u00e9tait d&rsquo;\u00e9conomiser l&rsquo;\u00e9nergie en faisant correspondre au mieux les heures d&rsquo;activit\u00e9s avec celles d&rsquo;ensoleillement\u00a0\u00bb, explique<a href=\"https:\/\/www.gouvernement.fr\/on-fait-le-point-sur-la-fin-du-changement-d-heure-en-2021\" target=\"_blank\" rel=\"noreferrer noopener\">&nbsp;le gouvernement sur son site Internet<\/a>.<\/p><\/blockquote>\n\n\n\n<h3 class=\"wp-block-heading\">Rester \u00e0 l&rsquo;heure d&rsquo;\u00e9t\u00e9?<\/h3>\n\n\n\n<p>Mais ces derni\u00e8res ann\u00e9es, des scientifiques ont point\u00e9 du doigt<a href=\"https:\/\/www.bfmtv.com\/societe\/ces-effets-du-changement-d-heure-sur-votre-sante-1662703.html\">&nbsp;les effets n\u00e9gatifs de ces changements<\/a>&nbsp;sur la sant\u00e9 humaine. Ils sont notamment contest\u00e9s en raison de leur influence sur les rythmes biologiques et les accidents de la route. Durant les premi\u00e8res semaines qui suivent le passage \u00e0 l\u2019heure d\u2019hiver, le nombre d\u2019accidents impliquant des cyclistes et des pi\u00e9tons augmente drastiquement.<\/p>\n\n\n\n<blockquote class=\"wp-block-quote is-layout-flow wp-block-quote-is-layout-flow\"><p>\u00ab\u00a0Cette p\u00e9riode est en effet marqu\u00e9e par un pic d\u2019accidentalit\u00e9 de +50% des accidents de pi\u00e9tons pour la seule tranche horaire 17h-19h (et +18% sur la tranche horaire 7h\/9h)\u00a0\u00bb,&nbsp;<a href=\"https:\/\/www.interieur.gouv.fr\/Actualites\/Communiques\/Changement-d-heure-baisse-de-luminosite-la-mortalite-des-pietons-augmente-de-pres-de-50\" target=\"_blank\" rel=\"noreferrer noopener\">observe le minist\u00e8re de l\u2019Int\u00e9rieur<\/a>. R\u00e9sultat, l\u2019Union europ\u00e9enne a d\u00e9cid\u00e9 d\u2019y mettre un terme.<\/p><\/blockquote>\n\n\n\n<p>Alors, faut-il opter pour l\u2019heure d\u2019hiver ou pour l\u2019heure d\u2019\u00e9t\u00e9? Telle est d\u00e9sormais la question. Chaque Etat membre de l\u2019Union europ\u00e9enne est libre de choisir son fuseau horaire. Cette d\u00e9cision sera ensuite soumise \u00e0 l\u2019\u00e9valuation de la Commission europ\u00e9enne charg\u00e9e de s\u2019assurer que l\u2019heure choisie par chaque pays ne perturbe pas le fonctionnement du march\u00e9 int\u00e9rieur. Les diff\u00e9rents \u00e9tats de l&rsquo;UE ont jusqu&rsquo;\u00e0 avril prochain pour se coordonner. En France, l\u2019heure d\u2019\u00e9t\u00e9 est pour l\u2019instant pl\u00e9biscit\u00e9e par 59% des Fran\u00e7ais,&nbsp;<a href=\"https:\/\/www.vie-publique.fr\/en-bref\/24061-changement-dheure-84-des-citoyens-nen-veulent-plus\" target=\"_blank\" rel=\"noreferrer noopener\">selon un sondage publi\u00e9 par l\u2019Assembl\u00e9e nationale<\/a>.<\/p>\n","protected":false},"excerpt":{"rendered":"<p>Depuis 1976, la France passe \u00e0 l&rsquo;heure d&rsquo;hiver au dernier week-end d&rsquo;octobre. Mais ce changement devrait prendre fin en 2021, sur une initiative de la Commission europ\u00e9enne. Cette nuit \u00e0 3 heures du matin, il sera en fait 2 heures. Comme chaque ann\u00e9e au dernier week-end d&rsquo;octobre,&nbsp;l&rsquo;heure d&rsquo;hiver fait son grand retour&nbsp;mais c&rsquo;est probablement l&rsquo;une [&hellip;]<\/p>\n","protected":false},"author":2,"featured_media":13538,"comment_status":"open","ping_status":"open","sticky":false,"template":"","format":"standard","meta":{"_jetpack_memberships_contains_paid_content":false,"footnotes":"","jetpack_publicize_message":"","jetpack_publicize_feature_enabled":true,"jetpack_social_post_already_shared":true,"jetpack_social_options":{"image_generator_settings":{"template":"highway","default_image_id":0,"font":"","enabled":false},"version":2},"_wpas_customize_per_network":false},"categories":[68],"tags":[],"class_list":["post-13537","post","type-post","status-publish","format-standard","has-post-thumbnail","hentry","category-actu-culturelle"],"jetpack_publicize_connections":[],"jetpack_featured_media_url":"https:\/\/i0.wp.com\/www.iceagetv.com\/radiosite\/wp-content\/uploads\/2019\/10\/La-fin-du-changement-dheure.jpg?fit=1200%2C450&ssl=1","jetpack_sharing_enabled":true,"_links":{"self":[{"href":"https:\/\/www.iceagetv.com\/radiosite\/wp-json\/wp\/v2\/posts\/13537","targetHints":{"allow":["GET"]}}],"collection":[{"href":"https:\/\/www.iceagetv.com\/radiosite\/wp-json\/wp\/v2\/posts"}],"about":[{"href":"https:\/\/www.iceagetv.com\/radiosite\/wp-json\/wp\/v2\/types\/post"}],"author":[{"embeddable":true,"href":"https:\/\/www.iceagetv.com\/radiosite\/wp-json\/wp\/v2\/users\/2"}],"replies":[{"embeddable":true,"href":"https:\/\/www.iceagetv.com\/radiosite\/wp-json\/wp\/v2\/comments?post=13537"}],"version-history":[{"count":1,"href":"https:\/\/www.iceagetv.com\/radiosite\/wp-json\/wp\/v2\/posts\/13537\/revisions"}],"predecessor-version":[{"id":13539,"href":"https:\/\/www.iceagetv.com\/radiosite\/wp-json\/wp\/v2\/posts\/13537\/revisions\/13539"}],"wp:featuredmedia":[{"embeddable":true,"href":"https:\/\/www.iceagetv.com\/radiosite\/wp-json\/wp\/v2\/media\/13538"}],"wp:attachment":[{"href":"https:\/\/www.iceagetv.com\/radiosite\/wp-json\/wp\/v2\/media?parent=13537"}],"wp:term":[{"taxonomy":"category","embeddable":true,"href":"https:\/\/www.iceagetv.com\/radiosite\/wp-json\/wp\/v2\/categories?post=13537"},{"taxonomy":"post_tag","embeddable":true,"href":"https:\/\/www.iceagetv.com\/radiosite\/wp-json\/wp\/v2\/tags?post=13537"}],"curies":[{"name":"wp","href":"https:\/\/api.w.org\/{rel}","templated":true}]}}