{"id":13543,"date":"2019-10-27T10:00:01","date_gmt":"2019-10-27T10:00:01","guid":{"rendered":"http:\/\/www.iceagetv.com\/radiosite\/?p=13543"},"modified":"2019-10-27T10:00:07","modified_gmt":"2019-10-27T10:00:07","slug":"alsace-une-veillee-bientot-organisee-en-hommage-a-sophie-le-tan-apres-la-decouverte-de-son-corps-en-foret","status":"publish","type":"post","link":"https:\/\/www.iceagetv.com\/radiosite\/alsace-une-veillee-bientot-organisee-en-hommage-a-sophie-le-tan-apres-la-decouverte-de-son-corps-en-foret\/","title":{"rendered":"Alsace : une veill\u00e9e bient\u00f4t organis\u00e9e en hommage \u00e0 Sophie Le Tan apr\u00e8s la d\u00e9couverte de son corps en for\u00eat"},"content":{"rendered":"\n<p>Apr\u00e8s la d\u00e9couverte, le travail de deuil. L&rsquo;association Icared (Initiative citoyenne d\u2019aide et de recherche lors d\u2019enl\u00e8vement et disparition), cr\u00e9\u00e9e apr\u00e8s la disparition de&nbsp;<a href=\"https:\/\/www.francetvinfo.fr\/faits-divers\/affaire-sophie-le-tan\/\" target=\"_blank\" rel=\"noreferrer noopener\">Sophie Le Tan<\/a>, a annonc\u00e9 samedi 26 octobre l&rsquo;organisation d&rsquo;<em>\u00ab\u00a0une veill\u00e9e de recueillement le week-end du 1er novembre\u00a0\u00bb.&nbsp;<\/em>Une d\u00e9cision prise quelques heures apr\u00e8s&nbsp;que&nbsp;<a href=\"https:\/\/www.francetvinfo.fr\/faits-divers\/affaire-sophie-le-tan\/le-corps-demembre-retrouve-dans-une-foret-du-bas-rhin-est-celui-de-sophie-le-tan-selon-les-analyses-adn-annonce-le-procureur_3676617.html\" target=\"_blank\" rel=\"noreferrer noopener\">les analyses ADN ont confirm\u00e9<\/a>&nbsp;que&nbsp;le corps d\u00e9membr\u00e9 retrouv\u00e9 mercredi dans une for\u00eat d&rsquo;Alsace&nbsp;\u00e9tait bien celui de l&rsquo;\u00e9tudiante disparue depuis septembre 2018, que Jean-Marc Reiser est suspect\u00e9 d&rsquo;avoir assassin\u00e9e.<\/p>\n\n\n\n<p>Avant cet \u00e9v\u00e9nement, au cours duquel des proches de Sophie Le Tan seront pr\u00e9sents,\u00a0l&rsquo;association demande \u00e0 la presse de ne pas contacter les membres de la famille de la victime, dont les membres\u00a0<em>\u00ab\u00a0ont besoin de se retrouver et de comprendre ce qui leur arrive\u00a0\u00bb<\/em>.<br><em>Personne ne peut se r\u00e9jouir qu&rsquo;on ait trouv\u00e9 le corps de Sophie mais cette d\u00e9couverte confirme ce qu&rsquo;on pressentait : M. Reiser a bien proc\u00e9d\u00e9 au meurtre de Sophie\u00a0\u00bb<\/em>, avait r\u00e9agi samedi l&rsquo;avocat de la famille Le Tan, Me G\u00e9rard Welzer.<em>\u00a0\u00ab\u00a0Les conditions dans lesquelles on a retrouv\u00e9 Sophie montrent les actes monstrueux\u00a0\u00bb<\/em>\u00a0qu&rsquo;aurait commis le suspect, a-t-il ajout\u00e9.<\/p>\n","protected":false},"excerpt":{"rendered":"<p>Apr\u00e8s la d\u00e9couverte, le travail de deuil. L&rsquo;association Icared (Initiative citoyenne d\u2019aide et de recherche lors d\u2019enl\u00e8vement et disparition), cr\u00e9\u00e9e apr\u00e8s la disparition de&nbsp;Sophie Le Tan, a annonc\u00e9 samedi 26 octobre l&rsquo;organisation d&rsquo;\u00ab\u00a0une veill\u00e9e de recueillement le week-end du 1er novembre\u00a0\u00bb.&nbsp;Une d\u00e9cision prise quelques heures apr\u00e8s&nbsp;que&nbsp;les analyses ADN ont confirm\u00e9&nbsp;que&nbsp;le corps d\u00e9membr\u00e9 retrouv\u00e9 mercredi dans [&hellip;]<\/p>\n","protected":false},"author":2,"featured_media":13544,"comment_status":"open","ping_status":"open","sticky":false,"template":"","format":"standard","meta":{"_jetpack_memberships_contains_paid_content":false,"footnotes":"","jetpack_publicize_message":"","jetpack_publicize_feature_enabled":true,"jetpack_social_post_already_shared":true,"jetpack_social_options":{"image_generator_settings":{"template":"highway","default_image_id":0,"font":"","enabled":false},"version":2},"_wpas_customize_per_network":false},"categories":[405],"tags":[],"class_list":["post-13543","post","type-post","status-publish","format-standard","has-post-thumbnail","hentry","category-actu-france-monde"],"jetpack_publicize_connections":[],"jetpack_featured_media_url":"https:\/\/i0.wp.com\/www.iceagetv.com\/radiosite\/wp-content\/uploads\/2019\/10\/Alsace.jpg?fit=1197%2C450&ssl=1","jetpack_sharing_enabled":true,"_links":{"self":[{"href":"https:\/\/www.iceagetv.com\/radiosite\/wp-json\/wp\/v2\/posts\/13543","targetHints":{"allow":["GET"]}}],"collection":[{"href":"https:\/\/www.iceagetv.com\/radiosite\/wp-json\/wp\/v2\/posts"}],"about":[{"href":"https:\/\/www.iceagetv.com\/radiosite\/wp-json\/wp\/v2\/types\/post"}],"author":[{"embeddable":true,"href":"https:\/\/www.iceagetv.com\/radiosite\/wp-json\/wp\/v2\/users\/2"}],"replies":[{"embeddable":true,"href":"https:\/\/www.iceagetv.com\/radiosite\/wp-json\/wp\/v2\/comments?post=13543"}],"version-history":[{"count":1,"href":"https:\/\/www.iceagetv.com\/radiosite\/wp-json\/wp\/v2\/posts\/13543\/revisions"}],"predecessor-version":[{"id":13545,"href":"https:\/\/www.iceagetv.com\/radiosite\/wp-json\/wp\/v2\/posts\/13543\/revisions\/13545"}],"wp:featuredmedia":[{"embeddable":true,"href":"https:\/\/www.iceagetv.com\/radiosite\/wp-json\/wp\/v2\/media\/13544"}],"wp:attachment":[{"href":"https:\/\/www.iceagetv.com\/radiosite\/wp-json\/wp\/v2\/media?parent=13543"}],"wp:term":[{"taxonomy":"category","embeddable":true,"href":"https:\/\/www.iceagetv.com\/radiosite\/wp-json\/wp\/v2\/categories?post=13543"},{"taxonomy":"post_tag","embeddable":true,"href":"https:\/\/www.iceagetv.com\/radiosite\/wp-json\/wp\/v2\/tags?post=13543"}],"curies":[{"name":"wp","href":"https:\/\/api.w.org\/{rel}","templated":true}]}}