{"id":13553,"date":"2019-10-29T17:37:17","date_gmt":"2019-10-29T17:37:17","guid":{"rendered":"http:\/\/www.iceagetv.com\/radiosite\/?p=13553"},"modified":"2019-10-29T17:37:23","modified_gmt":"2019-10-29T17:37:23","slug":"manifestations-au-liban-en-direct-le-premier-ministre-saad-hariri-annonce-sa-demission","status":"publish","type":"post","link":"https:\/\/www.iceagetv.com\/radiosite\/manifestations-au-liban-en-direct-le-premier-ministre-saad-hariri-annonce-sa-demission\/","title":{"rendered":"Manifestations au Liban en direct : le premier ministre, Saad Hariri, annonce sa d\u00e9mission"},"content":{"rendered":"\n<p>Avec son discours de d\u00e9mission, pr\u00e9sent\u00e9 comme une \u00ab\u00a0r\u00e9ponse \u00e0 la volont\u00e9 de milliers de Libanais\u00a0\u00bb, Hariri se rapproche du camp des contestataires, contre le parti chiite du Hezbollah, le pr\u00e9sident du parlement Nabih Berry et l\u2019actuel ministre des affaires \u00e9trang\u00e8res Gebran Bassil, oppos\u00e9s \u00e0 tout changement.<\/p>\n\n\n\n<p>Hariri ne devrait pas dispara\u00eetre du paysage politique du jour au lendemain. La formation de son gouvernement en&nbsp;2018 avait pris plus de six mois. Il devrait donc rester \u00e0 son poste, sauf surprise, pour g\u00e9rer les affaires courantes, le temps qu\u2019un nouvel ex\u00e9cutif se mette en place.<\/p>\n\n\n\n<p>Le d\u00e9fi pour le trio Hezbollah-Berri-Bassil consistera \u00e0 trouver, pour le poste de premier ministre, \u00ab\u00a0un autre Hariri\u00a0\u00bb, c\u2019est-\u00e0-dire un leader sunnite mod\u00e9r\u00e9, Hezbollah-compatible et suffisamment acceptable par la communaut\u00e9 internationale pour que les bailleurs de fonds ne coupent pas leur aide au Liban et que les Etats-Unis ne mettent pas le pays sous sanctions au motif qu\u2019il serait sous la botte du Hezbollah.<\/p>\n\n\n\n<p>L\u2018attaque des partisans de Nabih Berri, le chef du parlement, contre les protestataires, en milieu d\u2019apr\u00e8s midi, a abouti \u00e0 la destruction int\u00e9grale des camps de tente et de cahutes, \u00e9rig\u00e9s dans le centre de Beyrouth. Le seul campement qui a \u00e9chapp\u00e9 \u00e0 cette v\u00e9ritable razzia est celui qui bloque l\u2019entr\u00e9e du ring, la route qui sert de trait d\u2019union entre l\u2019est et l\u2019ouest de la ville.<\/p>\n\n\n\n<p>La descente des partisans de Berri a ressembl\u00e9 \u00e0 une \u00ab&nbsp;attaque de criquets&nbsp;\u00bb, a confi\u00e9 \u00e0 notre journaliste une manifestante. Le groupe d\u2019assaillants, compos\u00e9 d\u2019une grosse centaine de personnes, a d\u2019abord attaqu\u00e9 le ring puis il a fondu \u00e0 toute vitesse sur la place des Martyrs, en hurlant&nbsp;<em>\u00ab&nbsp;chiite, chiite&nbsp;\u00bb<\/em>, et&nbsp;<em>\u00ab&nbsp;par notre \u00e2me, par notre sang, nous nous sacrifierons pour toi, Berri&nbsp;\u00bb<\/em>.<\/p>\n\n\n\n<p>Arm\u00e9s de b\u00e2tons et aussi, selon des t\u00e9moignages convergents, de couteaux, ils ont d\u00e9truit, incendi\u00e9 et pill\u00e9s les campements des protestataires. La police est rest\u00e9e passive ou est intervenue \u00e0 la marge. La razzia s\u2019est termin\u00e9e par l\u2019attaque de la place Riad Al Solh, adjacente \u00e0 la place des martyrs, un autre site de protestation, o\u00f9 de nombreuses associations de la soci\u00e9t\u00e9 civile avaient des stands. Toutes ces installations ont \u00e9t\u00e9 saccag\u00e9es. La police a fini par disperser tout le monde en jetant du gaz lacrymog\u00e8ne dans le tas.<\/p>\n\n\n\n<p>Malgr\u00e9 ces attaques, Les manifestants se r\u00e9jouissent de la chute du gouvernement Hariri. Ils affirment vouloir passer \u00e0 leur deuxi\u00e8me revendication, la formation d\u2019un gouvernement neutre, ind\u00e9pendants de tous les partis communautaires. Pour cela, ils devront r\u00e9installer un rapport de force avec le pouvoir en faisant revenir dans le centre de Beyrouth les milliers de manifestants que les attaques des pro-Berri ont fait fuir. Ils devront aussi ramener \u00e0 eux tous ceux que les images de violence de cette apr\u00e8s-midi pourraient avoir dissuad\u00e9 de poursuivre la lutte. Les prochains jours diront si le mouvement de protestation a suffisamment de ressources pour se poursuivre, quitte \u00e0 devenir moins large sociologiquement et \u00e0 se resserrer sur les activistes les plus d\u00e9termin\u00e9s.<\/p>\n\n\n\n<p><strong>Pour Jean-Yves Le Drian,\u00a0\u00ab\u00a0la d\u00e9mission de Saad Hariri aggrave la crise\u00a0\u00bb\u00a0<\/strong>\u00a0\u00a0Le ministre des affaires \u00e9trang\u00e8res fran\u00e7ais a r\u00e9agi\u00a0depuis l&rsquo;Assembl\u00e9e nationale \u00e0 la d\u00e9mission du premier ministre libanais. Suivant la ligne tenue par Paris et Washington depuis le d\u00e9but des manifestations, M. Le Drian rappel\u00e9 l&rsquo;importance de la\u00a0<em>\u00ab\u00a0stabilit\u00e9 des institutions\u00a0\u00bb<\/em>, appelant les \u00e9lus libanais\u00a0<em>\u00ab\u00a0\u00e0 tout faire\u00a0\u00bb<\/em>\u00a0pour maintenir l&rsquo;unit\u00e9 du Liban. Pour le ministre, ce maintien de la\u00a0stabilit\u00e9 passe par\u00a0<em>\u00ab\u00a0la volont\u00e9 d&rsquo;\u00e9couter la voix et la revendication de la population\u00a0\u00bb. \u00ab\u00a0Ce dont a besoin le Liban, c&rsquo;est d&rsquo;un engagement de l&rsquo;ensemble des responsables politiques \u00e0 s&rsquo;interroger sur eux-m\u00eames\u00a0\u00bb<\/em>, a-t-il poursuivi.<\/p>\n\n\n\n<p><strong>Des heurts au treizi\u00e8me jour de soul\u00e8vement<\/strong>&nbsp;Peu avant l&rsquo;annonce du premier ministre, des heurts ont eu lieu entre des manifestants et des assaillants intervenus dans le campement principal des contestataires \u00e0 Beyrouth, comme le fait savoir sur Twitter la correspondante de la BBC au Liban :\n\n<\/p>\n","protected":false},"excerpt":{"rendered":"<p>Avec son discours de d\u00e9mission, pr\u00e9sent\u00e9 comme une \u00ab\u00a0r\u00e9ponse \u00e0 la volont\u00e9 de milliers de Libanais\u00a0\u00bb, Hariri se rapproche du camp des contestataires, contre le parti chiite du Hezbollah, le pr\u00e9sident du parlement Nabih Berry et l\u2019actuel ministre des affaires \u00e9trang\u00e8res Gebran Bassil, oppos\u00e9s \u00e0 tout changement. Hariri ne devrait pas dispara\u00eetre du paysage politique [&hellip;]<\/p>\n","protected":false},"author":2,"featured_media":13554,"comment_status":"open","ping_status":"open","sticky":false,"template":"","format":"standard","meta":{"_jetpack_memberships_contains_paid_content":false,"footnotes":"","jetpack_publicize_message":"","jetpack_publicize_feature_enabled":true,"jetpack_social_post_already_shared":true,"jetpack_social_options":{"image_generator_settings":{"template":"highway","default_image_id":0,"font":"","enabled":false},"version":2},"_wpas_customize_per_network":false},"categories":[405],"tags":[],"class_list":["post-13553","post","type-post","status-publish","format-standard","has-post-thumbnail","hentry","category-actu-france-monde"],"jetpack_publicize_connections":[],"jetpack_featured_media_url":"https:\/\/i0.wp.com\/www.iceagetv.com\/radiosite\/wp-content\/uploads\/2019\/10\/Manifestations-au-Liban.jpg?fit=600%2C300&ssl=1","jetpack_sharing_enabled":true,"_links":{"self":[{"href":"https:\/\/www.iceagetv.com\/radiosite\/wp-json\/wp\/v2\/posts\/13553","targetHints":{"allow":["GET"]}}],"collection":[{"href":"https:\/\/www.iceagetv.com\/radiosite\/wp-json\/wp\/v2\/posts"}],"about":[{"href":"https:\/\/www.iceagetv.com\/radiosite\/wp-json\/wp\/v2\/types\/post"}],"author":[{"embeddable":true,"href":"https:\/\/www.iceagetv.com\/radiosite\/wp-json\/wp\/v2\/users\/2"}],"replies":[{"embeddable":true,"href":"https:\/\/www.iceagetv.com\/radiosite\/wp-json\/wp\/v2\/comments?post=13553"}],"version-history":[{"count":1,"href":"https:\/\/www.iceagetv.com\/radiosite\/wp-json\/wp\/v2\/posts\/13553\/revisions"}],"predecessor-version":[{"id":13555,"href":"https:\/\/www.iceagetv.com\/radiosite\/wp-json\/wp\/v2\/posts\/13553\/revisions\/13555"}],"wp:featuredmedia":[{"embeddable":true,"href":"https:\/\/www.iceagetv.com\/radiosite\/wp-json\/wp\/v2\/media\/13554"}],"wp:attachment":[{"href":"https:\/\/www.iceagetv.com\/radiosite\/wp-json\/wp\/v2\/media?parent=13553"}],"wp:term":[{"taxonomy":"category","embeddable":true,"href":"https:\/\/www.iceagetv.com\/radiosite\/wp-json\/wp\/v2\/categories?post=13553"},{"taxonomy":"post_tag","embeddable":true,"href":"https:\/\/www.iceagetv.com\/radiosite\/wp-json\/wp\/v2\/tags?post=13553"}],"curies":[{"name":"wp","href":"https:\/\/api.w.org\/{rel}","templated":true}]}}