{"id":13556,"date":"2019-10-29T17:39:50","date_gmt":"2019-10-29T17:39:50","guid":{"rendered":"http:\/\/www.iceagetv.com\/radiosite\/?p=13556"},"modified":"2019-10-29T17:39:55","modified_gmt":"2019-10-29T17:39:55","slug":"attaque-de-la-mosquee-de-bayonne-le-suspect-voulait-venger-la-destruction-de-notre-dame-de-paris","status":"publish","type":"post","link":"https:\/\/www.iceagetv.com\/radiosite\/attaque-de-la-mosquee-de-bayonne-le-suspect-voulait-venger-la-destruction-de-notre-dame-de-paris\/","title":{"rendered":"Attaque de la mosqu\u00e9e de Bayonne : le suspect voulait \u00ab venger la destruction \u00bb de Notre-Dame de Paris"},"content":{"rendered":"\n<p>Le tireur, un ancien candidat Front national, a bless\u00e9 deux fid\u00e8les \u00e2g\u00e9s de 78 et 74\u00a0ans. Des doutes subsistent sur son \u00ab\u00a0\u00e9tat de sant\u00e9 psychique\u00a0\u00bb, selon le procureur de Bayonne.<\/p>\n\n\n\n<p><a href=\"https:\/\/www.lemonde.fr\/societe\/article\/2019\/10\/28\/deux-blesses-apres-des-tirs-aux-abords-de-la-mosquee-de-bayonne_6017225_3224.html\">Au lendemain de l\u2019attaque contre la mosqu\u00e9e de Bayonne<\/a>, au cours de laquelle deux personnes ont \u00e9t\u00e9 bless\u00e9es, le procureur de la R\u00e9publique de la ville, Marc Mari\u00e9e, a partag\u00e9 avec la presse les premiers \u00e9l\u00e9ments de l\u2019enqu\u00eate, mardi&nbsp;29&nbsp;octobre.<\/p>\n\n\n\n<p>L\u2019audition de Claude Sink\u00e9, 84\u00a0ans<em>, \u00ab\u00a0a permis de recevoir ses aveux quant \u00e0 l\u2019incendie de la porte d\u2019entr\u00e9e de la mosqu\u00e9e et \u00e9galement de l\u2019incendie du v\u00e9hicule enti\u00e8rement d\u00e9truit\u00a0<\/em>\u00bb, a d\u00e9clar\u00e9 le procureur, qui a ajout\u00e9 que\u00a0<em>\u00ab\u00a0le gard\u00e9 \u00e0 vue conteste avoir eu la volont\u00e9 de tuer quiconque\u00a0\u00bb<\/em>, pr\u00e9cisant qu\u2019il avait pris soin de faire du rep\u00e9rage afin de mener son action \u00e0 un moment o\u00f9 la mosqu\u00e9e serait vide.<\/p>\n\n\n\n<p>Des aveux contredits en partie par la vid\u00e9osurveillance. D\u2019apr\u00e8s les images, Claude Sink\u00e9 a tir\u00e9 sur l\u2019un des deux hommes bless\u00e9s qui tentait de fuir \u00e0 bord de sa voiture. Celle-ci a termin\u00e9 sa course un peu plus loin. Le suspect aurait ensuite asperg\u00e9 le v\u00e9hicule d\u2019essence, puis y aurait mis le feu, alors que la victime se trouvait toujours \u00e0 l\u2019int\u00e9rieur.<\/p>\n\n\n\n<p>Quant aux motifs de son attaque, le mis en cause&nbsp;<em>\u00ab&nbsp;explique son geste par la volont\u00e9 de venger la destruction de la cath\u00e9drale de Paris, affirmant que l\u2019incendie de cet \u00e9difice a \u00e9t\u00e9 provoqu\u00e9 par des membres de la communaut\u00e9 musulmane&nbsp;\u00bb<\/em>, pr\u00e9cise M.&nbsp;Mari\u00e9e.<\/p>\n\n\n\n<p>L\u2019audition du suspect&nbsp;<em>\u00ab&nbsp;interroge sur son \u00e9tat de sant\u00e9 psychique&nbsp;\u00bb<\/em>, a dit le procureur.&nbsp;<em>\u00ab&nbsp;Nous sommes en contact permanent avec le procureur national antiterroriste<\/em>&nbsp;\u00bb, afin de savoir si ce dernier doit se saisir, a-t-il conclu.<\/p>\n\n\n\n<h2 class=\"wp-block-heading\">Victimes dans un \u00e9tat stable<\/h2>\n\n\n\n<p>Selon les premiers \u00e9l\u00e9ments de l\u2019enqu\u00eate, l\u2019auteur pr\u00e9sum\u00e9 des faits, interpell\u00e9 peu de temps apr\u00e8s le drame et plac\u00e9 en garde \u00e0 vue pour&nbsp;<em>\u00ab&nbsp;tentative d\u2019assassinat&nbsp;\u00bb<\/em>, est d\u2019abord arriv\u00e9 aux abords de la mosqu\u00e9e muni d\u2019un bidon d\u2019essence, avec l\u2019intention d\u2019y mettre le feu.<\/p>\n\n\n\n<p>C\u2019est alors que deux fid\u00e8les \u00e2g\u00e9s de 78 et 74&nbsp;ans, tr\u00e8s impliqu\u00e9s dans l\u2019animation du lieu de culte, se seraient pr\u00e9cipit\u00e9s \u00e0 l\u2019ext\u00e9rieur du b\u00e2timent pour l\u2019entraver. Claude Sink\u00e9 les aurait pris pour cible avec son arme&nbsp;: touch\u00e9s par plusieurs coups de feu, ils ont \u00e9t\u00e9 gri\u00e8vement bless\u00e9s et transport\u00e9s d\u2019urgence au centre hospitalier de la c\u00f4te basque. Tous les deux \u00e9taient mardi matin dans un \u00e9tat stable \u00e0 l\u2019h\u00f4pital.<\/p>\n\n\n\n<p>Une perquisition a \u00e9t\u00e9 men\u00e9e au domicile du suspect, \u00e0 Saint-Martin-de-Seignanx (Landes), et une arme de poing a notamment \u00e9t\u00e9 retrouv\u00e9e dans sa voiture. Le retrait\u00e9, tireur sportif, \u00e9tait \u00e9galement d\u00e9tenteur de trois armes d\u00e9clar\u00e9es de cat\u00e9gorie&nbsp;B et de grenades d\u2019exercice \u00e0 pl\u00e2tre.<\/p>\n\n\n\n<h2 class=\"wp-block-heading\"><strong>Un ancien candidat Front national<\/strong><\/h2>\n\n\n\n<p>L\u2019assaillant \u00e9tait surtout connu dans la r\u00e9gion pour s\u2019\u00eatre&nbsp;<a href=\"https:\/\/www.lemonde.fr\/politique\/article\/2019\/10\/29\/le-rn-s-empresse-de-se-desolidariser-de-l-auteur-de-l-attaque-contre-la-mosquee-de-bayonne_6017301_823448.html\">pr\u00e9sent\u00e9 avec l\u2019\u00e9tiquette du Front national<\/a>&nbsp;lors des \u00e9lections d\u00e9partementales des 22 et 29&nbsp;mars&nbsp;2015. Sur Facebook, o\u00f9 il \u00e9tait inscrit, Claude Sink\u00e9 ne cachait pas non plus il y a quelques ann\u00e9es son admiration pour le pol\u00e9miste d\u2019extr\u00eame droite Eric Zemmour et sa haine des musulmans.<\/p>\n\n\n\n<p>Selon le quotidien r\u00e9gional\u00a0<em>Sud Ouest<\/em>, il avait adress\u00e9 le 25\u00a0octobre une lettre rageuse au b\u00e2tonnier de Bayonne et au procureur de la R\u00e9publique de Dax, avec copie \u00e0 la r\u00e9daction du journal. Dans ce courrier, remplis de propos\u00a0<em>\u00ab\u00a0discriminatoires et x\u00e9nophobes\u00a0\u00bb<\/em>, selon\u00a0<em>Sud Ouest<\/em>, il annon\u00e7ait sa volont\u00e9 de porter plainte contre Emmanuel Macron.<br>Mardi, le premier ministre, Edouard Philippe, a exprim\u00e9 son\u00a0<em>\u00ab\u00a0\u00e9motion\u00a0\u00bb,\u00a0<\/em>ses\u00a0<em>\u00ab\u00a0v\u0153ux de prompt r\u00e9tablissement\u00a0\u00bb<\/em>\u00a0et\u00a0<em>\u00ab\u00a0une vraie pens\u00e9e amicale et r\u00e9publicaine\u00a0\u00bb<\/em>\u00a0aux victimes de l\u2019attaque.\u00a0<em>\u00ab\u00a0Dans une d\u00e9mocratie m\u00fbre comme la n\u00f4tre, dans une R\u00e9publique s\u00fbre de ses principes, nous pourrions tous ensemble consid\u00e9rer qu\u2019il n\u2019y a qu\u2019une seule communaut\u00e9, la communaut\u00e9 nationale\u00a0\u00bb<\/em>, a-t-il lanc\u00e9 lors des questions au gouvernement \u00e0 l\u2019Assembl\u00e9e nationale.<em>\u00a0\u00ab\u00a0A chaque fois que l\u2019on pointe telle ou telle confession, ou telle ou telle partie du peuple, alors on appauvrit ce qu\u2019est la R\u00e9publique,\u00a0<\/em>a continu\u00e9 le chef du gouvernement.\u00a0<em>C\u2019est-\u00e0-dire une union, une nation, un pl\u00e9biscite de tous les jours, de gens qui ne sont pas semblables, qui ne croient pas la m\u00eame chose, qui ne se ressemblent pas tous, mais qui sont unis dans les valeurs de la R\u00e9publique et dans le respect de la loi.\u00a0\u00bb<\/em><br><\/p>\n","protected":false},"excerpt":{"rendered":"<p>Le tireur, un ancien candidat Front national, a bless\u00e9 deux fid\u00e8les \u00e2g\u00e9s de 78 et 74\u00a0ans. Des doutes subsistent sur son \u00ab\u00a0\u00e9tat de sant\u00e9 psychique\u00a0\u00bb, selon le procureur de Bayonne. Au lendemain de l\u2019attaque contre la mosqu\u00e9e de Bayonne, au cours de laquelle deux personnes ont \u00e9t\u00e9 bless\u00e9es, le procureur de la R\u00e9publique de la [&hellip;]<\/p>\n","protected":false},"author":2,"featured_media":13557,"comment_status":"open","ping_status":"open","sticky":false,"template":"","format":"standard","meta":{"_jetpack_memberships_contains_paid_content":false,"footnotes":"","jetpack_publicize_message":"","jetpack_publicize_feature_enabled":true,"jetpack_social_post_already_shared":true,"jetpack_social_options":{"image_generator_settings":{"template":"highway","default_image_id":0,"font":"","enabled":false},"version":2},"_wpas_customize_per_network":false},"categories":[405],"tags":[],"class_list":["post-13556","post","type-post","status-publish","format-standard","has-post-thumbnail","hentry","category-actu-france-monde"],"jetpack_publicize_connections":[],"jetpack_featured_media_url":"https:\/\/i0.wp.com\/www.iceagetv.com\/radiosite\/wp-content\/uploads\/2019\/10\/Attaque-de-la-mosqu%C3%A9e-de-Bayonne.jpg?fit=688%2C513&ssl=1","jetpack_sharing_enabled":true,"_links":{"self":[{"href":"https:\/\/www.iceagetv.com\/radiosite\/wp-json\/wp\/v2\/posts\/13556","targetHints":{"allow":["GET"]}}],"collection":[{"href":"https:\/\/www.iceagetv.com\/radiosite\/wp-json\/wp\/v2\/posts"}],"about":[{"href":"https:\/\/www.iceagetv.com\/radiosite\/wp-json\/wp\/v2\/types\/post"}],"author":[{"embeddable":true,"href":"https:\/\/www.iceagetv.com\/radiosite\/wp-json\/wp\/v2\/users\/2"}],"replies":[{"embeddable":true,"href":"https:\/\/www.iceagetv.com\/radiosite\/wp-json\/wp\/v2\/comments?post=13556"}],"version-history":[{"count":1,"href":"https:\/\/www.iceagetv.com\/radiosite\/wp-json\/wp\/v2\/posts\/13556\/revisions"}],"predecessor-version":[{"id":13558,"href":"https:\/\/www.iceagetv.com\/radiosite\/wp-json\/wp\/v2\/posts\/13556\/revisions\/13558"}],"wp:featuredmedia":[{"embeddable":true,"href":"https:\/\/www.iceagetv.com\/radiosite\/wp-json\/wp\/v2\/media\/13557"}],"wp:attachment":[{"href":"https:\/\/www.iceagetv.com\/radiosite\/wp-json\/wp\/v2\/media?parent=13556"}],"wp:term":[{"taxonomy":"category","embeddable":true,"href":"https:\/\/www.iceagetv.com\/radiosite\/wp-json\/wp\/v2\/categories?post=13556"},{"taxonomy":"post_tag","embeddable":true,"href":"https:\/\/www.iceagetv.com\/radiosite\/wp-json\/wp\/v2\/tags?post=13556"}],"curies":[{"name":"wp","href":"https:\/\/api.w.org\/{rel}","templated":true}]}}