{"id":13569,"date":"2019-10-30T15:57:52","date_gmt":"2019-10-30T15:57:52","guid":{"rendered":"http:\/\/www.iceagetv.com\/radiosite\/?p=13569"},"modified":"2019-10-30T15:57:57","modified_gmt":"2019-10-30T15:57:57","slug":"sept-policiers-ont-ete-desarmes-depuis-lattaque-a-la-prefecture-de-police-de-paris-annonce-le-prefet","status":"publish","type":"post","link":"https:\/\/www.iceagetv.com\/radiosite\/sept-policiers-ont-ete-desarmes-depuis-lattaque-a-la-prefecture-de-police-de-paris-annonce-le-prefet\/","title":{"rendered":"Sept policiers ont \u00e9t\u00e9 \u00ab\u00a0d\u00e9sarm\u00e9s\u00a0\u00bb depuis l&rsquo;attaque \u00e0 la pr\u00e9fecture de police de Paris, annonce le pr\u00e9fet"},"content":{"rendered":"\n<p>Le pr\u00e9fet de police de Paris a annonc\u00e9, mercredi 30 octobre, que\u00a0sept policiers ont \u00e9t\u00e9\u00a0<em>\u00ab\u00a0d\u00e9sarm\u00e9s\u00a0\u00bb<\/em>\u00a0\u00e0 la suite de signalements pour radicalisation,\u00a0<a rel=\"noreferrer noopener\" href=\"https:\/\/www.francetvinfo.fr\/faits-divers\/police\/attaque-a-la-prefecture-de-police-de-paris\/\" target=\"_blank\">depuis l&rsquo;attaque du 3 octobre au sein de la pr\u00e9fecture de police<\/a>. Il a \u00e9galement\u00a0demand\u00e9 au directeur g\u00e9n\u00e9ral de la police nationale la suspension de trois fonctionnaires, dont\u00a0<em>\u00ab\u00a0une\u00a0\u00bb<\/em>\u00a0a \u00e9t\u00e9 mise en oeuvre.<br>Lors de son audition devant la commission d&rsquo;enqu\u00eate de l&rsquo;Assembl\u00e9e nationale, Didier Lallement a aussi r\u00e9v\u00e9l\u00e9 que\u00a0<em>\u00ab\u00a048 signalements\u00a0\u00bb<\/em>\u00a0\u00e9taient en cours d\u2019examen. Certains d&rsquo;entre eux sont\u00a0<em>\u00ab\u00a0ant\u00e9rieurs au 3 octobre\u00a0\u00bb<\/em>, c&rsquo;est-\u00e0-dire qu&rsquo;ils datent d&rsquo;avant l&rsquo;attaque survenue \u00e0 la pr\u00e9fecture de police de Paris.\u00a0<em>\u00ab\u00a0Au moment de l&rsquo;attaque, j&rsquo;ai pens\u00e9 que nous \u00e9tions attaqu\u00e9s par l&rsquo;ext\u00e9rieur (&#8230;) nous n&rsquo;avions pas de dispositif interne destin\u00e9 \u00e0 limiter une tuerie de masse \u00e0 l&rsquo;int\u00e9rieur de nos locaux\u00a0\u00bb<\/em>, a ajout\u00e9 le pr\u00e9fet de police.\u00a0<\/p>\n","protected":false},"excerpt":{"rendered":"<p>Le pr\u00e9fet de police de Paris a annonc\u00e9, mercredi 30 octobre, que\u00a0sept policiers ont \u00e9t\u00e9\u00a0\u00ab\u00a0d\u00e9sarm\u00e9s\u00a0\u00bb\u00a0\u00e0 la suite de signalements pour radicalisation,\u00a0depuis l&rsquo;attaque du 3 octobre au sein de la pr\u00e9fecture de police. Il a \u00e9galement\u00a0demand\u00e9 au directeur g\u00e9n\u00e9ral de la police nationale la suspension de trois fonctionnaires, dont\u00a0\u00ab\u00a0une\u00a0\u00bb\u00a0a \u00e9t\u00e9 mise en oeuvre.Lors de son audition [&hellip;]<\/p>\n","protected":false},"author":2,"featured_media":13570,"comment_status":"open","ping_status":"open","sticky":false,"template":"","format":"standard","meta":{"_jetpack_memberships_contains_paid_content":false,"footnotes":"","jetpack_publicize_message":"","jetpack_publicize_feature_enabled":true,"jetpack_social_post_already_shared":true,"jetpack_social_options":{"image_generator_settings":{"template":"highway","default_image_id":0,"font":"","enabled":false},"version":2},"_wpas_customize_per_network":false},"categories":[405],"tags":[],"class_list":["post-13569","post","type-post","status-publish","format-standard","has-post-thumbnail","hentry","category-actu-france-monde"],"jetpack_publicize_connections":[],"jetpack_featured_media_url":"https:\/\/i0.wp.com\/www.iceagetv.com\/radiosite\/wp-content\/uploads\/2019\/10\/Sept-policiers-ont-%C3%A9t%C3%A9-d%C3%A9sarm%C3%A9s.jpg?fit=978%2C367&ssl=1","jetpack_sharing_enabled":true,"_links":{"self":[{"href":"https:\/\/www.iceagetv.com\/radiosite\/wp-json\/wp\/v2\/posts\/13569","targetHints":{"allow":["GET"]}}],"collection":[{"href":"https:\/\/www.iceagetv.com\/radiosite\/wp-json\/wp\/v2\/posts"}],"about":[{"href":"https:\/\/www.iceagetv.com\/radiosite\/wp-json\/wp\/v2\/types\/post"}],"author":[{"embeddable":true,"href":"https:\/\/www.iceagetv.com\/radiosite\/wp-json\/wp\/v2\/users\/2"}],"replies":[{"embeddable":true,"href":"https:\/\/www.iceagetv.com\/radiosite\/wp-json\/wp\/v2\/comments?post=13569"}],"version-history":[{"count":1,"href":"https:\/\/www.iceagetv.com\/radiosite\/wp-json\/wp\/v2\/posts\/13569\/revisions"}],"predecessor-version":[{"id":13571,"href":"https:\/\/www.iceagetv.com\/radiosite\/wp-json\/wp\/v2\/posts\/13569\/revisions\/13571"}],"wp:featuredmedia":[{"embeddable":true,"href":"https:\/\/www.iceagetv.com\/radiosite\/wp-json\/wp\/v2\/media\/13570"}],"wp:attachment":[{"href":"https:\/\/www.iceagetv.com\/radiosite\/wp-json\/wp\/v2\/media?parent=13569"}],"wp:term":[{"taxonomy":"category","embeddable":true,"href":"https:\/\/www.iceagetv.com\/radiosite\/wp-json\/wp\/v2\/categories?post=13569"},{"taxonomy":"post_tag","embeddable":true,"href":"https:\/\/www.iceagetv.com\/radiosite\/wp-json\/wp\/v2\/tags?post=13569"}],"curies":[{"name":"wp","href":"https:\/\/api.w.org\/{rel}","templated":true}]}}