{"id":13592,"date":"2019-11-01T08:21:10","date_gmt":"2019-11-01T08:21:10","guid":{"rendered":"http:\/\/www.iceagetv.com\/radiosite\/?p=13592"},"modified":"2019-11-01T08:21:16","modified_gmt":"2019-11-01T08:21:16","slug":"le-mois-sans-tabac-un-defi-collectif-pour-reussir-a-arreter-de-fumer","status":"publish","type":"post","link":"https:\/\/www.iceagetv.com\/radiosite\/le-mois-sans-tabac-un-defi-collectif-pour-reussir-a-arreter-de-fumer\/","title":{"rendered":"Le Mois sans tabac, un d\u00e9fi collectif pour r\u00e9ussir \u00e0 arr\u00eater de fumer"},"content":{"rendered":"\n<p>Le rendez-vous est d\u00e9sormais bien inscrit dans le calendrier : \u00e0 partir de ce vendredi 1er novembre, pour la quatri\u00e8me ann\u00e9e cons\u00e9cutive, les fumeurs fran\u00e7ais sont invit\u00e9s \u00e0 se faire aider et \u00e0 s&rsquo;encourager mutuellement pour&nbsp;<a href=\"https:\/\/www.francetvinfo.fr\/sante\/drogue-addictions\/lutte-contre-le-tabagisme\/\" target=\"_blank\" rel=\"noreferrer noopener\">arr\u00eater la cigarette<\/a>. La dimension collective de l&rsquo;op\u00e9ration, son relais sur les r\u00e9seaux sociaux et l&rsquo;implication de personnalit\u00e9s bien connues des Fran\u00e7ais (les pr\u00e9sentateurs Xavier de Moulins et Daphn\u00e9 B\u00fcrki embarqu\u00e9s dans l&rsquo;exp\u00e9rience cette ann\u00e9e) ont fait du Mois sans tabac un succ\u00e8s populaire.<\/p>\n\n\n\n<p><em>\u00ab\u00a0Participer \u00e0 un mouvement collectif facilite la d\u00e9marche d&rsquo;arr\u00eat. Les fumeurs sont nombreux \u00e0 vivre en m\u00eame temps les b\u00e9n\u00e9fices et les difficult\u00e9s de l&rsquo;arr\u00eat\u00a0\u00bb,<\/em>&nbsp;explique le minist\u00e8re de la Sant\u00e9. Selon les chiffres d\u00e9voil\u00e9s au terme de la derni\u00e8re \u00e9dition, plus de 241 000 personnes s&rsquo;\u00e9taient inscrites en 2018, soit 84 000 de plus qu&rsquo;en 2017 (environ 157 000). La premi\u00e8re \u00e9dition avait attir\u00e9 environ 180 000 fumeurs en 2016.<\/p>\n\n\n\n<h2 class=\"wp-block-heading\">La r\u00e9ussite du sevrage&nbsp;\u00e0 un an multipli\u00e9e par deux&nbsp;<\/h2>\n\n\n\n<p>Au premier jour de cette quatri\u00e8me \u00e9dition,&nbsp;plus de 162 000 personnes affichent d\u00e9j\u00e0 sur le&nbsp;<a href=\"https:\/\/mois-sans-tabac.tabac-info-service.fr\/\" target=\"_blank\" rel=\"noreferrer noopener\">site internet tabac-info-service.fr<\/a>&nbsp;leur engagement \u00e0 ne pas fumer pendant un mois. Sans compter ceux qui ne se sont pas officiellement inscrits mais essaieront de tenir \u00e9loign\u00e9 leur paquet de cigarettes.<\/p>\n\n\n\n<p>Mais comment mesurer l&rsquo;efficacit\u00e9 du Mois sans tabac au-del\u00e0 du seul nombre de participants, alors qu&rsquo;un quart (25,4%) des adultes de 18 \u00e0 75 ans fume encore quotidiennement (chiffre de 2018 contre 26,9% en 2017) ? Le minist\u00e8re de la Sant\u00e9, l&rsquo;Assurance maladie et Sant\u00e9 publique France assurent que participer \u00e0 l&rsquo;op\u00e9ration&nbsp;<em>\u00ab\u00a0multiplie par deux la r\u00e9ussite du sevrage tabagique \u00e0 un an\u00a0\u00bb.<\/em><\/p>\n\n\n\n<p>Sant\u00e9 publique France a ainsi recontact\u00e9 un an plus tard les participants \u00e0 son Barom\u00e8tre de 2017 qui avaient fait une tentative d&rsquo;arr\u00eat du tabac au dernier trimestre 2016,&nbsp;<em>\u00ab\u00a0pour \u00e9tudier leur comportement tabagique \u00e0 plus long terme\u00a0\u00bb<\/em>. R\u00e9sultat :&nbsp;<em>\u00ab\u00a0parmi les fumeurs ayant fait une tentative d&rsquo;arr\u00eat fin 2016 (&#8230;) 6 \u00e0 10% \u00e9taient toujours abstinents un an plus tard\u00a0\u00bb,<\/em>&nbsp;soit le double des&nbsp;<em>\u00ab\u00a0taux habituellement observ\u00e9s dans les \u00e9tudes scientifiques (&#8230;) lors de tentatives d&rsquo;arr\u00eat sans aide ext\u00e9rieure\u00a0\u00bb.<\/em><\/p>\n\n\n\n<h2 class=\"wp-block-heading\">75 000&nbsp;morts par an en France<\/h2>\n\n\n\n<p><em>\u00ab\u00a030 jours, c&rsquo;est la dur\u00e9e au-del\u00e0 de laquelle les sympt\u00f4mes de manque sont consid\u00e9rablement r\u00e9duits, il devient alors plus facile de rester non fumeur\u00a0\u00bb,<\/em>&nbsp;soulignent les autorit\u00e9s de sant\u00e9. Selon elles, le Mois sans tabac a clairement&nbsp;<em>\u00ab\u00a0contribu\u00e9\u00a0\u00bb<\/em>&nbsp;\u00e0&nbsp;<em>\u00ab\u00a0la baisse historique du tabagisme en France : 1,6 million de fumeurs quotidiens en moins entre 2016 et 2018\u00a0\u00bb,<\/em>&nbsp;\u00e0 c\u00f4t\u00e9 d&rsquo;autres mesures comme la forte hausse des taxes sur le tabac engag\u00e9e depuis deux ans.<\/p>\n\n\n\n<p>L&rsquo;enjeu de l&rsquo;op\u00e9ration est aussi de faire conna\u00eetre tous les outils disponibles pour lutter contre le tabac, premi\u00e8re cause de mortalit\u00e9 \u00e9vitable&nbsp;avec 75 000 morts par an en France :&nbsp;consultation d&rsquo;un tabacologue, aide \u00e0 distance de Tabac info service, substituts nicotiniques&#8230;<\/p>\n\n\n\n<p>Le remboursement par la S\u00e9curit\u00e9 sociale des patchs et gommes \u00e0 la nicotine depuis mai 2018 (contre un forfait de 150 euros auparavant) a rencontr\u00e9 un vif succ\u00e8s. Depuis le d\u00e9but de l&rsquo;ann\u00e9e, 140.000 \u00e0 160.000 assur\u00e9s ont ainsi b\u00e9n\u00e9fici\u00e9 chaque mois \u00ab\u00a0d&rsquo;au moins un remboursement de substituts nicotiniques\u00a0\u00bb, soit \u00ab\u00a0deux \u00e0 trois plus plus que pour les m\u00eames mois en 2018\u00a0\u00bb, selon l&rsquo;Assurance maladie.<\/p>\n","protected":false},"excerpt":{"rendered":"<p>Le rendez-vous est d\u00e9sormais bien inscrit dans le calendrier : \u00e0 partir de ce vendredi 1er novembre, pour la quatri\u00e8me ann\u00e9e cons\u00e9cutive, les fumeurs fran\u00e7ais sont invit\u00e9s \u00e0 se faire aider et \u00e0 s&rsquo;encourager mutuellement pour&nbsp;arr\u00eater la cigarette. La dimension collective de l&rsquo;op\u00e9ration, son relais sur les r\u00e9seaux sociaux et l&rsquo;implication de personnalit\u00e9s bien connues [&hellip;]<\/p>\n","protected":false},"author":2,"featured_media":13593,"comment_status":"open","ping_status":"open","sticky":false,"template":"","format":"standard","meta":{"_jetpack_memberships_contains_paid_content":false,"footnotes":"","jetpack_publicize_message":"","jetpack_publicize_feature_enabled":true,"jetpack_social_post_already_shared":true,"jetpack_social_options":{"image_generator_settings":{"template":"highway","default_image_id":0,"font":"","enabled":false},"version":2},"_wpas_customize_per_network":false},"categories":[68],"tags":[],"class_list":["post-13592","post","type-post","status-publish","format-standard","has-post-thumbnail","hentry","category-actu-culturelle"],"jetpack_publicize_connections":[],"jetpack_featured_media_url":"https:\/\/i0.wp.com\/www.iceagetv.com\/radiosite\/wp-content\/uploads\/2019\/11\/Le-Mois-sans-tabac.jpg?fit=1196%2C450&ssl=1","jetpack_sharing_enabled":true,"_links":{"self":[{"href":"https:\/\/www.iceagetv.com\/radiosite\/wp-json\/wp\/v2\/posts\/13592","targetHints":{"allow":["GET"]}}],"collection":[{"href":"https:\/\/www.iceagetv.com\/radiosite\/wp-json\/wp\/v2\/posts"}],"about":[{"href":"https:\/\/www.iceagetv.com\/radiosite\/wp-json\/wp\/v2\/types\/post"}],"author":[{"embeddable":true,"href":"https:\/\/www.iceagetv.com\/radiosite\/wp-json\/wp\/v2\/users\/2"}],"replies":[{"embeddable":true,"href":"https:\/\/www.iceagetv.com\/radiosite\/wp-json\/wp\/v2\/comments?post=13592"}],"version-history":[{"count":1,"href":"https:\/\/www.iceagetv.com\/radiosite\/wp-json\/wp\/v2\/posts\/13592\/revisions"}],"predecessor-version":[{"id":13594,"href":"https:\/\/www.iceagetv.com\/radiosite\/wp-json\/wp\/v2\/posts\/13592\/revisions\/13594"}],"wp:featuredmedia":[{"embeddable":true,"href":"https:\/\/www.iceagetv.com\/radiosite\/wp-json\/wp\/v2\/media\/13593"}],"wp:attachment":[{"href":"https:\/\/www.iceagetv.com\/radiosite\/wp-json\/wp\/v2\/media?parent=13592"}],"wp:term":[{"taxonomy":"category","embeddable":true,"href":"https:\/\/www.iceagetv.com\/radiosite\/wp-json\/wp\/v2\/categories?post=13592"},{"taxonomy":"post_tag","embeddable":true,"href":"https:\/\/www.iceagetv.com\/radiosite\/wp-json\/wp\/v2\/tags?post=13592"}],"curies":[{"name":"wp","href":"https:\/\/api.w.org\/{rel}","templated":true}]}}