{"id":13615,"date":"2019-11-03T17:20:22","date_gmt":"2019-11-03T17:20:22","guid":{"rendered":"http:\/\/www.iceagetv.com\/radiosite\/?p=13615"},"modified":"2019-11-03T17:20:28","modified_gmt":"2019-11-03T17:20:28","slug":"les-questions-qui-se-posent-apres-la-mort-dun-soldat-francais-au-mali","status":"publish","type":"post","link":"https:\/\/www.iceagetv.com\/radiosite\/les-questions-qui-se-posent-apres-la-mort-dun-soldat-francais-au-mali\/","title":{"rendered":"Les questions qui se posent apr\u00e8s la mort d&rsquo;un soldat fran\u00e7ais au Mali"},"content":{"rendered":"\n<ul class=\"wp-block-list\"><li>Un militaire fran\u00e7ais est mort samedi au Mali, victime d\u2019un engin explosif.<\/li><li>Daesh a revendiqu\u00e9 l\u2019attaque.<\/li><li>Le pays a \u00e9galement \u00e9t\u00e9 secou\u00e9 par deux autres attaques depuis vendredi, o\u00f9 51&nbsp;soldats maliens ont p\u00e9ri.<\/li><\/ul>\n\n\n\n<p>Plus de sept ans apr\u00e8s l\u2019invasion djihadiste, le Mali reste toujours secou\u00e9 par le terrorisme. Ce dimanche, deux soldats maliens ont \u00e9t\u00e9 tu\u00e9s par un engin explosif.&nbsp;Samedi, le brigadier fran\u00e7ais Ronan Pointeau, membre de la force Barkhane d\u00e9ploy\u00e9e au Mali,&nbsp;<a href=\"https:\/\/www.20minutes.fr\/societe\/2642551-20191102-militaire-francais-tue-mali-engin-explosif\">avait \u00e9t\u00e9 \u00e9galement tu\u00e9 apr\u00e8s l\u2019explosion d\u2019un engin improvis\u00e9<\/a>&nbsp;au passage de son v\u00e9hicule. L\u2019attaque a \u00e9t\u00e9 revendiqu\u00e9e par Daesh. \u00ab&nbsp;Cette attaque insidieuse montre l\u2019importance et l\u2019\u00e2pret\u00e9 de la lutte contre les groupes arm\u00e9s terroristes pour la s\u00e9curisation du Liptako [une r\u00e9gion \u00e0 cheval entre le Mali et le Burkina Faso]&nbsp;\u00bb&nbsp;<a href=\"https:\/\/www.defense.gouv.fr\/operations\/actualites2\/mort-en-operation-du-brigadier-ronan-pointeau\" target=\"_blank\" rel=\"noreferrer noopener\">a expliqu\u00e9 l\u2019\u00e9tat-major<\/a>&nbsp;des Arm\u00e9es dans un communiqu\u00e9.&nbsp;<em>20 Minutes<\/em>&nbsp;fait le point sur la situation.<\/p>\n\n\n\n<h2 class=\"wp-block-heading\">Quelle est aujourd\u2019hui la situation au Mali&nbsp;?<\/h2>\n\n\n\n<p>\u00ab&nbsp;La situation n\u2019est pas hors de contr\u00f4le, mais les capacit\u00e9s de gestion de l\u2019\u00c9tat malien s\u2019amenuisent&nbsp;\u00bb constate Philippe Migaux, ma\u00eetre de conf\u00e9rences \u00e0 Sciences Po*. Le sp\u00e9cialiste \u00e9num\u00e8re les nombreuses forces djihadistes en pr\u00e9sence&nbsp;:&nbsp;\u00ab&nbsp;Le GSIM (groupe de soutien \u00e0 l\u2019islam et aux musulmans), h\u00e9ritier d\u2019Al-Qa\u00efda, a d\u00e9velopp\u00e9 un djihadisme touareg autour de Kidal, dans le nord du pays, mais aussi un djihadisme peul, dans le centre et le sud. Depuis 2017, l\u2019\u00c9tat islamique du Grand sahara (EIGS) collabore avec eux, ce qui contribue \u00e0 aggraver la situation&nbsp;\u00bb.<\/p>\n\n\n\n<figure><iframe width=\"1\" height=\"1\"><\/iframe><\/figure>\n\n\n\n<p>Vendredi,&nbsp;<a href=\"https:\/\/www.20minutes.fr\/monde\/2642367-20191102-mali-attaque-terroriste-contre-militaires-fait-54-morts\">49 soldats maliens ont \u00e9t\u00e9 tu\u00e9s<\/a>&nbsp;pr\u00e8s de M\u00e9naka (nord-est du Mali) au cours d\u2019une \u00ab&nbsp;attaque terroriste&nbsp;\u00bb attribu\u00e9e aux djihadistes. C\u2019est l\u2019une des plus graves subies par l\u2019arm\u00e9e malienne. Elle vient s\u2019ajouter \u00e0 d\u2019autres attaques men\u00e9es ces derniers mois dans le sud du pays.&nbsp;<a href=\"https:\/\/www.diplomatie.gouv.fr\/fr\/conseils-aux-voyageurs\/conseils-par-pays-destination\/mali\/\" target=\"_blank\" rel=\"noreferrer noopener\">Sur son site<\/a>, le minist\u00e8re des Affaires \u00e9trang\u00e8res d\u00e9conseille formellement de voyager au Mali.<\/p>\n\n\n\n<h2 class=\"wp-block-heading\">La force Barkhane dispose-t-elle aujourd\u2019hui d\u2019assez de moyens&nbsp;?<\/h2>\n\n\n\n<p>Cr\u00e9\u00e9e en ao\u00fbt&nbsp;2014, l\u2019op\u00e9ration Barkhane est venue prendre le relais de l\u2019op\u00e9ration Serval, qui avait stopp\u00e9 l\u2019avanc\u00e9e des forces djihadistes en direction de Bamako. Barkhane vise \u00e0 aider les pays du \u00ab&nbsp;G5 Sahel&nbsp;\u00bb (Niger, Mali, Burkina Faso, Mauritanie, Tchad) \u00e0 lutter contre les djihadistes. Les 4.500 militaires fran\u00e7ais peuvent aussi mener leurs propres op\u00e9rations. Depuis le d\u00e9but de Barkhane, quinze militaires fran\u00e7ais sont morts dans l\u2019ex\u00e9cution de leur mission.<\/p>\n\n\n\n<p>\u00ab&nbsp;La force Barkhane joue son r\u00f4le de force r\u00e9gionale en attendant que le G5 Sahel puisse prendre la main, rappelle Philippe Migaux. Mais il n\u2019est pas question de r\u00e9installer une force fran\u00e7aise pour faire le travail des autorit\u00e9s africaines. C\u2019est un travail de longue haleine&nbsp;\u00bb. Le probl\u00e8me, c\u2019est que le G5 Sahel peine \u00e0 tenir son r\u00f4le. D\u00e9but octobre, plusieurs t\u00e9moignages recueillis par&nbsp;<em>Le Monde&nbsp;<\/em>montraient \u00e0 quel point les soldats burkinab\u00e9s, membres du G5, \u00e9taient mal \u00e9quip\u00e9s pour faire face aux djihadistes.<\/p>\n\n\n\n<h2 class=\"wp-block-heading\">Y a-t-il un risque de d\u00e9stabilisation de la r\u00e9gion&nbsp;?<\/h2>\n\n\n\n<p>Les pays frontaliers du Mali sont aussi touch\u00e9s par la vague djihadiste&nbsp;:&nbsp;le Burkina a subi plusieurs attaques au cours des derniers mois. La derni\u00e8re en date, mi-octobre,&nbsp;<a href=\"https:\/\/www.20minutes.fr\/monde\/2626771-20191013-burkina-faso-attaque-fait-16-morts-mosquee\">a vis\u00e9 une mosqu\u00e9e<\/a>&nbsp;et a fait au moins seize morts. Au Niger,&nbsp;<a href=\"https:\/\/www.ouest-france.fr\/monde\/niger\/niger-plusieurs-morts-dans-l-attaque-d-une-base-militaire-6588981\" target=\"_blank\" rel=\"noreferrer noopener\">douze soldats ont \u00e9t\u00e9 tu\u00e9s<\/a>&nbsp;dans la nuit du 29 au 30&nbsp;octobre, vraisemblablement par des membres du groupe terroriste Boko Haram.<\/p>\n\n\n\n<p>\u00ab&nbsp;La r\u00e9ponse militaire ne peut \u00eatre suffisante (\u2026) Il faut que les pays europ\u00e9ens aident les \u00c9tats sah\u00e9liens touch\u00e9s par ledit djihadisme \u00e0 se r\u00e9former en profondeur. Pour le moment, les Occidentaux ont surtout contribu\u00e9 \u00e0 restaurer un syst\u00e8me in\u00e9galitaire qui permet aux djihadistes de recruter sans difficult\u00e9s&nbsp;\u00bb&nbsp;<a href=\"https:\/\/www.la-croix.com\/Monde\/Afrique\/Au-Sahel-reponse-militaire-peut-etre-suffisante-2019-05-13-1201021481\" target=\"_blank\" rel=\"noreferrer noopener\">affirmait Roland Marchal<\/a>, chercheur au CERI de Sciences Po, dans un entretien \u00e0&nbsp;<em>La Croix<\/em>&nbsp;en mai dernier. \u00ab&nbsp;Pour l\u2019instant, il n\u2019y a pas de prise de territoires de la part des djihadistes, poursuit Philippe Migaux. Cela reste une pr\u00e9sence clandestine, mais qui a r\u00e9ussi \u00e0 f\u00e9d\u00e9rer tous les m\u00e9contents&nbsp;\u00bb.<\/p>\n","protected":false},"excerpt":{"rendered":"<p>Un militaire fran\u00e7ais est mort samedi au Mali, victime d\u2019un engin explosif. Daesh a revendiqu\u00e9 l\u2019attaque. Le pays a \u00e9galement \u00e9t\u00e9 secou\u00e9 par deux autres attaques depuis vendredi, o\u00f9 51&nbsp;soldats maliens ont p\u00e9ri. Plus de sept ans apr\u00e8s l\u2019invasion djihadiste, le Mali reste toujours secou\u00e9 par le terrorisme. Ce dimanche, deux soldats maliens ont \u00e9t\u00e9 [&hellip;]<\/p>\n","protected":false},"author":2,"featured_media":13616,"comment_status":"open","ping_status":"open","sticky":false,"template":"","format":"standard","meta":{"_jetpack_memberships_contains_paid_content":false,"footnotes":"","jetpack_publicize_message":"","jetpack_publicize_feature_enabled":true,"jetpack_social_post_already_shared":true,"jetpack_social_options":{"image_generator_settings":{"template":"highway","default_image_id":0,"font":"","enabled":false},"version":2},"_wpas_customize_per_network":false},"categories":[405],"tags":[],"class_list":["post-13615","post","type-post","status-publish","format-standard","has-post-thumbnail","hentry","category-actu-france-monde"],"jetpack_publicize_connections":[],"jetpack_featured_media_url":"https:\/\/i0.wp.com\/www.iceagetv.com\/radiosite\/wp-content\/uploads\/2019\/11\/Les-questions-qui-se-posent-apr%C3%A8s-la-mort-dun-soldat-fran%C3%A7ais-au-Mali.jpg?fit=641%2C411&ssl=1","jetpack_sharing_enabled":true,"_links":{"self":[{"href":"https:\/\/www.iceagetv.com\/radiosite\/wp-json\/wp\/v2\/posts\/13615","targetHints":{"allow":["GET"]}}],"collection":[{"href":"https:\/\/www.iceagetv.com\/radiosite\/wp-json\/wp\/v2\/posts"}],"about":[{"href":"https:\/\/www.iceagetv.com\/radiosite\/wp-json\/wp\/v2\/types\/post"}],"author":[{"embeddable":true,"href":"https:\/\/www.iceagetv.com\/radiosite\/wp-json\/wp\/v2\/users\/2"}],"replies":[{"embeddable":true,"href":"https:\/\/www.iceagetv.com\/radiosite\/wp-json\/wp\/v2\/comments?post=13615"}],"version-history":[{"count":1,"href":"https:\/\/www.iceagetv.com\/radiosite\/wp-json\/wp\/v2\/posts\/13615\/revisions"}],"predecessor-version":[{"id":13617,"href":"https:\/\/www.iceagetv.com\/radiosite\/wp-json\/wp\/v2\/posts\/13615\/revisions\/13617"}],"wp:featuredmedia":[{"embeddable":true,"href":"https:\/\/www.iceagetv.com\/radiosite\/wp-json\/wp\/v2\/media\/13616"}],"wp:attachment":[{"href":"https:\/\/www.iceagetv.com\/radiosite\/wp-json\/wp\/v2\/media?parent=13615"}],"wp:term":[{"taxonomy":"category","embeddable":true,"href":"https:\/\/www.iceagetv.com\/radiosite\/wp-json\/wp\/v2\/categories?post=13615"},{"taxonomy":"post_tag","embeddable":true,"href":"https:\/\/www.iceagetv.com\/radiosite\/wp-json\/wp\/v2\/tags?post=13615"}],"curies":[{"name":"wp","href":"https:\/\/api.w.org\/{rel}","templated":true}]}}