{"id":13630,"date":"2019-11-04T19:17:37","date_gmt":"2019-11-04T19:17:37","guid":{"rendered":"http:\/\/www.iceagetv.com\/radiosite\/?p=13630"},"modified":"2019-11-04T19:17:43","modified_gmt":"2019-11-04T19:17:43","slug":"maree-noire-au-bresil-deja-2000-km-de-cotes-souillees-mais-le-pire-est-a-venir-avertit-jair-bolsonaro","status":"publish","type":"post","link":"https:\/\/www.iceagetv.com\/radiosite\/maree-noire-au-bresil-deja-2000-km-de-cotes-souillees-mais-le-pire-est-a-venir-avertit-jair-bolsonaro\/","title":{"rendered":"Mar\u00e9e noire au Br\u00e9sil: d\u00e9j\u00e0 2000 km de c\u00f4tes souill\u00e9es, mais \u00ab\u00a0le pire est \u00e0 venir\u00a0\u00bb, avertit Jair Bolsonaro"},"content":{"rendered":"\n<h2 class=\"wp-block-heading\">Le d\u00e9sastre \u00e9cologique qui touche le Br\u00e9sil depuis trois mois n&rsquo;en est qu&rsquo;\u00e0 son commencement, selon le pr\u00e9sident br\u00e9silien Jair Bolsonaro. La mar\u00e9e noire a d\u00e9j\u00e0 souill\u00e9 2000 km de c\u00f4tes, mais la majeure partie du p\u00e9trole d\u00e9vers\u00e9 n&rsquo;est pas encore arriv\u00e9 jusqu&rsquo;aux terres br\u00e9siliennes.<\/h2>\n\n\n\n<p>Depuis trois mois, plus de 200 plages dans le nord-est du Br\u00e9sil ont \u00e9t\u00e9 souill\u00e9es par une myst\u00e9rieuse mar\u00e9e noire. Mais&nbsp;\u00ab\u00a0le pire est \u00e0 venir\u00a0\u00bb a affirm\u00e9 ce dimanche le&nbsp;pr\u00e9sident Jair Bolsonaro : \u00ab\u00a0Ce qui est arriv\u00e9 et a \u00e9t\u00e9 ramass\u00e9 jusqu&rsquo;\u00e0 pr\u00e9sent est une petite quantit\u00e9 de ce qui a \u00e9t\u00e9 d\u00e9vers\u00e9\u00a0\u00bb, a expliqu\u00e9 le chef de l&rsquo;Etat br\u00e9silien&nbsp;dans un entretien \u00e0 la cha\u00eene de t\u00e9l\u00e9vision&nbsp;<em><strong><a href=\"https:\/\/recordtv.r7.com\/domingo-espetacular\/videos\/em-entrevista-exclusiva-a-record-tv-presidente-jair-bolsonaro-fala-que-deve-sair-do-psl-e-pretende-criar-um-novo-partido-03112019\" target=\"_blank\" rel=\"noreferrer noopener\">Record<\/a><\/strong><\/em>.<\/p>\n\n\n\n<blockquote class=\"wp-block-quote is-layout-flow wp-block-quote-is-layout-flow\"><p>Il s&rsquo;agit d&rsquo;un acte \u00ab\u00a0criminel\u00a0\u00bb, a accus\u00e9 Jair\u00a0Bolsonaro qui a dit s&rsquo;attendre \u00e0 \u00ab\u00a0une catastrophe bien plus grande\u00a0\u00bb.<br>D\u00e9j\u00e0 touch\u00e9 2000 km de c\u00f4tes touch\u00e9es<br>Jair Bolsonaro a ajout\u00e9 que \u00ab\u00a0tous les indices\u00a0\u00bb d\u00e9signaient un p\u00e9trolier grec, \u00ab\u00a0Bouboulina\u00a0\u00bb,\u00a0<a href=\"https:\/\/www.bfmtv.com\/international\/maree-noire-au-bresil-cinq-navires-suspects-identifies-1798403.html\">d\u00e9j\u00e0 accus\u00e9 vendredi<\/a>\u00a0par les autorit\u00e9s br\u00e9siliennes d&rsquo;\u00eatre le responsable du d\u00e9sastre \u00e9cologique apr\u00e8s l&rsquo;analyse de donn\u00e9es satellitaires. La soci\u00e9t\u00e9 grecque g\u00e9rante du p\u00e9trolier, Delta Tankers, avait d\u00e9menti.<br>Les autorit\u00e9s br\u00e9siliennes avaient d\u00e9tect\u00e9 le 29 juillet un d\u00e9versement d&rsquo;hydrocarbures \u00e0 plus de 700 km des c\u00f4tes de l&rsquo;Etat de Para\u00efba. Le p\u00e9trole a commenc\u00e9 \u00e0 appara\u00eetre le 30 ao\u00fbt sur les c\u00f4tes du Nordeste, progressant ensuite vers le sud, jusque dans l&rsquo;Etat de Bahia.<br>Quelque 2000 km de c\u00f4tes ont \u00e9t\u00e9 touch\u00e9es, notamment la r\u00e9gion d&rsquo;Abrolhos, pr\u00e8s de Bahia, sanctuaire pour les baleines \u00e0 bosse et pour des formations corallines uniques au monde.<\/p><\/blockquote>\n","protected":false},"excerpt":{"rendered":"<p>Le d\u00e9sastre \u00e9cologique qui touche le Br\u00e9sil depuis trois mois n&rsquo;en est qu&rsquo;\u00e0 son commencement, selon le pr\u00e9sident br\u00e9silien Jair Bolsonaro. La mar\u00e9e noire a d\u00e9j\u00e0 souill\u00e9 2000 km de c\u00f4tes, mais la majeure partie du p\u00e9trole d\u00e9vers\u00e9 n&rsquo;est pas encore arriv\u00e9 jusqu&rsquo;aux terres br\u00e9siliennes. Depuis trois mois, plus de 200 plages dans le nord-est [&hellip;]<\/p>\n","protected":false},"author":2,"featured_media":13631,"comment_status":"open","ping_status":"open","sticky":false,"template":"","format":"standard","meta":{"_jetpack_memberships_contains_paid_content":false,"footnotes":"","jetpack_publicize_message":"","jetpack_publicize_feature_enabled":true,"jetpack_social_post_already_shared":true,"jetpack_social_options":{"image_generator_settings":{"template":"highway","default_image_id":0,"font":"","enabled":false},"version":2},"_wpas_customize_per_network":false},"categories":[405],"tags":[],"class_list":["post-13630","post","type-post","status-publish","format-standard","has-post-thumbnail","hentry","category-actu-france-monde"],"jetpack_publicize_connections":[],"jetpack_featured_media_url":"https:\/\/i0.wp.com\/www.iceagetv.com\/radiosite\/wp-content\/uploads\/2019\/11\/Mar%C3%A9e-noire-au-Br%C3%A9sil.jpeg?fit=900%2C600&ssl=1","jetpack_sharing_enabled":true,"_links":{"self":[{"href":"https:\/\/www.iceagetv.com\/radiosite\/wp-json\/wp\/v2\/posts\/13630","targetHints":{"allow":["GET"]}}],"collection":[{"href":"https:\/\/www.iceagetv.com\/radiosite\/wp-json\/wp\/v2\/posts"}],"about":[{"href":"https:\/\/www.iceagetv.com\/radiosite\/wp-json\/wp\/v2\/types\/post"}],"author":[{"embeddable":true,"href":"https:\/\/www.iceagetv.com\/radiosite\/wp-json\/wp\/v2\/users\/2"}],"replies":[{"embeddable":true,"href":"https:\/\/www.iceagetv.com\/radiosite\/wp-json\/wp\/v2\/comments?post=13630"}],"version-history":[{"count":1,"href":"https:\/\/www.iceagetv.com\/radiosite\/wp-json\/wp\/v2\/posts\/13630\/revisions"}],"predecessor-version":[{"id":13632,"href":"https:\/\/www.iceagetv.com\/radiosite\/wp-json\/wp\/v2\/posts\/13630\/revisions\/13632"}],"wp:featuredmedia":[{"embeddable":true,"href":"https:\/\/www.iceagetv.com\/radiosite\/wp-json\/wp\/v2\/media\/13631"}],"wp:attachment":[{"href":"https:\/\/www.iceagetv.com\/radiosite\/wp-json\/wp\/v2\/media?parent=13630"}],"wp:term":[{"taxonomy":"category","embeddable":true,"href":"https:\/\/www.iceagetv.com\/radiosite\/wp-json\/wp\/v2\/categories?post=13630"},{"taxonomy":"post_tag","embeddable":true,"href":"https:\/\/www.iceagetv.com\/radiosite\/wp-json\/wp\/v2\/tags?post=13630"}],"curies":[{"name":"wp","href":"https:\/\/api.w.org\/{rel}","templated":true}]}}