{"id":13644,"date":"2019-11-06T16:15:35","date_gmt":"2019-11-06T16:15:35","guid":{"rendered":"http:\/\/www.iceagetv.com\/radiosite\/?p=13644"},"modified":"2019-11-06T16:15:43","modified_gmt":"2019-11-06T16:15:43","slug":"chute-du-mur-de-berlin-trente-ans-apres-9-cartes-sur-le-decalage-persistant-entre-lex-rda-et-le-reste-de-lallemagne","status":"publish","type":"post","link":"https:\/\/www.iceagetv.com\/radiosite\/chute-du-mur-de-berlin-trente-ans-apres-9-cartes-sur-le-decalage-persistant-entre-lex-rda-et-le-reste-de-lallemagne\/","title":{"rendered":"Chute du mur de Berlin : trente ans apr\u00e8s, 9 cartes sur le d\u00e9calage persistant entre l\u2019ex-RDA et le reste de l\u2019Allemagne"},"content":{"rendered":"\n<p>Sur les revenus, le ch\u00f4mage, la d\u00e9mographie ou les r\u00e9sultats \u00e9lectoraux, la fronti\u00e8re est toujours visible entre les deux Allemagnes.<\/p>\n\n\n\n<p>Trente ans apr\u00e8s la chute du mur de Berlin, le 9&nbsp;novembre&nbsp;1989, qui a men\u00e9 \u00e0 la r\u00e9unification du pays en octobre&nbsp;1990, l\u2019\u00e9cart en termes \u00e9conomique, social ou m\u00eame culturel persiste entre l\u2019ex-RDA et Allemagne de l\u2019Ouest.<\/p>\n\n\n\n<p>Dans leur\u00a0<a href=\"https:\/\/www.bundestag.de\/dokumente\/textarchiv\/2018\/kw39-de-stand-der-deutschen-einheit-568852\">rapport annuel sur \u00ab\u00a0le statut de l\u2019unit\u00e9 allemande\u00a0\u00bb<\/a>, publi\u00e9 en\u00a02018, les autorit\u00e9s du pays pointaient le\u00a0<em>\u00ab\u00a0tr\u00e8s lent rattrapage\u00a0\u00bb<\/em>\u00a0des Etats f\u00e9d\u00e9raux (L\u00e4nder) de l\u2019ex-Allemagne de l\u2019Est. Pourtant,\u00a0<a href=\"https:\/\/www.bundesregierung.de\/breg-fr\/actualites\/stand-der-deutschen-einheit-1675210\">57\u00a0% des citoyens de l\u2019Est<\/a>\u00a0se sentent consid\u00e9r\u00e9s comme des citoyens de seconde zone.<br>Trente ans apr\u00e8s la chute du mur, le taux de ch\u00f4mage ou la productivit\u00e9 connaissent encore des \u00e9carts substantiels, mais le gouvernement f\u00e9d\u00e9ral a fait les comptes\u00a0: alors que le PIB par habitant de la RDA repr\u00e9sentait 43\u00a0% de celui de l\u2019Ouest en\u00a01990, le niveau des cinq L\u00e4nder de l\u2019Est atteignait 75\u00a0% de leurs voisins occidentaux en\u00a02018.<\/p>\n\n\n\n<p><strong>Davantage d\u2019ath\u00e9es.<\/strong>&nbsp;La R\u00e9publique d\u00e9mocratique allemande (RDA) \u00e9tait un r\u00e9gime communiste ath\u00e9e, qui d\u00e9courageait la pratique religieuse. Trente ans apr\u00e8s, cet h\u00e9ritage reste marqu\u00e9. Les disparit\u00e9s sont encore fortement marqu\u00e9es g\u00e9ographiquement entre les arrondissements de l&rsquo;ex-Allemagne de l&rsquo;Est et la partie ouest du pays. C&rsquo;est dans le Land de Thuringe qu&rsquo;on trouve le plus fort taux de personnes sans religion d\u00e9clar\u00e9e avec 94,1&nbsp;% \u00e0 Weimar, ou encore 88,1&nbsp;% \u00e0 Brandebourg-sur-la-Havel.<\/p>\n\n\n\n<p><strong>Une population plus \u00e2g\u00e9e.<\/strong>\u00a0A la chute du mur de Berlin, en novembre 1989, la d\u00e9mographie de l\u2019ex-RDA a subi deux bouleversements majeurs. D\u2019une part, une partie des\u00a0<a href=\"https:\/\/www.liberation.fr\/planete\/2001\/07\/23\/le-grand-exode-des-allemands-de-l-est_372266\">jeunes qualifi\u00e9s sont all\u00e9s s&rsquo;installer \u00e0 l&rsquo;Ouest<\/a>\u00a0\u2013\u00a0<a href=\"https:\/\/www.ft.com\/content\/a22d04b2-c4b0-11e9-a8e9-296ca66511c9\">cela repr\u00e9sente 1,9\u00a0million de personnes<\/a>\u00a0en trente ans. De l&rsquo;autre, et jusqu&rsquo;au milieu des ann\u00e9es 2000, la natalit\u00e9 a brusquement plong\u00e9\u00a0: le nombre d\u2019enfants par femme s\u2019est effondr\u00e9 de 1,58 \u00e0 0,78 en cinq ans, avant de remonter lentement. Avec l&rsquo;inertie d\u00e9mographique, les cons\u00e9quences pour la croissance de la population de l&rsquo;est de l&rsquo;Allemagne sont toujours visibles aujourd&rsquo;hui\u00a0: l&rsquo;\u00e2ge moyen de la population est plus \u00e9lev\u00e9 \u00e0 l&rsquo;Est qu&rsquo;\u00e0 l&rsquo;Ouest (<a href=\"https:\/\/www.thelocal.de\/20151209\/germany-has-second-oldest-population-worldwide\">entre 46 et 48\u00a0ans \u00e0 l\u2019Est selon les arrondissements, contre 40 \u00e0 44 \u00e0 l\u2019Ouest<\/a>), m\u00eame si la natalit\u00e9 des cinq L\u00e4nder de l\u2019Est a de nouveau d\u00e9pass\u00e9 celle de l\u2019Ouest (1,61 enfant par femme contre 1,57 en 2017).<br><strong>Un h\u00e9ritage politique toujours marqu\u00e9 \u00e0 gauche.<\/strong>\u00a0Sur les choix politiques, les habitants de l&rsquo;Est ont conserv\u00e9 certains r\u00e9flexes, ils votent toujours plus massivement que les autres pour Die Linke, le parti de gauche radicale n\u00e9 de la fusion en 2007 du Parti du socialisme d\u00e9mocratique (l&rsquo;ancien parti unique de l&rsquo;ex-RDA) et de l&rsquo;Alternative \u00e9lectorale travail et justice sociale. Dans les L\u00e4nder de l&rsquo;Est, leur moyenne d\u00e9passait 16\u00a0% aux \u00e9lections f\u00e9d\u00e9rales de 2017. A l\u2019autre extr\u00e9mit\u00e9 du spectre politique, le parti d\u2019extr\u00eame droite Alternative f\u00fcr Deutschland (AfD) a r\u00e9alis\u00e9 ses meilleurs scores dans l\u2019ex-RDA, 22\u00a0% en 2017.<\/p>\n","protected":false},"excerpt":{"rendered":"<p>Sur les revenus, le ch\u00f4mage, la d\u00e9mographie ou les r\u00e9sultats \u00e9lectoraux, la fronti\u00e8re est toujours visible entre les deux Allemagnes. Trente ans apr\u00e8s la chute du mur de Berlin, le 9&nbsp;novembre&nbsp;1989, qui a men\u00e9 \u00e0 la r\u00e9unification du pays en octobre&nbsp;1990, l\u2019\u00e9cart en termes \u00e9conomique, social ou m\u00eame culturel persiste entre l\u2019ex-RDA et Allemagne de [&hellip;]<\/p>\n","protected":false},"author":2,"featured_media":13645,"comment_status":"open","ping_status":"open","sticky":false,"template":"","format":"standard","meta":{"_jetpack_memberships_contains_paid_content":false,"footnotes":"","jetpack_publicize_message":"","jetpack_publicize_feature_enabled":true,"jetpack_social_post_already_shared":true,"jetpack_social_options":{"image_generator_settings":{"template":"highway","default_image_id":0,"font":"","enabled":false},"version":2},"_wpas_customize_per_network":false},"categories":[405],"tags":[],"class_list":["post-13644","post","type-post","status-publish","format-standard","has-post-thumbnail","hentry","category-actu-france-monde"],"jetpack_publicize_connections":[],"jetpack_featured_media_url":"https:\/\/i0.wp.com\/www.iceagetv.com\/radiosite\/wp-content\/uploads\/2019\/11\/chute-du-mur-de-berlin.jpg?fit=1098%2C587&ssl=1","jetpack_sharing_enabled":true,"_links":{"self":[{"href":"https:\/\/www.iceagetv.com\/radiosite\/wp-json\/wp\/v2\/posts\/13644","targetHints":{"allow":["GET"]}}],"collection":[{"href":"https:\/\/www.iceagetv.com\/radiosite\/wp-json\/wp\/v2\/posts"}],"about":[{"href":"https:\/\/www.iceagetv.com\/radiosite\/wp-json\/wp\/v2\/types\/post"}],"author":[{"embeddable":true,"href":"https:\/\/www.iceagetv.com\/radiosite\/wp-json\/wp\/v2\/users\/2"}],"replies":[{"embeddable":true,"href":"https:\/\/www.iceagetv.com\/radiosite\/wp-json\/wp\/v2\/comments?post=13644"}],"version-history":[{"count":1,"href":"https:\/\/www.iceagetv.com\/radiosite\/wp-json\/wp\/v2\/posts\/13644\/revisions"}],"predecessor-version":[{"id":13646,"href":"https:\/\/www.iceagetv.com\/radiosite\/wp-json\/wp\/v2\/posts\/13644\/revisions\/13646"}],"wp:featuredmedia":[{"embeddable":true,"href":"https:\/\/www.iceagetv.com\/radiosite\/wp-json\/wp\/v2\/media\/13645"}],"wp:attachment":[{"href":"https:\/\/www.iceagetv.com\/radiosite\/wp-json\/wp\/v2\/media?parent=13644"}],"wp:term":[{"taxonomy":"category","embeddable":true,"href":"https:\/\/www.iceagetv.com\/radiosite\/wp-json\/wp\/v2\/categories?post=13644"},{"taxonomy":"post_tag","embeddable":true,"href":"https:\/\/www.iceagetv.com\/radiosite\/wp-json\/wp\/v2\/tags?post=13644"}],"curies":[{"name":"wp","href":"https:\/\/api.w.org\/{rel}","templated":true}]}}