{"id":13652,"date":"2019-11-07T07:47:03","date_gmt":"2019-11-07T07:47:03","guid":{"rendered":"http:\/\/www.iceagetv.com\/radiosite\/?p=13652"},"modified":"2019-11-07T07:47:08","modified_gmt":"2019-11-07T07:47:08","slug":"camps-de-migrants-des-centaines-de-personnes-en-train-detre-evacuees-depuis-6h-ce-matin-au-nord-ouest-de-paris","status":"publish","type":"post","link":"https:\/\/www.iceagetv.com\/radiosite\/camps-de-migrants-des-centaines-de-personnes-en-train-detre-evacuees-depuis-6h-ce-matin-au-nord-ouest-de-paris\/","title":{"rendered":"Camps de migrants : Des centaines de personnes en train d&rsquo;\u00eatre \u00e9vacu\u00e9es depuis 6h ce matin au Nord Ouest de Paris"},"content":{"rendered":"\n<p>Sur les quelque 1.500 \u00e0 3.000 exil\u00e9s qui vivent dans des tentes sous les pots d&rsquo;\u00e9chappement du p\u00e9riph\u00e9rique et de l&rsquo;autoroute A1, moins de la moiti\u00e9, soit 600 \u00e0 1.200 personnes devaient \u00eatre \u00e9vacu\u00e9es et mises \u00e0 l&rsquo;abri dans des centres d&rsquo;accueil ou des gymnases aux quatre coins de l&rsquo;Ile-de-France. L&rsquo;autre partie, qui se trouve sur le camp voisin de la Porte d&rsquo;Aubervilliers, doit faire l&rsquo;objet d&rsquo;une prochaine op\u00e9ration similaire.<\/p>\n\n\n\n<p><strong>L\u2019op\u00e9ration a d\u00e9but\u00e9 vers 6\u2009h ce matin avec le d\u00e9ploiement de pr\u00e8s de 600 policiers. Cette importante \u00e9vacuation de deux campements regroupant entre 600 et 1\u2009200 migrants \u00e0 cheval sur le nord-est de Paris et la Seine-Saint-Denis est toujours en cours.<\/strong>&nbsp;Pr\u00e8s de 600 policiers accompagnaient jeudi depuis 6\u2009h des exil\u00e9s qui vivaient sous des tentes de fortune pr\u00e8s du p\u00e9riph\u00e9rique parisien vers des bus pour les emmener dans des gymnases ou des centres d\u2019accueil franciliens, dans une op\u00e9ration conjointe de la pr\u00e9fecture de police de Paris et la pr\u00e9fecture de la r\u00e9gion Ile-de-France. Selon nos confr\u00e8res de France Bleu Paris, quinze gymnases sont r\u00e9quisitionn\u00e9s dans toute la r\u00e9gion pour accueillir les migrants \u00e9vacu\u00e9s de la Porte de la Chapelle et de l\u2019avenue Wilson \u00e0 Saint-Denis.<\/p>\n\n\n\n<p>\u00a0Les personnes qui montent dans les bus sont conduites dans plusieurs gymnases d\u2019\u00cele-de-France, l\u00e0 leur situation sera examin\u00e9e pour faire le tri entre les demandeurs d\u2019asile et ceux qui ont d\u00e9j\u00e0 \u00e9t\u00e9 d\u00e9bout\u00e9s. Cette situation fait craindre aux associatifs de nombreuses reconduites aux fronti\u00e8res.\u00a0\u00a0L\u2019objectif de cette \u00e9vacuation est \u00e9galement d\u2019\u00e9viter toute r\u00e9installation. Des effectifs de police resteront sur place, porte de la Chapelle, pour s\u2019assurer que personne ne revienne planter des tentes dans la zone.<br>Le ministre de l\u2019Int\u00e9rieur, Christophe Castaner avait promis ce mercredi, lors de la pr\u00e9sentation du plan gouvernemental sur l\u2019immigration\u2009: \u00ab\u2009La constitution de campements de personnes migrantes, notamment dans les grandes agglom\u00e9rations, constitue une anomalie du fonctionnement de notre syst\u00e8me d\u2019h\u00e9bergement et d\u2019asile\u2009\u00bb.<\/p>\n","protected":false},"excerpt":{"rendered":"<p>Sur les quelque 1.500 \u00e0 3.000 exil\u00e9s qui vivent dans des tentes sous les pots d&rsquo;\u00e9chappement du p\u00e9riph\u00e9rique et de l&rsquo;autoroute A1, moins de la moiti\u00e9, soit 600 \u00e0 1.200 personnes devaient \u00eatre \u00e9vacu\u00e9es et mises \u00e0 l&rsquo;abri dans des centres d&rsquo;accueil ou des gymnases aux quatre coins de l&rsquo;Ile-de-France. L&rsquo;autre partie, qui se trouve [&hellip;]<\/p>\n","protected":false},"author":2,"featured_media":13653,"comment_status":"open","ping_status":"open","sticky":false,"template":"","format":"standard","meta":{"_jetpack_memberships_contains_paid_content":false,"footnotes":"","jetpack_publicize_message":"","jetpack_publicize_feature_enabled":true,"jetpack_social_post_already_shared":true,"jetpack_social_options":{"image_generator_settings":{"template":"highway","default_image_id":0,"font":"","enabled":false},"version":2},"_wpas_customize_per_network":false},"categories":[405],"tags":[],"class_list":["post-13652","post","type-post","status-publish","format-standard","has-post-thumbnail","hentry","category-actu-france-monde"],"jetpack_publicize_connections":[],"jetpack_featured_media_url":"https:\/\/i0.wp.com\/www.iceagetv.com\/radiosite\/wp-content\/uploads\/2019\/11\/Camps-de-migrants.jpg?fit=704%2C310&ssl=1","jetpack_sharing_enabled":true,"_links":{"self":[{"href":"https:\/\/www.iceagetv.com\/radiosite\/wp-json\/wp\/v2\/posts\/13652","targetHints":{"allow":["GET"]}}],"collection":[{"href":"https:\/\/www.iceagetv.com\/radiosite\/wp-json\/wp\/v2\/posts"}],"about":[{"href":"https:\/\/www.iceagetv.com\/radiosite\/wp-json\/wp\/v2\/types\/post"}],"author":[{"embeddable":true,"href":"https:\/\/www.iceagetv.com\/radiosite\/wp-json\/wp\/v2\/users\/2"}],"replies":[{"embeddable":true,"href":"https:\/\/www.iceagetv.com\/radiosite\/wp-json\/wp\/v2\/comments?post=13652"}],"version-history":[{"count":1,"href":"https:\/\/www.iceagetv.com\/radiosite\/wp-json\/wp\/v2\/posts\/13652\/revisions"}],"predecessor-version":[{"id":13654,"href":"https:\/\/www.iceagetv.com\/radiosite\/wp-json\/wp\/v2\/posts\/13652\/revisions\/13654"}],"wp:featuredmedia":[{"embeddable":true,"href":"https:\/\/www.iceagetv.com\/radiosite\/wp-json\/wp\/v2\/media\/13653"}],"wp:attachment":[{"href":"https:\/\/www.iceagetv.com\/radiosite\/wp-json\/wp\/v2\/media?parent=13652"}],"wp:term":[{"taxonomy":"category","embeddable":true,"href":"https:\/\/www.iceagetv.com\/radiosite\/wp-json\/wp\/v2\/categories?post=13652"},{"taxonomy":"post_tag","embeddable":true,"href":"https:\/\/www.iceagetv.com\/radiosite\/wp-json\/wp\/v2\/tags?post=13652"}],"curies":[{"name":"wp","href":"https:\/\/api.w.org\/{rel}","templated":true}]}}