{"id":13662,"date":"2019-11-07T14:19:25","date_gmt":"2019-11-07T14:19:25","guid":{"rendered":"http:\/\/www.iceagetv.com\/radiosite\/?p=13662"},"modified":"2019-11-07T14:19:30","modified_gmt":"2019-11-07T14:19:30","slug":"benjamin-mendy-fait-son-retour-fekir-aussi","status":"publish","type":"post","link":"https:\/\/www.iceagetv.com\/radiosite\/benjamin-mendy-fait-son-retour-fekir-aussi\/","title":{"rendered":"Benjamin Mendy fait son retour, Fekir aussi"},"content":{"rendered":"\n<h2 class=\"wp-block-heading\">QUALIFICATIONS EURO 2020 \u2013 Didier Deschamps a dress\u00e9 sa liste des joueurs retenus pour affronter Moldavie (14 novembre) et l\u2019Albanie (17 novembre). Benjamin Mendy, absent depuis septembre 2018, fait son retour dans le groupe France, tout comme Nabil Fekir. Jonathan Ikon\u00e9 c\u00e8de ainsi sa place \u00e0 l\u2019ancien Lyonnais. Pour le reste, le groupe appel\u00e9 \u00e9tait attendu.<\/h2>\n\n\n\n<p>Son retour \u00e9tait attendu, le voil\u00e0 effectif. Revenu en gr\u00e2ce avec\u00a0<a href=\"https:\/\/www.eurosport.fr\/football\/equipes\/manchester-city\/teamcenter.shtml\">Manchester City<\/a>, Benjamin Mendy met fin \u00e0 son absence en Bleu. Plus appel\u00e9 depuis septembre 2018, le lat\u00e9ral gauche a \u00e9t\u00e9 s\u00e9lectionn\u00e9 par Didier Deschamps pour affronter la Moldavie (14 novembre) et l\u2019Albanie (17 novembre). Absent sur blessure au dernier rassemblement, Nabil Fekir fait \u00e9galement son retour au d\u00e9triment de Jonathan Ikon\u00e9. Forfait en octobre,\u00a0<a href=\"https:\/\/www.eurosport.fr\/football\/kylian-mbappe_prs440181\/person.shtml\">Kylian Mbapp\u00e9<\/a>\u00a0est bien pr\u00e9sent \u00e0 l&rsquo;inverse d&rsquo;<a href=\"https:\/\/www.eurosport.fr\/football\/ousmane-dembele_prs438777\/person.shtml\">Ousmane Demb\u00e9l\u00e9<\/a>.<br>Quatre petits changements par rapport \u00e0 la derni\u00e8re liste. Pas de r\u00e9volution pour Didier Deschamps qui a simplement cherch\u00e9 \u00e0 compenser les absences \u00e0 venir, notamment le forfait de\u00a0<a href=\"https:\/\/www.eurosport.fr\/football\/lucas-hernandez_prs374764\/person.shtml\">Lucas Hernandez<\/a>. C&rsquo;est \u00e0 cette aune qu&rsquo;il faut analyser la pr\u00e9sence de Benjamin Mendy. Longtemps g\u00ean\u00e9 par les blessures, le Citizen est revenu dans la peau de titulaire avec Pep\u00a0<a href=\"https:\/\/www.eurosport.fr\/football\/josep-guardiola_prs33\/person.shtml\">Guardiola<\/a>. Alors, forc\u00e9ment, son pass\u00e9 en Bleu \u00e9tant ce qu&rsquo;il est, il a pris le meilleur sur Ferland Mendy, discret au\u00a0<a href=\"https:\/\/www.eurosport.fr\/football\/equipes\/real-madrid\/teamcenter.shtml\">Real Madrid<\/a>, pour revenir \u00e0 Clairefontaine. Visiblement, c&rsquo;est avec un grand plaisir. Pour ses co\u00e9quipiers aussi lorsque l&rsquo;on se souvient de son r\u00f4le dans le groupe lors du sacre de 2018.<\/p>\n\n\n\n<h2 class=\"wp-block-heading\">Demb\u00e9l\u00e9 absent, pas Fekir<\/h2>\n\n\n\n<p>L&rsquo;autre changement derri\u00e8re est le retour de L\u00e9o Dubois, forfait lors du dernier rassemblement mais d\u00e9sormais doublure officielle de&nbsp;<a href=\"https:\/\/www.eurosport.fr\/football\/benjamin-pavard_prs416426\/person.shtml\">Benjamin Pavard<\/a>. Autrement, c&rsquo;est du classique pour DD. Le milieu reste inchang\u00e9 en l&rsquo;absence de&nbsp;<a href=\"https:\/\/www.eurosport.fr\/football\/paul-pogba_prs222248\/person.shtml\">Paul Pogba<\/a>&nbsp;avec&nbsp;<a href=\"https:\/\/www.eurosport.fr\/football\/n-golo-kante_prs313635\/person.shtml\">N&rsquo;Golo Kant\u00e9<\/a>&nbsp;et&nbsp;<a href=\"https:\/\/www.eurosport.fr\/football\/blaise-matuidi_prs48297\/person.shtml\">Blaise Matuidi<\/a>&nbsp;en soldats ind\u00e9tr\u00f4nables. C&rsquo;est devant que les enseignements sont plus nombreux. Malgr\u00e9 une saison d\u00e9licate du&nbsp;<a href=\"https:\/\/www.eurosport.fr\/football\/equipes\/betis-seville\/teamcenter.shtml\">B\u00e9tis S\u00e9ville<\/a>, Fekir est bien l\u00e0, prenant la place de Jonathan Ikon\u00e9, pourtant rafra\u00eechissant sur les derni\u00e8res sorties internationales.<\/p>\n\n\n\n<p>\u00ab\u00a0<em>Fekir a cette qualit\u00e9 technique. Quand il a la balle dans les pieds il se passe toujours quelque chose. Il aspire \u00e0 avoir plus de temps de jeu avec nous<\/em>\u00ab\u00a0, a l\u00e2ch\u00e9 DD \u00e0 propos du gaucher. Des mots qui ne s&rsquo;appliquent visiblement pas \u00e0 Ousmane Demb\u00e9l\u00e9. Revenu de blessure avec le Bar\u00e7a, le feu follet fran\u00e7ais est encore absent de la liste et ne jouera donc aucun match avec les Bleus en 2019. D&rsquo;ailleurs, le s\u00e9lectionneur a tenu \u00e0 lui adresser un message : \u00ab\u00a0<em>Ousmane Demb\u00e9l\u00e9 a un potentiel incroyable. \u00c0 lui de ne pas le g\u00e2cher. Il a \u00e9t\u00e9 \u00e9cart\u00e9 trop souvent pour des blessures. On a le droit d&rsquo;attendre plus de lui. Je lui dis directement : Donne toi tous les moyens !<\/em>\u00ab\u00a0. A sept mois de l&rsquo;Euro, il y a effectivement urgence.<\/p>\n","protected":false},"excerpt":{"rendered":"<p>QUALIFICATIONS EURO 2020 \u2013 Didier Deschamps a dress\u00e9 sa liste des joueurs retenus pour affronter Moldavie (14 novembre) et l\u2019Albanie (17 novembre). Benjamin Mendy, absent depuis septembre 2018, fait son retour dans le groupe France, tout comme Nabil Fekir. Jonathan Ikon\u00e9 c\u00e8de ainsi sa place \u00e0 l\u2019ancien Lyonnais. Pour le reste, le groupe appel\u00e9 \u00e9tait [&hellip;]<\/p>\n","protected":false},"author":2,"featured_media":13663,"comment_status":"open","ping_status":"open","sticky":false,"template":"","format":"standard","meta":{"_jetpack_memberships_contains_paid_content":false,"footnotes":"","jetpack_publicize_message":"","jetpack_publicize_feature_enabled":true,"jetpack_social_post_already_shared":true,"jetpack_social_options":{"image_generator_settings":{"template":"highway","default_image_id":0,"font":"","enabled":false},"version":2},"_wpas_customize_per_network":false},"categories":[18],"tags":[],"class_list":["post-13662","post","type-post","status-publish","format-standard","has-post-thumbnail","hentry","category-actu-sport"],"jetpack_publicize_connections":[],"jetpack_featured_media_url":"https:\/\/i0.wp.com\/www.iceagetv.com\/radiosite\/wp-content\/uploads\/2019\/11\/euro-2020.jpg?fit=1950%2C1096&ssl=1","jetpack_sharing_enabled":true,"_links":{"self":[{"href":"https:\/\/www.iceagetv.com\/radiosite\/wp-json\/wp\/v2\/posts\/13662","targetHints":{"allow":["GET"]}}],"collection":[{"href":"https:\/\/www.iceagetv.com\/radiosite\/wp-json\/wp\/v2\/posts"}],"about":[{"href":"https:\/\/www.iceagetv.com\/radiosite\/wp-json\/wp\/v2\/types\/post"}],"author":[{"embeddable":true,"href":"https:\/\/www.iceagetv.com\/radiosite\/wp-json\/wp\/v2\/users\/2"}],"replies":[{"embeddable":true,"href":"https:\/\/www.iceagetv.com\/radiosite\/wp-json\/wp\/v2\/comments?post=13662"}],"version-history":[{"count":1,"href":"https:\/\/www.iceagetv.com\/radiosite\/wp-json\/wp\/v2\/posts\/13662\/revisions"}],"predecessor-version":[{"id":13664,"href":"https:\/\/www.iceagetv.com\/radiosite\/wp-json\/wp\/v2\/posts\/13662\/revisions\/13664"}],"wp:featuredmedia":[{"embeddable":true,"href":"https:\/\/www.iceagetv.com\/radiosite\/wp-json\/wp\/v2\/media\/13663"}],"wp:attachment":[{"href":"https:\/\/www.iceagetv.com\/radiosite\/wp-json\/wp\/v2\/media?parent=13662"}],"wp:term":[{"taxonomy":"category","embeddable":true,"href":"https:\/\/www.iceagetv.com\/radiosite\/wp-json\/wp\/v2\/categories?post=13662"},{"taxonomy":"post_tag","embeddable":true,"href":"https:\/\/www.iceagetv.com\/radiosite\/wp-json\/wp\/v2\/tags?post=13662"}],"curies":[{"name":"wp","href":"https:\/\/api.w.org\/{rel}","templated":true}]}}