{"id":13665,"date":"2019-11-08T10:57:09","date_gmt":"2019-11-08T10:57:09","guid":{"rendered":"http:\/\/www.iceagetv.com\/radiosite\/?p=13665"},"modified":"2019-11-08T10:57:15","modified_gmt":"2019-11-08T10:57:15","slug":"christophe-castaner-les-pompiers-ne-doivent-pas-refuser-dintervenir","status":"publish","type":"post","link":"https:\/\/www.iceagetv.com\/radiosite\/christophe-castaner-les-pompiers-ne-doivent-pas-refuser-dintervenir\/","title":{"rendered":"Christophe Castaner : les pompiers \u00ab\u00a0ne doivent pas\u00a0\u00bb refuser d\u2019intervenir"},"content":{"rendered":"\n<p>Le ministre de l\u2019Int\u00e9rieur, invit\u00e9 ce vendredi de France Bleu Occitanie, estime que les pompiers ne doivent pas refuser d\u2019intervenir, m\u00eame en cas de situation tendue. Christophe Castaner passe une partie de la journ\u00e9e dans le Tarn-et-Garonne, sur le sujet du malaise des pompiers.<br>nterrog\u00e9 ce vendredi matin sur France Bleu Occitanie sur le malaise des pompiers, Christophe Castaner a r\u00e9pondu \u00e0 cette interrogation que\u00a0<a href=\"https:\/\/www.francebleu.fr\/infos\/societe\/stop-aux-agressions-de-pompiers-bordeaux-gironde-1572534858\">nombre d&rsquo;entre eux avouent avoir,<\/a>\u00a0devant la successions d\u2019agressions de pompiers, comme \u00e0\u00a0<a href=\"https:\/\/www.francebleu.fr\/infos\/faits-divers-justice\/chanteloup-les-vignes-un-chapiteau-incendie-apres-des-violences-urbaines-1572735987\">Chanteloup-les-vignes<\/a>\u00a0ou\u00a0<a href=\"https:\/\/www.francebleu.fr\/infos\/faits-divers-justice\/les-pompiers-de-castres-estiment-qu-ils-sont-la-cible-de-violences-1572983795\">Castres la semaine derni\u00e8re\u00a0:<\/a>\u00a0doivent-ils refuser d\u2019intervenir lorqu&rsquo;ils risquent des violences\u00a0?\u00a0<em>\u00ab\u00a0Ils ne doivent pas, ils ne le font pas.\u00a0\u00bb<\/em>\u00a0Le ministre de l\u2019int\u00e9rieur rappelle \u00e9galement qu\u2019il y a\u00a0<em>\u00ab\u00a0des endroits, o\u00f9 avant d\u2019intervenir, ils doivent attendre la pr\u00e9sence des policiers ou des gendarmes pour les prot\u00e9ger.\u00a0\u00bb \u00ab\u00a0Dans les quartiers sensibles, nous avons demand\u00e9 aux<\/em>\u00a0<em><strong>pr\u00e9fets de faire une cartographie\u00a0\u00bb,<\/strong><\/em>\u00a0a-t-il expliqu\u00e9.<\/p>\n\n\n\n<p><em>Depuis un mois et demie, nous exp\u00e9rimentons les cam\u00e9ras-pi\u00e9tons, dont sont \u00e9quip\u00e9s aujourd\u2019hui les policiers et les gendarmes\u00a0\u00bb<\/em>, a poursuivi Christophe Castaner.&nbsp;<em>\u00ab\u00a0C\u2019est un \u00e9l\u00e9ment qui doit nous permettre de faire de la pr\u00e9vention [&#8230;] et de la judiciarisation. Chaque fois qu\u2019un pompier est agress\u00e9, je leur demande de porter plainte de mani\u00e8re syst\u00e9matique.<\/em>&nbsp;<em><strong>C\u2019est \u00e7a qui augmente, ce sont les plaintes,<\/strong><\/em>&nbsp;<em>et c\u2019est une bonne chose.\u00a0\u00bb<\/em>&nbsp;Le ministre de l&rsquo;Int\u00e9rieur dit \u00e9galement travailler avec le pr\u00e9sident de la R\u00e9publique \u00e0 renforcer un plan d&rsquo;action pour prot\u00e9ger les interventions des pompiers, les forces de s\u00e9curit\u00e9, et renforcer la pr\u00e9sence dans les quartiers.<\/p>\n\n\n\n<blockquote class=\"wp-block-quote is-layout-flow wp-block-quote-is-layout-flow\"><p>Plus de la moiti\u00e9 des agresssions sont issues de personnes que l&rsquo;on vient secourir<\/p><\/blockquote>\n\n\n\n<p>Alors que les pompiers de France multiplient les actions pour montrer leur m\u00e9contentement et leur surcharge de t\u00e2ches, et que les SAMU de France sont en pleine r\u00e9organisation, Christophe Castaner a \u00e9galement voulu remettre la r\u00e9alit\u00e9 des faits au centre du d\u00e9bat\u00a0:\u00a0<em>\u00ab\u00a0Je reprends les mots du pr\u00e9sident des sapeurs-pompiers volontaires qui m\u2019accompagnera d\u2019ailleurs tout \u00e0 l\u2019heure,<\/em>\u00a0<em><strong>on ne mesure pas forc\u00e9ment une augmentation du nombre d\u2019agressions.<\/strong><\/em>\u00a0<em>Plus de la moiti\u00e9 des agressions sont issues des personnes que l\u2019on vient secourir elles-m\u00eames. Qui sont dans un \u00e9tat qui peut \u00eatre personnel, qui peut \u00eatre li\u00e9 \u00e0 la drogue, \u00e0 l\u2019alcool ou \u00e0 des probl\u00e8mes psychologiques ou psychiatriques.\u00a0\u00bb<\/em><\/p>\n\n\n\n<h2 class=\"wp-block-heading\">Un \u00ab\u00a0projet unique, ambitieux, innovant\u00a0\u00bb \u00e0 Montauban<\/h2>\n\n\n\n<p>Le ministre de l&rsquo;Int\u00e9rieur se rend ce vendredi \u00e0 Montauban, o\u00f9 il doit notamment visiter un centre exp\u00e9rimental de coordination entre les pompiers du Tarn-et-Garonne et le SAMU du d\u00e9partement, avec&nbsp;<strong>un num\u00e9ro d&rsquo;appel unique.<\/strong>&nbsp;<em>\u00ab\u00a0Ce projet est un projet unique, innovant, ambitieux. Il doit permettre de lier les interventions de nos pompiers, mais aussi de nos ambulanciers, de nos secours d\u2019urgence, sanitaires et sociaux, pour \u00eatre plus efficaces.\u00a0\u00bb<\/em><\/p>\n\n\n\n<p><em>\u00ab\u00a0C\u2019est une premi\u00e8re r\u00e9ponse aux tensions\u00a0\u00bb<\/em>, a-t-il estim\u00e9. Selon Christophe Castaner, depuis 10 ans, les services d\u2019intervention et de secours ont connu une&nbsp;<strong>augmentation de 50% du nombre d\u2019 interventions<\/strong>&nbsp;annuelles pour les urgences aux personnes. Cela repr\u00e9senterait 85% de l\u2019activit\u00e9 des pompiers.&nbsp;<em>\u00ab\u00a0Cela provoque une saturation, des difficult\u00e9s d&rsquo;intervention, et donc il faut agir.\u00a0\u00bb<\/em>&nbsp;Le ministre de l&rsquo;int\u00e9rieur a \u00e9galement indiqu\u00e9 qu&rsquo;il avait re\u00e7u r\u00e9cemment les partenaires sociaux pour parler de leur retraite sp\u00e9cifique des pompiers.<\/p>\n\n\n\n<h2 class=\"wp-block-heading\">Des policiers suppl\u00e9mentaires \u00e0 Toulouse comme ailleurs<\/h2>\n\n\n\n<p>Jean-Luc Moudenc demandait en juin dernier des renforts de police. Que r\u00e9pond le minstre de l&rsquo;Int\u00e9rieur au maire de la quatri\u00e8me ville de France&nbsp;?&nbsp;<em>\u00ab\u00a0Je lui r\u00e9ponds ce que nous faisons pour l\u2019ensemble du territoire national.[&#8230;] On n\u2019est pas sur une cartographie qui doit s\u2019appliquer par rapport \u00e0 la taille de la ville. [&#8230;] Il faut des moyens suppl\u00e9mentaires pour Toulouse, pour l\u2019ensemble du territoire\u00a0\u00bb<\/em>, a insist\u00e9 Christophe Castaner.<\/p>\n\n\n\n<p>Le ministre de l&rsquo;Int\u00e9rieur a rappel\u00e9 porter&nbsp;<em>\u00ab\u00a0un plan de recruterment de<\/em>&nbsp;<em><strong>10.000 policiers et gendarmes suppl\u00e9mentaires sur le plan national,<\/strong><\/em>&nbsp;<em>dont Toulouse.<\/em>&nbsp;<a href=\"https:\/\/www.francebleu.fr\/infos\/politique\/toulouse-30-policiers-nationaux-de-plus-pour-le-mirail-c-est-significatif-pour-jean-luc-moudenc-1536215942\"><em>En 2018, on a d\u00e9j\u00e0 eu une croissance des effectifs sur Toulouse.<\/em><\/a>&nbsp;<em>On a un maintient cette ann\u00e9e d\u2019un haut niveau de pr\u00e9sence. Mais par contre, sur Toulouse on a une sur-sollicitation de nos forces, en particulier<\/em>&nbsp;<a href=\"https:\/\/www.francebleu.fr\/infos\/societe\/la-manifestation-nationale-des-gilets-jaunes-a-toulouse-sous-tension-1570900602\"><em>li\u00e9es aux manifestations des gilets jaunes.<\/em><\/a><em>\u00ab\u00a0<\/em><\/p>\n","protected":false},"excerpt":{"rendered":"<p>Le ministre de l\u2019Int\u00e9rieur, invit\u00e9 ce vendredi de France Bleu Occitanie, estime que les pompiers ne doivent pas refuser d\u2019intervenir, m\u00eame en cas de situation tendue. Christophe Castaner passe une partie de la journ\u00e9e dans le Tarn-et-Garonne, sur le sujet du malaise des pompiers.nterrog\u00e9 ce vendredi matin sur France Bleu Occitanie sur le malaise des [&hellip;]<\/p>\n","protected":false},"author":2,"featured_media":13666,"comment_status":"open","ping_status":"open","sticky":false,"template":"","format":"standard","meta":{"_jetpack_memberships_contains_paid_content":false,"footnotes":"","jetpack_publicize_message":"","jetpack_publicize_feature_enabled":true,"jetpack_social_post_already_shared":true,"jetpack_social_options":{"image_generator_settings":{"template":"highway","default_image_id":0,"font":"","enabled":false},"version":2},"_wpas_customize_per_network":false},"categories":[405],"tags":[],"class_list":["post-13665","post","type-post","status-publish","format-standard","has-post-thumbnail","hentry","category-actu-france-monde"],"jetpack_publicize_connections":[],"jetpack_featured_media_url":"https:\/\/i0.wp.com\/www.iceagetv.com\/radiosite\/wp-content\/uploads\/2019\/11\/Christophe-Castaner.jpg?fit=709%2C412&ssl=1","jetpack_sharing_enabled":true,"_links":{"self":[{"href":"https:\/\/www.iceagetv.com\/radiosite\/wp-json\/wp\/v2\/posts\/13665","targetHints":{"allow":["GET"]}}],"collection":[{"href":"https:\/\/www.iceagetv.com\/radiosite\/wp-json\/wp\/v2\/posts"}],"about":[{"href":"https:\/\/www.iceagetv.com\/radiosite\/wp-json\/wp\/v2\/types\/post"}],"author":[{"embeddable":true,"href":"https:\/\/www.iceagetv.com\/radiosite\/wp-json\/wp\/v2\/users\/2"}],"replies":[{"embeddable":true,"href":"https:\/\/www.iceagetv.com\/radiosite\/wp-json\/wp\/v2\/comments?post=13665"}],"version-history":[{"count":1,"href":"https:\/\/www.iceagetv.com\/radiosite\/wp-json\/wp\/v2\/posts\/13665\/revisions"}],"predecessor-version":[{"id":13667,"href":"https:\/\/www.iceagetv.com\/radiosite\/wp-json\/wp\/v2\/posts\/13665\/revisions\/13667"}],"wp:featuredmedia":[{"embeddable":true,"href":"https:\/\/www.iceagetv.com\/radiosite\/wp-json\/wp\/v2\/media\/13666"}],"wp:attachment":[{"href":"https:\/\/www.iceagetv.com\/radiosite\/wp-json\/wp\/v2\/media?parent=13665"}],"wp:term":[{"taxonomy":"category","embeddable":true,"href":"https:\/\/www.iceagetv.com\/radiosite\/wp-json\/wp\/v2\/categories?post=13665"},{"taxonomy":"post_tag","embeddable":true,"href":"https:\/\/www.iceagetv.com\/radiosite\/wp-json\/wp\/v2\/tags?post=13665"}],"curies":[{"name":"wp","href":"https:\/\/api.w.org\/{rel}","templated":true}]}}