{"id":13675,"date":"2019-11-09T10:54:34","date_gmt":"2019-11-09T10:54:34","guid":{"rendered":"http:\/\/www.iceagetv.com\/radiosite\/?p=13675"},"modified":"2019-11-09T10:54:40","modified_gmt":"2019-11-09T10:54:40","slug":"je-sors-sans-haine-lex-president-bresilien-lula-libre-apres-un-an-et-demi-en-prison","status":"publish","type":"post","link":"https:\/\/www.iceagetv.com\/radiosite\/je-sors-sans-haine-lex-president-bresilien-lula-libre-apres-un-an-et-demi-en-prison\/","title":{"rendered":"Je sors sans haine \u00bb : l\u2019ex-pr\u00e9sident br\u00e9silien Lula libre apr\u00e8s un an et demi en prison"},"content":{"rendered":"\n<p>Et soudain Lula sort. Il passe une grille, fait quelques pas. Le sourire est timide. Le regard un peu perdu. Vite, on l\u2019entoure, on l\u2019acclame, on l\u2019embrasse. Il se retrouve. S\u2019arr\u00eate. L\u00e8ve le poing.<em>&nbsp;\u00ab&nbsp;Lula livre&nbsp;! Lula livre&nbsp;!&nbsp;\u00bb,&nbsp;<\/em>chante la petite foule habill\u00e9e en rouge, qui l\u2019attend depuis des heures, \u00e0 la sortie du si\u00e8ge de la police f\u00e9d\u00e9rale de Curitiba. Dans la voix des partisans de l\u2019ancien pr\u00e9sident, on le sent, ce n\u2019est d\u00e9j\u00e0 plus une revendication ou un slogan. \u00ab&nbsp;Lula livre&nbsp;\u00bb est devenue une affirmation. Un cri de victoire.<\/p>\n\n\n\n<p><a href=\"https:\/\/www.lemonde.fr\/international\/article\/2019\/11\/08\/la-justice-bresilienne-autorise-la-liberation-de-l-ancien-president-lula_6018551_3210.html\">Il est un peu plus de 17\u00a0h\u00a030, et Lula est sorti de prison<\/a>, apr\u00e8s un an et demi pass\u00e9 derri\u00e8re les barreaux. Tout est all\u00e9 si vite, dans ce Br\u00e9sil dribbleur comme aucun, capable d\u2019interminables replis comme d\u2019inimitables acc\u00e9l\u00e9rations, d\u2019\u00e9chapp\u00e9es belles par les lat\u00e9rales. Il y a moins de 24\u00a0heures, le Tribunal supr\u00eame du pays d\u00e9clarait que nul ne pouvait \u00eatre emprisonn\u00e9 au Br\u00e9sil avant l\u2019\u00e9puisement de l\u2019ensemble de ses recours, pavant la voie pour la lib\u00e9ration de l\u2019ancien pr\u00e9sident. Le reste, ce vendredi 8\u00a0novembre, s\u2019est pass\u00e9 comme une lettre \u00e0 la poste\u00a0: il a suffi aux avocats, en d\u00e9but d\u2019apr\u00e8s-midi, de d\u00e9poser une demande aupr\u00e8s de la juge locale, qui n\u2019a pas cherch\u00e9 \u00e0 lutter. En quelques heures, Luiz Inacio Lula da Silva \u00e9tait dehors. Libre, donc.<br>A toute vitesse, dans la journ\u00e9e, les militants du Parti des travailleurs (PT) de Lula ont mont\u00e9 une sc\u00e8ne, face \u00e0 la prison. L\u00e0 se croisent les visages de la vie de l\u2019ancien m\u00e9tallo devenu pr\u00e9sident\u00a0: syndicalistes \u00e0 casquette rouge, professeurs d\u2019universit\u00e9 en chemise blanche bien repass\u00e9e, jeunes gauchistes barbus, caciques indiens en coiffe traditionnelle\u2026 Tous venus l\u2019embrasser. A peine sorti, sans attendre, face \u00e0 la foule, Lula s\u2019empare du micro. Cela se voit\u00a0: l\u2019homme a une fringale d\u2019estrade. Ces cinq cent quatre-vingts jours sans sc\u00e8ne, sans applaudissements, sans public, ont d\u00fb \u00eatre un supplice pour cet acteur politique sans pareil, peut-\u00eatre le plus grand de l\u2019histoire du Br\u00e9sil.<\/p>\n","protected":false},"excerpt":{"rendered":"<p>Et soudain Lula sort. Il passe une grille, fait quelques pas. Le sourire est timide. Le regard un peu perdu. Vite, on l\u2019entoure, on l\u2019acclame, on l\u2019embrasse. Il se retrouve. S\u2019arr\u00eate. L\u00e8ve le poing.&nbsp;\u00ab&nbsp;Lula livre&nbsp;! Lula livre&nbsp;!&nbsp;\u00bb,&nbsp;chante la petite foule habill\u00e9e en rouge, qui l\u2019attend depuis des heures, \u00e0 la sortie du si\u00e8ge de la [&hellip;]<\/p>\n","protected":false},"author":2,"featured_media":13676,"comment_status":"open","ping_status":"open","sticky":false,"template":"","format":"standard","meta":{"_jetpack_memberships_contains_paid_content":false,"footnotes":"","jetpack_publicize_message":"","jetpack_publicize_feature_enabled":true,"jetpack_social_post_already_shared":true,"jetpack_social_options":{"image_generator_settings":{"template":"highway","default_image_id":0,"font":"","enabled":false},"version":2},"_wpas_customize_per_network":false},"categories":[405],"tags":[],"class_list":["post-13675","post","type-post","status-publish","format-standard","has-post-thumbnail","hentry","category-actu-france-monde"],"jetpack_publicize_connections":[],"jetpack_featured_media_url":"https:\/\/i0.wp.com\/www.iceagetv.com\/radiosite\/wp-content\/uploads\/2019\/11\/pr%C3%A9sident-br%C3%A9silien-Lula.jpg?fit=688%2C477&ssl=1","jetpack_sharing_enabled":true,"_links":{"self":[{"href":"https:\/\/www.iceagetv.com\/radiosite\/wp-json\/wp\/v2\/posts\/13675","targetHints":{"allow":["GET"]}}],"collection":[{"href":"https:\/\/www.iceagetv.com\/radiosite\/wp-json\/wp\/v2\/posts"}],"about":[{"href":"https:\/\/www.iceagetv.com\/radiosite\/wp-json\/wp\/v2\/types\/post"}],"author":[{"embeddable":true,"href":"https:\/\/www.iceagetv.com\/radiosite\/wp-json\/wp\/v2\/users\/2"}],"replies":[{"embeddable":true,"href":"https:\/\/www.iceagetv.com\/radiosite\/wp-json\/wp\/v2\/comments?post=13675"}],"version-history":[{"count":1,"href":"https:\/\/www.iceagetv.com\/radiosite\/wp-json\/wp\/v2\/posts\/13675\/revisions"}],"predecessor-version":[{"id":13677,"href":"https:\/\/www.iceagetv.com\/radiosite\/wp-json\/wp\/v2\/posts\/13675\/revisions\/13677"}],"wp:featuredmedia":[{"embeddable":true,"href":"https:\/\/www.iceagetv.com\/radiosite\/wp-json\/wp\/v2\/media\/13676"}],"wp:attachment":[{"href":"https:\/\/www.iceagetv.com\/radiosite\/wp-json\/wp\/v2\/media?parent=13675"}],"wp:term":[{"taxonomy":"category","embeddable":true,"href":"https:\/\/www.iceagetv.com\/radiosite\/wp-json\/wp\/v2\/categories?post=13675"},{"taxonomy":"post_tag","embeddable":true,"href":"https:\/\/www.iceagetv.com\/radiosite\/wp-json\/wp\/v2\/tags?post=13675"}],"curies":[{"name":"wp","href":"https:\/\/api.w.org\/{rel}","templated":true}]}}