{"id":13679,"date":"2019-11-09T14:42:27","date_gmt":"2019-11-09T14:42:27","guid":{"rendered":"http:\/\/www.iceagetv.com\/radiosite\/?p=13679"},"modified":"2019-11-09T14:42:32","modified_gmt":"2019-11-09T14:42:32","slug":"polanski-accuse-de-viol-le-soutien-de-lactrice-adele-haenel-a-valentine-monnier","status":"publish","type":"post","link":"https:\/\/www.iceagetv.com\/radiosite\/polanski-accuse-de-viol-le-soutien-de-lactrice-adele-haenel-a-valentine-monnier\/","title":{"rendered":"Polanski accus\u00e9 de viol: le soutien de l\u2019actrice Ad\u00e8le Haenel \u00e0 Valentine Monnier"},"content":{"rendered":"\n<p><em>Je soutiens Valentine Monnier pour son t\u00e9moignage bouleversant, courageux et pr\u00e9cis, je suis en soutien total\u00bb<\/em>, a d\u00e9clar\u00e9 l\u2019actrice deux fois c\u00e9saris\u00e9e Ad\u00e8le Haenel&nbsp;<a href=\"https:\/\/www.lemonde.fr\/societe\/article\/2019\/11\/08\/une-photographe-francaise-accuse-roman-polanski-de-l-avoir-violee-en-1975_6018554_3224.html\">au journal&nbsp;<\/a><a target=\"_blank\" rel=\"noreferrer noopener\" href=\"https:\/\/www.lemonde.fr\/societe\/article\/2019\/11\/08\/une-photographe-francaise-accuse-roman-polanski-de-l-avoir-violee-en-1975_6018554_3224.html\"><em>Le Monde<\/em><\/a>, vendredi 8 novembre. \u00ab<em>Je la crois. Sa d\u00e9marche suscite d\u2019autant plus d\u2019admiration que son agresseur est puissant<\/em>\u00bb, \u00e9crit-elle par ailleurs dans une d\u00e9claration \u00e9crite faite au&nbsp;<em>Parisien&nbsp;<\/em>et \u00e0 Mediapart. \u00ab<em>Depuis lundi, j\u2019entends parler avec \u00e9motion d\u2019une nouvelle prise de conscience. Cette prise conscience nous engage aujourd\u2019hui \u00e0 accueillir la parole de Valentine Monnier, \u00e0 la soutenir, \u00e0 prendre soin de son histoire<\/em>\u00bb, continue l\u2019actrice fran\u00e7aise.<\/p>\n\n\n\n<p>En pleine promotion du film de C\u00e9cile Sciamma\u00a0<em>Portrait de la jeune fille en feu<\/em>, la com\u00e9dienne a tenu \u00e0 d\u00e9fendre la photographe fran\u00e7aise Valentine Monnier,\u00a0<a href=\"https:\/\/www.lefigaro.fr\/culture\/une-francaise-accuse-roman-polanski-de-l-avoir-violee-en-1975-20191108\">qui accuse Roman Polanski de l\u2019avoir viol\u00e9e en 1975<\/a>.<br>Dans une enqu\u00eate publi\u00e9e par<a href=\"https:\/\/www.mediapart.fr\/journal\/france\/031119\/metoo-dans-le-cinema-l-actrice-adele-haenel-brise-un-nouveau-tabou?page_article=1\">\u00a0Mediapart<\/a>, le dimanche 3 novembre, Ad\u00e8le Haenel a elle-m\u00eame accus\u00e9 le r\u00e9alisateur Christophe Ruggia de comportements sexuels inappropri\u00e9s entre ses 12 et ses 15 ans. Dans son t\u00e9moignage, l\u2019actrice avait d\u00e9j\u00e0 estim\u00e9 que la situation de Roman Polanski constituait\u00a0<em>\u00abmalheureusement un cas embl\u00e9matique\u00bb<\/em>\u00a0d\u2019abus.<\/p>\n\n\n\n<p>Valentine Monnier a affirm\u00e9 avoir \u00e9t\u00e9 viol\u00e9e par le cin\u00e9aste en Suisse alors qu\u2019elle avait dix-huit ans.&nbsp;<em>\u00abJe n\u2019avais aucun lien avec lui, ni personnel, ni professionnel et le connaissais \u00e0 peine\u00bb<\/em>,&nbsp;<a href=\"http:\/\/www.leparisien.fr\/faits-divers\/une-francaise-accuse-le-realisateur-roman-polanski-de-viol-08-11-2019-8189568.php\">a&nbsp;<\/a><a target=\"_blank\" rel=\"noreferrer noopener\" href=\"http:\/\/www.leparisien.fr\/faits-divers\/une-francaise-accuse-le-realisateur-roman-polanski-de-viol-08-11-2019-8189568.php\">racont\u00e9 au Parisien<\/a>&nbsp;la photographe, qui a \u00e9t\u00e9 mannequin \u00e0 New York et a jou\u00e9 dans quelques films dans les ann\u00e9es 80, comme&nbsp;<em>Trois hommes et un couffin<\/em>.&nbsp;<em>\u00abCe fut d\u2019une extr\u00eame violence, apr\u00e8s une descente de ski, dans son chalet, \u00e0 Gstaad (Suisse). Il me frappa, roua de coups jusqu\u2019\u00e0 ma reddition puis me viola en me faisant subir toutes les vicissitudes\u00bb<\/em>, d\u00e9clare cette fille d\u2019industriels alsaciens.<\/p>\n\n\n\n<h2 class=\"wp-block-heading\">\u00abUn cas embl\u00e9matique\u00bb d\u2019abus<\/h2>\n\n\n\n<p>Valentine Monnier, dont les accusations s\u2019ajoutent \u00e0 celles d\u2019autres femmes ces derni\u00e8res ann\u00e9es, indique ne pas avoir d\u00e9pos\u00e9 plainte pour ces faits, d\u00e9sormais prescrits. Mais elle affirme avoir d\u00e9cid\u00e9 de porter publiquement cette accusation en raison de la sortie en France du\u00a0<a href=\"https:\/\/www.lefigaro.fr\/cinema\/j-accuse-le-film-de-roman-polanski-sur-l-affaire-dreyfus-projete-a-l-ecole-militaire-20191105\">film\u00a0<\/a><a rel=\"noreferrer noopener\" target=\"_blank\" href=\"https:\/\/www.lefigaro.fr\/cinema\/j-accuse-le-film-de-roman-polanski-sur-l-affaire-dreyfus-projete-a-l-ecole-militaire-20191105\"><em>J\u2019accuse<\/em><\/a>, qui porte sur l\u2019affaire Dreyfus.<br>L\u2019avocat du cin\u00e9aste, Herv\u00e9 Temime, affirme au\u00a0<em>Parisien<\/em>\u00a0que Roman Polanski\u00a0<em>\u00abconteste fermement toute accusation de viol\u00bb<\/em>\u00a0et observe que ces faits all\u00e9gu\u00e9s datant d\u2019il y a 45 ans\u00a0<em>\u00abn\u2019ont jamais \u00e9t\u00e9 port\u00e9s \u00e0 la connaissance de l\u2019autorit\u00e9 judiciaire\u00bb<\/em>. Sollicit\u00e9 par l\u2019AFP, l\u2019avocat n\u2019a pas souhait\u00e9 faire d\u2019autres commentaires dans l\u2019imm\u00e9diat.<\/p>\n","protected":false},"excerpt":{"rendered":"<p>Je soutiens Valentine Monnier pour son t\u00e9moignage bouleversant, courageux et pr\u00e9cis, je suis en soutien total\u00bb, a d\u00e9clar\u00e9 l\u2019actrice deux fois c\u00e9saris\u00e9e Ad\u00e8le Haenel&nbsp;au journal&nbsp;Le Monde, vendredi 8 novembre. \u00abJe la crois. Sa d\u00e9marche suscite d\u2019autant plus d\u2019admiration que son agresseur est puissant\u00bb, \u00e9crit-elle par ailleurs dans une d\u00e9claration \u00e9crite faite au&nbsp;Parisien&nbsp;et \u00e0 Mediapart. \u00abDepuis [&hellip;]<\/p>\n","protected":false},"author":2,"featured_media":13680,"comment_status":"open","ping_status":"open","sticky":false,"template":"","format":"standard","meta":{"_jetpack_memberships_contains_paid_content":false,"footnotes":"","jetpack_publicize_message":"","jetpack_publicize_feature_enabled":true,"jetpack_social_post_already_shared":true,"jetpack_social_options":{"image_generator_settings":{"template":"highway","default_image_id":0,"font":"","enabled":false},"version":2},"_wpas_customize_per_network":false},"categories":[68],"tags":[],"class_list":["post-13679","post","type-post","status-publish","format-standard","has-post-thumbnail","hentry","category-actu-culturelle"],"jetpack_publicize_connections":[],"jetpack_featured_media_url":"https:\/\/i0.wp.com\/www.iceagetv.com\/radiosite\/wp-content\/uploads\/2019\/11\/Polanski.jpg?fit=616%2C347&ssl=1","jetpack_sharing_enabled":true,"_links":{"self":[{"href":"https:\/\/www.iceagetv.com\/radiosite\/wp-json\/wp\/v2\/posts\/13679","targetHints":{"allow":["GET"]}}],"collection":[{"href":"https:\/\/www.iceagetv.com\/radiosite\/wp-json\/wp\/v2\/posts"}],"about":[{"href":"https:\/\/www.iceagetv.com\/radiosite\/wp-json\/wp\/v2\/types\/post"}],"author":[{"embeddable":true,"href":"https:\/\/www.iceagetv.com\/radiosite\/wp-json\/wp\/v2\/users\/2"}],"replies":[{"embeddable":true,"href":"https:\/\/www.iceagetv.com\/radiosite\/wp-json\/wp\/v2\/comments?post=13679"}],"version-history":[{"count":1,"href":"https:\/\/www.iceagetv.com\/radiosite\/wp-json\/wp\/v2\/posts\/13679\/revisions"}],"predecessor-version":[{"id":13681,"href":"https:\/\/www.iceagetv.com\/radiosite\/wp-json\/wp\/v2\/posts\/13679\/revisions\/13681"}],"wp:featuredmedia":[{"embeddable":true,"href":"https:\/\/www.iceagetv.com\/radiosite\/wp-json\/wp\/v2\/media\/13680"}],"wp:attachment":[{"href":"https:\/\/www.iceagetv.com\/radiosite\/wp-json\/wp\/v2\/media?parent=13679"}],"wp:term":[{"taxonomy":"category","embeddable":true,"href":"https:\/\/www.iceagetv.com\/radiosite\/wp-json\/wp\/v2\/categories?post=13679"},{"taxonomy":"post_tag","embeddable":true,"href":"https:\/\/www.iceagetv.com\/radiosite\/wp-json\/wp\/v2\/tags?post=13679"}],"curies":[{"name":"wp","href":"https:\/\/api.w.org\/{rel}","templated":true}]}}