{"id":13697,"date":"2019-11-13T08:11:33","date_gmt":"2019-11-13T08:11:33","guid":{"rendered":"http:\/\/www.iceagetv.com\/radiosite\/?p=13697"},"modified":"2019-11-13T08:11:38","modified_gmt":"2019-11-13T08:11:38","slug":"patrick-balkany-reste-en-prison-sa-demande-est-rejetee-a-linstant-par-la-juge-la-demande-nest-pas-fondee","status":"publish","type":"post","link":"https:\/\/www.iceagetv.com\/radiosite\/patrick-balkany-reste-en-prison-sa-demande-est-rejetee-a-linstant-par-la-juge-la-demande-nest-pas-fondee\/","title":{"rendered":"Patrick Balkany reste en prison, sa demande est rejet\u00e9e \u00e0 l&rsquo;instant par la juge : \u00ab\u00a0La demande n&rsquo;est pas fond\u00e9e\u00a0\u00bb"},"content":{"rendered":"\n<p>Incarc\u00e9r\u00e9 depuis deux mois exactement, le maire LR de Levallois-Perret Patrick Balkany attendait ce matin de savoir si sa deuxi\u00e8me demande de mise en libert\u00e9 \u00e9tait accept\u00e9e, apr\u00e8s sa condamnation dans le volet blanchiment de son proc\u00e8s.<\/p>\n\n\n\n<p>A l&rsquo;audience, Patrick Balkany, 71 ans, \u00e9tait apparu amaigri, l&rsquo;air fatigu\u00e9, pour affirmer depuis le box des pr\u00e9venus qu&rsquo;il se tenait \u00ab\u00a0bien entendu \u00e0 la disposition de la justice pour le proc\u00e8s en appel\u00a0\u00bb, n&rsquo;avait \u00ab\u00a0plus un rond\u00a0\u00bb et \u00ab\u00a0aucune intention de fuir\u00a0\u00bb.<\/p>\n\n\n\n<p>Il a \u00e9t\u00e9 condamn\u00e9 deux fois: \u00e0 quatre ans de prison pour fraude fiscale avec incarc\u00e9ration imm\u00e9diate le 13 septembre, puis \u00e0 cinq ans de prison pour blanchiment aggrav\u00e9 avec un nouveau mandat de d\u00e9p\u00f4t le 18 octobre.<\/p>\n\n\n\n<p>Pour chacune de ses condamnations, Patrick Balkany a d\u00e9pos\u00e9 une demande de lib\u00e9ration. La cour d&rsquo;appel de Paris a fait droit fin octobre \u00e0 la premi\u00e8re des deux demandes, tout en l&rsquo;assortissant de lourdes conditions.<\/p>\n\n\n\n<p>Outre le paiement d&rsquo;une lourde caution, la cour a ordonn\u00e9 son placement sous contr\u00f4le judiciaire, avec plusieurs obligations : ne pas sortir du territoire, ne pas se rendre \u00e0 Paris et plusieurs d\u00e9partements alentours &#8211; dont son d\u00e9partement des Hauts-de-Seine -, mais aussi fixer sa r\u00e9sidence \u00e0 Giverny (Eure), pointer une fois par semaine \u00e0 la gendarmerie, remettre son passeport &#8211; passeport depuis retrouv\u00e9 p\u00e9rim\u00e9 dans le dossier.<\/p>\n\n\n\n<p>A l&rsquo;audience de d\u00e9but novembre, l&rsquo;accusation s&rsquo;est une nouvelle fois oppos\u00e9e \u00e0 la mise en libert\u00e9 de l&rsquo;\u00e9lu, arguant d&rsquo;un \u00ab\u00a0risque de fuite possible, probable, pr\u00e9visible\u00a0\u00bb et jugeant \u00ab\u00a0important de garantir sa repr\u00e9sentation au proc\u00e8s en appel\u00a0\u00bb, dont la date n&rsquo;est pas encore connue pour le volet blanchiment &#8211; l&rsquo;appel du volet fraude fiscale est lui fix\u00e9 au 11 d\u00e9cembre.<\/p>\n\n\n\n<p>L&rsquo;avocat de Patrick Balkany s&rsquo;est \u00e0 nouveau emport\u00e9 contre le traitement \u00ab\u00a0absolument exceptionnel\u00a0\u00bb r\u00e9serv\u00e9 \u00e0 son client. \u00ab\u00a0Il n&rsquo;a aucune raison de fuir. Qu&rsquo;est-ce qu&rsquo;il va faire ? Partir en cavale tout seul \u00e0 71 ans, pendant que Mme Balkany reste tranquillement \u00e0 la maison ?\u00a0\u00bb, avait grond\u00e9 Me Eric Dupond-Moretti, plaidant pour une \u00ab\u00a0justice apais\u00e9e\u00a0\u00bb en appel, avec \u00ab\u00a0des peines normales\u00a0\u00bb.<\/p>\n\n\n\n<p>Sur le fond, Patrick Balkany a reconnu des erreurs tout en les minimisant &#8211; \u00e9voquant un h\u00e9ritage familial non d\u00e9clar\u00e9 en Suisse dans le volet fraude fiscale de son proc\u00e8s &#8211; mais contest\u00e9 fermement les accusations de blanchiment &#8211; niant poss\u00e9der un luxueux riad \u00e0 Marrakech et assurant \u00eatre \u00e9tranger \u00e0 l&rsquo;audacieux montage offshore qui a permis son acquisition. Il a \u00e9galement contest\u00e9 toute corruption passive, d\u00e9lit pour lequel il a \u00e9t\u00e9 relax\u00e9.<\/p>\n","protected":false},"excerpt":{"rendered":"<p>Incarc\u00e9r\u00e9 depuis deux mois exactement, le maire LR de Levallois-Perret Patrick Balkany attendait ce matin de savoir si sa deuxi\u00e8me demande de mise en libert\u00e9 \u00e9tait accept\u00e9e, apr\u00e8s sa condamnation dans le volet blanchiment de son proc\u00e8s. A l&rsquo;audience, Patrick Balkany, 71 ans, \u00e9tait apparu amaigri, l&rsquo;air fatigu\u00e9, pour affirmer depuis le box des pr\u00e9venus [&hellip;]<\/p>\n","protected":false},"author":2,"featured_media":13698,"comment_status":"open","ping_status":"open","sticky":false,"template":"","format":"standard","meta":{"_jetpack_memberships_contains_paid_content":false,"footnotes":"","jetpack_publicize_message":"","jetpack_publicize_feature_enabled":true,"jetpack_social_post_already_shared":true,"jetpack_social_options":{"image_generator_settings":{"template":"highway","default_image_id":0,"font":"","enabled":false},"version":2},"_wpas_customize_per_network":false},"categories":[405],"tags":[],"class_list":["post-13697","post","type-post","status-publish","format-standard","has-post-thumbnail","hentry","category-actu-france-monde"],"jetpack_publicize_connections":[],"jetpack_featured_media_url":"https:\/\/i0.wp.com\/www.iceagetv.com\/radiosite\/wp-content\/uploads\/2019\/11\/Patrick-Balkany.jpg?fit=693%2C337&ssl=1","jetpack_sharing_enabled":true,"_links":{"self":[{"href":"https:\/\/www.iceagetv.com\/radiosite\/wp-json\/wp\/v2\/posts\/13697","targetHints":{"allow":["GET"]}}],"collection":[{"href":"https:\/\/www.iceagetv.com\/radiosite\/wp-json\/wp\/v2\/posts"}],"about":[{"href":"https:\/\/www.iceagetv.com\/radiosite\/wp-json\/wp\/v2\/types\/post"}],"author":[{"embeddable":true,"href":"https:\/\/www.iceagetv.com\/radiosite\/wp-json\/wp\/v2\/users\/2"}],"replies":[{"embeddable":true,"href":"https:\/\/www.iceagetv.com\/radiosite\/wp-json\/wp\/v2\/comments?post=13697"}],"version-history":[{"count":1,"href":"https:\/\/www.iceagetv.com\/radiosite\/wp-json\/wp\/v2\/posts\/13697\/revisions"}],"predecessor-version":[{"id":13699,"href":"https:\/\/www.iceagetv.com\/radiosite\/wp-json\/wp\/v2\/posts\/13697\/revisions\/13699"}],"wp:featuredmedia":[{"embeddable":true,"href":"https:\/\/www.iceagetv.com\/radiosite\/wp-json\/wp\/v2\/media\/13698"}],"wp:attachment":[{"href":"https:\/\/www.iceagetv.com\/radiosite\/wp-json\/wp\/v2\/media?parent=13697"}],"wp:term":[{"taxonomy":"category","embeddable":true,"href":"https:\/\/www.iceagetv.com\/radiosite\/wp-json\/wp\/v2\/categories?post=13697"},{"taxonomy":"post_tag","embeddable":true,"href":"https:\/\/www.iceagetv.com\/radiosite\/wp-json\/wp\/v2\/tags?post=13697"}],"curies":[{"name":"wp","href":"https:\/\/api.w.org\/{rel}","templated":true}]}}