{"id":13710,"date":"2019-11-14T08:04:44","date_gmt":"2019-11-14T08:04:44","guid":{"rendered":"http:\/\/www.iceagetv.com\/radiosite\/?p=13710"},"modified":"2019-11-14T08:04:48","modified_gmt":"2019-11-14T08:04:48","slug":"moyens-effectifs-conditions-de-travail-pourquoi-tout-lhopital-public-est-en-greve-ce-jeudi","status":"publish","type":"post","link":"https:\/\/www.iceagetv.com\/radiosite\/moyens-effectifs-conditions-de-travail-pourquoi-tout-lhopital-public-est-en-greve-ce-jeudi\/","title":{"rendered":"Moyens, effectifs, conditions de travail&#8230; Pourquoi tout l&rsquo;h\u00f4pital public est en gr\u00e8ve ce jeudi"},"content":{"rendered":"\n<p>Des m\u00e9decins aux aides-soignantes, des doyens aux \u00e9tudiants, c&rsquo;est un h\u00f4pital public \u00e0 bout de souffle qui est appel\u00e9 \u00e0 manifester, jeudi 14&nbsp;novembre, pour exiger davantage de moyens et d&rsquo;effectifs, pendant que le gouvernement peaufine un&nbsp;<em>\u00ab\u00a0plan de soutien\u00a0\u00bb<\/em>&nbsp;tr\u00e8s attendu. Sous pression budg\u00e9taire depuis des ann\u00e9es, port\u00e9e \u00e0 \u00e9bullition par&nbsp;<a href=\"https:\/\/www.francetvinfo.fr\/economie\/greve\/greve-aux-urgences\/\">la gr\u00e8ve des urgences<\/a>, la Cocotte-Minute de l&rsquo;h\u00f4pital a fini par exploser.<\/p>\n\n\n\n<p>L&rsquo;appel \u00e0 une&nbsp;<em>\u00ab\u00a0grande manifestation\u00a0\u00bb<\/em>, lanc\u00e9 il y a un mois par le nouveau collectif Inter-H\u00f4pitaux, a fait le plein de soutiens. A commencer par le collectif Inter-Urgences, \u00e0 l&rsquo;origine d&rsquo;un mouvement social in\u00e9dit, d\u00e9but\u00e9 en mars \u00e0 Paris et qui s&rsquo;est \u00e9tendu \u00e0 tout le pays, avec encore 268&nbsp;\u00e9tablissements touch\u00e9s lundi.<\/p>\n\n\n\n<p>Franceinfo vous explique les raisons de&nbsp;cette mobilisation, qui pourrait \u00eatre d&rsquo;une ampleur in\u00e9dite.<\/p>\n\n\n\n<h2 class=\"wp-block-heading\">Parce que la situation est critique<\/h2>\n\n\n\n<p><em>\u00ab\u00a0L&rsquo;h\u00f4pital public s&rsquo;\u00e9croule\u00a0\u00bb<\/em>. C&rsquo;est le constat formul\u00e9, dans une tribune au&nbsp;<em><a href=\"https:\/\/www.lemonde.fr\/idees\/article\/2019\/11\/13\/au-rythme-actuel-l-hopital-public-arrivera-a-un-point-de-rupture-irreversible_6018924_3232.html\">Monde<\/a>,<\/em>&nbsp;par 70&nbsp;directeurs m\u00e9dicaux&nbsp;de l&rsquo;Assistance publique-H\u00f4pitaux de Paris (AP-HP).&nbsp;<em>\u00ab\u00a0Nous ne sommes plus en mesure d&rsquo;assurer nos missions dans de bonnes conditions de qualit\u00e9 et de s\u00e9curit\u00e9 des soins\u00a0\u00bb<\/em>, s&rsquo;alarment les signataires, avant de d\u00e9tailler les probl\u00e8mes&nbsp;: r\u00e9ductions budg\u00e9taires, fermetures de lits et de salles d&rsquo;op\u00e9ration, postes non pourvus, surcharge de travail, \u00e9puisement des soignants.<\/p>\n\n\n\n<p>Dans&nbsp;<em><a href=\"http:\/\/www.leparisien.fr\/societe\/sante\/crise-a-l-hopital-les-enfants-sont-en-premiere-ligne-la-tribune-choc-des-pediatres-13-11-2019-8192493.php\" target=\"_blank\" rel=\"noreferrer noopener\">Le Parisien<\/a><\/em>, ce sont 200&nbsp;professionnels de la p\u00e9diatrie qui s&rsquo;inqui\u00e8tent.<em>&nbsp;\u00ab\u00a0La crise de l&rsquo;h\u00f4pital public expose les enfants \u00e0 \u00eatre moins bien soign\u00e9s, voire m\u00eame \u00e0 \u00eatre mis en danger par l&rsquo;insuffisance des moyens\u00a0\u00bb<\/em>, estiment-ils, avant de d\u00e9velopper&nbsp;:&nbsp;<em>\u00ab\u00a0Cette situation de crise est v\u00e9cue d\u00e9sormais quotidiennement par les \u00e9quipes comme une m\u00e9decine de guerre : choisir quel enfant hospitaliser en priorit\u00e9, quelle chirurgie pourtant indispensable diff\u00e9rer pour prendre en charge une urgence vitale,&nbsp;transf\u00e9rer des enfants instables dans des r\u00e9animations \u00e0 plus de 200 km de leur domicile\u00a0\u00bb<\/em>&#8230;<\/p>\n\n\n\n<p>Le manque de moyens joue aussi sur l&rsquo;\u00e9tat des b\u00e2timents hospitaliers. A la Timone, \u00e0 Marseille (Bouches-du-Rh\u00f4ne), certains murs sont d\u00e9labr\u00e9s, on trouve parfois des cafards dans la salle d&rsquo;attente et de l&rsquo;eau marron peut sortir des robinets, comme le raconte notre journaliste Solenne Le Hen dans&nbsp;<a href=\"https:\/\/www.francetvinfo.fr\/sante\/hopital\/murs-delabres-cafards-plafonds-eventres-les-patients-et-soignants-de-l-hopital-de-la-timone-deplorent-la-vetuste-des-batiments_3699527.html\">ce reportage<\/a>.&nbsp;<em>\u00ab\u00a0Depuis dix ans, l&rsquo;h\u00f4pital public a \u00e9t\u00e9 la variable d&rsquo;ajustement de la d\u00e9pense publique<\/em>, r\u00e9sume dans&nbsp;<em><a href=\"https:\/\/www.liberation.fr\/france\/2019\/11\/13\/l-hopital-public-exige-des-grands-remedes_1763232\">Lib\u00e9ration<\/a><\/em>&nbsp;Yasmina Kettal, coordinatrice du collectif Inter-Urgences.&nbsp;<em>Ce n&rsquo;est plus possible, nous sommes \u00e0 un point de rupture\u00a0\u00bb<\/em>.<\/p>\n\n\n\n<h2 class=\"wp-block-heading\">Parce que tous les syndicats et tous les m\u00e9tiers sont unis<\/h2>\n\n\n\n<p>Fait rare, tous les syndicats de la fonction publique hospitali\u00e8re s&rsquo;y sont ralli\u00e9s, en particulier la CGT, FO et la CFDT, qui peinent tant \u00e0 s&rsquo;accorder sur d&rsquo;autres sujets au niveau national. Chez les praticiens, les anesth\u00e9sistes du Snphare tablent sur&nbsp;<em>\u00ab\u00a0une mobilisation historique\u00a0\u00bb<\/em>, tandis que les gyn\u00e9cologues du Syngof ont&nbsp;<em>\u00ab\u00a0pr\u00e9par\u00e9 la gr\u00e8ve en \u00e9vitant toute programmation de soins non urgents\u00a0\u00bb<\/em>.<\/p>\n\n\n\n<p>Du c\u00f4t\u00e9 des \u00e9tudiants, les carabins de l&rsquo;Anemf et les futures sages-femmes de l&rsquo;Anesf ont rejoint le mouvement, avec la b\u00e9n\u00e9diction des doyens de m\u00e9decine, qui ont d\u00e9cr\u00e9t\u00e9 une<em>&nbsp;\u00ab\u00a0journ\u00e9e sans activit\u00e9s dans toutes les facult\u00e9s\u00a0\u00bb<\/em>. Leurs a\u00een\u00e9s en internat, indispensables au fonctionnement des services hospitaliers, sont pour leur part consult\u00e9s par leur intersyndicale (Isni) sur une possible gr\u00e8ve&nbsp;<em>\u00ab\u00a0totale et illimit\u00e9e \u00e0 partir du mardi 10&nbsp;d\u00e9cembre\u00a0\u00bb<\/em>. L&rsquo;inqui\u00e9tude remonte jusqu&rsquo;aux pontes des commissions m\u00e9dicales d&rsquo;\u00e9tablissements (CME), qui \u00e9voquent un&nbsp;<em>\u00ab\u00a0\u00e9tat d&rsquo;urgence r\u00e9publicaine\u00a0\u00bb<\/em>. M\u00eame l&rsquo;Ordre des m\u00e9decins&nbsp;<em>\u00ab\u00a0comprend ce d\u00e9sarroi\u00a0\u00bb<\/em>&nbsp;d\u00fb \u00e0&nbsp;<em>\u00ab\u00a0des conditions de travail toujours plus difficiles\u00a0\u00bb<\/em>&nbsp;et attend&nbsp;<em>\u00ab\u00a0une r\u00e9ponse \u00e0 la hauteur des enjeux\u00a0\u00bb<\/em>.&nbsp;<\/p>\n\n\n\n<p>Les revendications n&rsquo;ont pas chang\u00e9 depuis le&nbsp;d\u00e9but&nbsp;de la crise des urgences, il y&nbsp; a huit mois&nbsp;: augmentation des salaires de 300&nbsp;euros, hausse des effectifs et r\u00e9ouverture des lits supprim\u00e9s. Elles sont d\u00e9sormais reprises \u00e0 tous les \u00e9tages de l&rsquo;h\u00f4pital, des aides-soignantes aux chefs de service, jusqu&rsquo;\u00e0 la direction. Selon les calculs de Yasmina Kettal, du collectif Inter-Urgences, cit\u00e9e par&nbsp;<em><a href=\"https:\/\/www.liberation.fr\/france\/2019\/11\/13\/l-hopital-public-exige-des-grands-remedes_1763232\">Lib\u00e9ration<\/a><\/em>, il faudrait 3,8&nbsp;milliards d&rsquo;euros de surcro\u00eet de cr\u00e9dits pour satisfaire&nbsp;ces revendications.<\/p>\n\n\n\n<h2 class=\"wp-block-heading\">Parce qu&rsquo;ils veulent mettre la pression sur le gouvernement qui pr\u00e9pare un plan de soutien<\/h2>\n\n\n\n<p>Cette gr\u00e8ve intervient alors que la ministre de la Sant\u00e9, Agn\u00e8s Buzyn, a promis en r\u00e9ponse un&nbsp;<em>\u00ab\u00a0plan de soutien\u00a0\u00bb<\/em>&nbsp;qui mettra l&rsquo;accent sur&nbsp;<em>\u00ab\u00a0un meilleur investissement courant\u00a0\u00bb<\/em>&nbsp;et&nbsp;<em>\u00ab\u00a0la revalorisation des salaires, notamment en d\u00e9but de carri\u00e8re\u00a0\u00bb<\/em>. Mais la ministre de la Sant\u00e9 a d\u00e9j\u00e0 \u00e9chou\u00e9 par deux fois \u00e0 sortir de ce conflit&nbsp;: ni la prime mensuelle de 100&nbsp;euros vers\u00e9e depuis juillet, ni le plan de&nbsp;<em>\u00ab\u00a0refondation\u00a0\u00bb<\/em>&nbsp;annonc\u00e9&nbsp;<a href=\"https:\/\/www.francetvinfo.fr\/economie\/greve\/greve-aux-urgences\/greve-aux-urgences-on-vous-detaille-l-essentiel-des-mesures-annoncees-par-agnes-buzyn_3609959.html\" target=\"_blank\" rel=\"noreferrer noopener\">en septembre<\/a>&nbsp;n&rsquo;ont suffi \u00e0 faire baisser la tension.<\/p>\n\n\n\n<p>Les manifestants visent d\u00e9sormais plus haut&nbsp;: le cort\u00e8ge parisien s&rsquo;\u00e9lancera \u00e0 14&nbsp;heures de Port-Royal en direction des Invalides, en esp\u00e9rant que leurs repr\u00e9sentants seront re\u00e7us \u00e0 Matignon, o\u00f9&nbsp;se trouve les bureaux du&nbsp;Premier ministre Edouard Philippe. Parmi les pistes \u00e9tudi\u00e9es par le gouvernement pour r\u00e9pondre \u00e0 la crise, la reprise de la dette hospitali\u00e8re&nbsp;ou la hausse des d\u00e9penses de sant\u00e9, fix\u00e9e pour le moment \u00e0 2,1% dans le budget 2020.<\/p>\n","protected":false},"excerpt":{"rendered":"<p>Des m\u00e9decins aux aides-soignantes, des doyens aux \u00e9tudiants, c&rsquo;est un h\u00f4pital public \u00e0 bout de souffle qui est appel\u00e9 \u00e0 manifester, jeudi 14&nbsp;novembre, pour exiger davantage de moyens et d&rsquo;effectifs, pendant que le gouvernement peaufine un&nbsp;\u00ab\u00a0plan de soutien\u00a0\u00bb&nbsp;tr\u00e8s attendu. Sous pression budg\u00e9taire depuis des ann\u00e9es, port\u00e9e \u00e0 \u00e9bullition par&nbsp;la gr\u00e8ve des urgences, la Cocotte-Minute de [&hellip;]<\/p>\n","protected":false},"author":2,"featured_media":13711,"comment_status":"open","ping_status":"open","sticky":false,"template":"","format":"standard","meta":{"_jetpack_memberships_contains_paid_content":false,"footnotes":"","jetpack_publicize_message":"","jetpack_publicize_feature_enabled":true,"jetpack_social_post_already_shared":true,"jetpack_social_options":{"image_generator_settings":{"template":"highway","default_image_id":0,"font":"","enabled":false},"version":2},"_wpas_customize_per_network":false},"categories":[405],"tags":[],"class_list":["post-13710","post","type-post","status-publish","format-standard","has-post-thumbnail","hentry","category-actu-france-monde"],"jetpack_publicize_connections":[],"jetpack_featured_media_url":"https:\/\/i0.wp.com\/www.iceagetv.com\/radiosite\/wp-content\/uploads\/2019\/11\/Pourquoi-tout-lh%C3%B4pital-public-est-en-gr%C3%A8ve-ce-jeudi.jpg?fit=1023%2C385&ssl=1","jetpack_sharing_enabled":true,"_links":{"self":[{"href":"https:\/\/www.iceagetv.com\/radiosite\/wp-json\/wp\/v2\/posts\/13710","targetHints":{"allow":["GET"]}}],"collection":[{"href":"https:\/\/www.iceagetv.com\/radiosite\/wp-json\/wp\/v2\/posts"}],"about":[{"href":"https:\/\/www.iceagetv.com\/radiosite\/wp-json\/wp\/v2\/types\/post"}],"author":[{"embeddable":true,"href":"https:\/\/www.iceagetv.com\/radiosite\/wp-json\/wp\/v2\/users\/2"}],"replies":[{"embeddable":true,"href":"https:\/\/www.iceagetv.com\/radiosite\/wp-json\/wp\/v2\/comments?post=13710"}],"version-history":[{"count":1,"href":"https:\/\/www.iceagetv.com\/radiosite\/wp-json\/wp\/v2\/posts\/13710\/revisions"}],"predecessor-version":[{"id":13712,"href":"https:\/\/www.iceagetv.com\/radiosite\/wp-json\/wp\/v2\/posts\/13710\/revisions\/13712"}],"wp:featuredmedia":[{"embeddable":true,"href":"https:\/\/www.iceagetv.com\/radiosite\/wp-json\/wp\/v2\/media\/13711"}],"wp:attachment":[{"href":"https:\/\/www.iceagetv.com\/radiosite\/wp-json\/wp\/v2\/media?parent=13710"}],"wp:term":[{"taxonomy":"category","embeddable":true,"href":"https:\/\/www.iceagetv.com\/radiosite\/wp-json\/wp\/v2\/categories?post=13710"},{"taxonomy":"post_tag","embeddable":true,"href":"https:\/\/www.iceagetv.com\/radiosite\/wp-json\/wp\/v2\/tags?post=13710"}],"curies":[{"name":"wp","href":"https:\/\/api.w.org\/{rel}","templated":true}]}}