{"id":13716,"date":"2019-11-14T15:11:49","date_gmt":"2019-11-14T15:11:49","guid":{"rendered":"http:\/\/www.iceagetv.com\/radiosite\/?p=13716"},"modified":"2019-11-14T15:11:54","modified_gmt":"2019-11-14T15:11:54","slug":"venise-sous-les-eaux-letat-de-catastrophe-naturelle-va-etre-decrete","status":"publish","type":"post","link":"https:\/\/www.iceagetv.com\/radiosite\/venise-sous-les-eaux-letat-de-catastrophe-naturelle-va-etre-decrete\/","title":{"rendered":"Venise sous les eaux : l\u2019\u00e9tat de catastrophe naturelle va \u00eatre d\u00e9cr\u00e9t\u00e9"},"content":{"rendered":"\n<h2 class=\"wp-block-heading\">Le gouvernement italien cherche \u00e0 mobiliser rapidement des fonds afin d&rsquo;\u00e9viter \u00e0 terme une possible disparition d&rsquo;une des plus belles villes du monde.<\/h2>\n\n\n\n<p>Le but est de mobiliser rapidement des fonds afin d&rsquo;\u00e9viter \u00e0 plus long terme une possible disparition de la ville. Un conseil des ministres est pr\u00e9vu \u00e0 Rome jeudi apr\u00e8s-midi pour d\u00e9clarer l&rsquo;\u00e9tat d&rsquo;urgence pour catastrophe naturelle pour la zone de Venise,&nbsp;<a href=\"http:\/\/www.leparisien.fr\/environnement\/venise-inondee-par-une-acqua-alta-historique-qui-fait-un-mort-13-11-2019-8191911.php\" target=\"_blank\" rel=\"noreferrer noopener\">inond\u00e9e depuis mardi \u00e0 la suite d&rsquo;un pic de mar\u00e9e exceptionnel<\/a>. Cette proc\u00e9dure dote le gouvernement de \u00ab pouvoirs et moyens exceptionnels \u00bb pour intervenir plus rapidement.<\/p>\n\n\n\n<p>\u00ab La catastrophe qui a frapp\u00e9 Venise est un coup port\u00e9 au c\u0153ur de notre pays. Cela fait mal de voir la ville aussi endommag\u00e9e, son patrimoine artistique compromis, les activit\u00e9s commerciales \u00e0 genou \u00bb, a d\u00e9clar\u00e9 le Premier ministre Giuseppe Conte, venu sur place.\u00a0<a rel=\"noreferrer noopener\" href=\"http:\/\/www.leparisien.fr\/environnement\/venise-sous-les-eaux-la-ville-en-a-vu-d-autres-mais-la-c-est-tres-grave-13-11-2019-8192541.php\" target=\"_blank\">Les d\u00e9g\u00e2ts se chiffrent en millions d&rsquo;euros, rien que pour la c\u00e9l\u00e8bre Basilique Saint-Marc<\/a>, joyau byzantin envahi par un m\u00e8tre d&rsquo;eau de mer.<\/p>\n\n\n\n<p>&nbsp;Nous sommes pr\u00eats \u00e0 y consacrer de premiers fonds \u00bb, a indiqu\u00e9 le chef du gouvernement, pr\u00e9cisant sur sa page Facebook qu&rsquo;il participerait auparavant \u00e0 une r\u00e9union \u00e0 la pr\u00e9fecture \u00e0 Venise \u00ab pour de premi\u00e8res constatations sur les d\u00e9g\u00e2ts et pr\u00e9parer de premi\u00e8res solutions \u00bb.<\/p>\n\n\n\n<h2 class=\"wp-block-heading\">80% de la ville submerg\u00e9s<\/h2>\n\n\n\n<p>\u00c0 23h35 mercredi, le pic de mar\u00e9e haute s&rsquo;est arr\u00eat\u00e9 sous le m\u00e8tre (\u00e0 77 cm), alors qu&rsquo;il \u00e9tait pr\u00e9vu \u00e0 1,20 m. La veille, l&rsquo;\u00ab acqua alta \u00bb est mont\u00e9e \u00e0 1,87 m,\u00a0<a rel=\"noreferrer noopener\" href=\"http:\/\/www.leparisien.fr\/environnement\/venise-sous-les-eaux-d-une-acqua-alta-quatre-questions-sur-une-maree-haute-historique-13-11-2019-8192091.php\" target=\"_blank\">soit le deuxi\u00e8me plus haut niveau enregistr\u00e9 depuis le d\u00e9but des relev\u00e9s en 1923<\/a>, derri\u00e8re celui du 4 novembre 1966 (1,94 m\u00e8tre). D&rsquo;autres \u00e9pisodes sont pr\u00e9vus jusqu&rsquo;\u00e0 vendredi m\u00eame si, en th\u00e9orie, aucun ne devrait atteindre le pic record de mardi.<\/p>\n\n\n\n<p>Le but est de mobiliser rapidement des fonds afin d&rsquo;\u00e9viter \u00e0 plus long terme une possible disparition de la ville. Un conseil des ministres est pr\u00e9vu \u00e0 Rome jeudi apr\u00e8s-midi pour d\u00e9clarer l&rsquo;\u00e9tat d&rsquo;urgence pour catastrophe naturelle pour la zone de Venise,&nbsp;<a href=\"http:\/\/www.leparisien.fr\/environnement\/venise-inondee-par-une-acqua-alta-historique-qui-fait-un-mort-13-11-2019-8191911.php\" target=\"_blank\" rel=\"noreferrer noopener\">inond\u00e9e depuis mardi \u00e0 la suite d&rsquo;un pic de mar\u00e9e exceptionnel<\/a>. Cette proc\u00e9dure dote le gouvernement de \u00ab pouvoirs et moyens exceptionnels \u00bb pour intervenir plus rapidement.<\/p>\n\n\n\n<p>\u00ab La catastrophe qui a frapp\u00e9 Venise est un coup port\u00e9 au c\u0153ur de notre pays. Cela fait mal de voir la ville aussi endommag\u00e9e, son patrimoine artistique compromis, les activit\u00e9s commerciales \u00e0 genou \u00bb, a d\u00e9clar\u00e9 le Premier ministre Giuseppe Conte, venu sur place.\u00a0<a rel=\"noreferrer noopener\" href=\"http:\/\/www.leparisien.fr\/environnement\/venise-sous-les-eaux-la-ville-en-a-vu-d-autres-mais-la-c-est-tres-grave-13-11-2019-8192541.php\" target=\"_blank\">Les d\u00e9g\u00e2ts se chiffrent en millions d&rsquo;euros, rien que pour la c\u00e9l\u00e8bre Basilique Saint-Marc<\/a>, joyau byzantin envahi par un m\u00e8tre d&rsquo;eau de mer<\/p>\n","protected":false},"excerpt":{"rendered":"<p>Le gouvernement italien cherche \u00e0 mobiliser rapidement des fonds afin d&rsquo;\u00e9viter \u00e0 terme une possible disparition d&rsquo;une des plus belles villes du monde. Le but est de mobiliser rapidement des fonds afin d&rsquo;\u00e9viter \u00e0 plus long terme une possible disparition de la ville. Un conseil des ministres est pr\u00e9vu \u00e0 Rome jeudi apr\u00e8s-midi pour d\u00e9clarer [&hellip;]<\/p>\n","protected":false},"author":2,"featured_media":13717,"comment_status":"open","ping_status":"open","sticky":false,"template":"","format":"standard","meta":{"_jetpack_memberships_contains_paid_content":false,"footnotes":"","jetpack_publicize_message":"","jetpack_publicize_feature_enabled":true,"jetpack_social_post_already_shared":true,"jetpack_social_options":{"image_generator_settings":{"template":"highway","default_image_id":0,"font":"","enabled":false},"version":2},"_wpas_customize_per_network":false},"categories":[14],"tags":[],"class_list":["post-13716","post","type-post","status-publish","format-standard","has-post-thumbnail","hentry","category-actu-meteo"],"jetpack_publicize_connections":[],"jetpack_featured_media_url":"https:\/\/i0.wp.com\/www.iceagetv.com\/radiosite\/wp-content\/uploads\/2019\/11\/Venise-sous-les-eaux.jpg?fit=932%2C582&ssl=1","jetpack_sharing_enabled":true,"_links":{"self":[{"href":"https:\/\/www.iceagetv.com\/radiosite\/wp-json\/wp\/v2\/posts\/13716","targetHints":{"allow":["GET"]}}],"collection":[{"href":"https:\/\/www.iceagetv.com\/radiosite\/wp-json\/wp\/v2\/posts"}],"about":[{"href":"https:\/\/www.iceagetv.com\/radiosite\/wp-json\/wp\/v2\/types\/post"}],"author":[{"embeddable":true,"href":"https:\/\/www.iceagetv.com\/radiosite\/wp-json\/wp\/v2\/users\/2"}],"replies":[{"embeddable":true,"href":"https:\/\/www.iceagetv.com\/radiosite\/wp-json\/wp\/v2\/comments?post=13716"}],"version-history":[{"count":1,"href":"https:\/\/www.iceagetv.com\/radiosite\/wp-json\/wp\/v2\/posts\/13716\/revisions"}],"predecessor-version":[{"id":13718,"href":"https:\/\/www.iceagetv.com\/radiosite\/wp-json\/wp\/v2\/posts\/13716\/revisions\/13718"}],"wp:featuredmedia":[{"embeddable":true,"href":"https:\/\/www.iceagetv.com\/radiosite\/wp-json\/wp\/v2\/media\/13717"}],"wp:attachment":[{"href":"https:\/\/www.iceagetv.com\/radiosite\/wp-json\/wp\/v2\/media?parent=13716"}],"wp:term":[{"taxonomy":"category","embeddable":true,"href":"https:\/\/www.iceagetv.com\/radiosite\/wp-json\/wp\/v2\/categories?post=13716"},{"taxonomy":"post_tag","embeddable":true,"href":"https:\/\/www.iceagetv.com\/radiosite\/wp-json\/wp\/v2\/tags?post=13716"}],"curies":[{"name":"wp","href":"https:\/\/api.w.org\/{rel}","templated":true}]}}