{"id":13723,"date":"2019-11-15T15:23:52","date_gmt":"2019-11-15T15:23:52","guid":{"rendered":"http:\/\/www.iceagetv.com\/radiosite\/?p=13723"},"modified":"2019-11-15T15:23:58","modified_gmt":"2019-11-15T15:23:58","slug":"hopitaux-le-discours-demmanuel-macron-est-vide-et-creux-cest-du-mepris","status":"publish","type":"post","link":"https:\/\/www.iceagetv.com\/radiosite\/hopitaux-le-discours-demmanuel-macron-est-vide-et-creux-cest-du-mepris\/","title":{"rendered":"H\u00f4pitaux : le discours d&rsquo;Emmanuel Macron \u00ab\u00a0est vide et creux. C&rsquo;est du m\u00e9pris\u00a0\u00bb"},"content":{"rendered":"\n<p>Des milliers de personnels des h\u00f4pitaux ont manifest\u00e9 jeudi 14\u00a0novembre en France pour r\u00e9clamer davantage de moyens et d&rsquo;effectifs. Au cours d&rsquo;un d\u00e9placement \u00e0 Epernay, dans la Marne,\u00a0<a href=\"https:\/\/www.francetvinfo.fr\/politique\/emmanuel-macron\/video-mobilisation-dans-l-hopital-public-emmanuel-macron-dit-avoir-entendu-la-colere-et-l-indignation-du-personnel-soignant_3702893.html\">Emmanuel Macron a d\u00e9clar\u00e9 jeudi entendre cette\u00a0<em>\u00ab\u00a0alarme<\/em>\u00ab\u00a0<\/a>\u00a0\u00e0 laquelle il a promis de r\u00e9pondre par des\u00a0<em>\u00ab\u00a0d\u00e9cisions fortes\u00a0\u00bb<\/em>\u00a0la semaine prochaine. Le discours du pr\u00e9sident de la R\u00e9publique<em>\u00a0\u00ab\u00a0est vide et creux\u00a0\u00bb. \u00ab\u00a0C&rsquo;est du m\u00e9pris\u00a0\u00bb<\/em>, a d\u00e9clar\u00e9 ce vendredi sur franceinfo Christophe Prudhomme, m\u00e9decin urgentiste, porte-parole de l\u2019AMUF (Association des M\u00e9decins Urgentistes de France), membre de la CGT-Sant\u00e9 (AMUF).<\/p>\n\n\n\n<p><strong>Christophe Prudhomme.&nbsp;<\/strong>Absolument pas. Il ne r\u00e9pond pas aux revendications qui sont assez claires qui sont des effectifs suppl\u00e9mentaires, des augmentations de salaires et l&rsquo;arr\u00eat de fermetures de services et d&rsquo;h\u00f4pitaux. Pour cela il faut de l&rsquo;argent, 5% d&rsquo;augmentation du budget des h\u00f4pitaux sur environ 4&nbsp;milliards. C&rsquo;est une revendication que nous avons mis sur la table il y a plusieurs mois. Nous constatons que le gouvernement nous sert des discours. Maintenant, on fait un peu de calinoth\u00e9rapie en nous disant que le travail est difficile et qu&rsquo;on soutient les soignants, mais ce qu&rsquo;on veut c&rsquo;est une r\u00e9ponse claire.<\/p>\n\n\n\n<p><strong>Vous vous sentez m\u00e9pris\u00e9s&nbsp;?<\/strong><\/p>\n\n\n\n<p>Oui, hier, nous \u00e9tions tr\u00e8s choqu\u00e9s. Nous \u00e9tions des dizaines de milliers dans la rue, nous avons demand\u00e9 \u00e0 \u00eatre re\u00e7us et nous n&rsquo;avons pas \u00e9t\u00e9 re\u00e7us. On a simplement eu un discours vide et creux du pr\u00e9sident de la R\u00e9publique lors d&rsquo;un d\u00e9placement en province, ce n&rsquo;est pas s\u00e9rieux. C&rsquo;est du m\u00e9pris. Ce gouvernement va dans le mur. Nous demandons du dialogue social, nous avons besoin de mesures imm\u00e9diates, \u00e0 moyen terme, \u00e0 long terme. Nous savons que le syst\u00e8me de sant\u00e9 est malade et qu&rsquo;on ne pourra pas le r\u00e9organiser du jour au lendemain. Par contre, ce que l&rsquo;on peut avoir imm\u00e9diatement c&rsquo;est qu&rsquo;on desserre le carcan financier qui nous \u00e9touffe.<\/p>\n\n\n\n<p><strong>Un plan de 750 millions a \u00e9t\u00e9 promis, ce n&rsquo;est pas suffisant&nbsp;?<\/strong><\/p>\n\n\n\n<p>Quand on dit que le gouvernement a d\u00e9bloqu\u00e9 750&nbsp;millions d&rsquo;euros pour les urgences, c&rsquo;est faux. C&rsquo;est la cavalerie budg\u00e9taire. Ils n&rsquo;existent pas. Ce qui a \u00e9t\u00e9 donn\u00e9 aux urgences, c&rsquo;est pris dans d&rsquo;autres services. Dans mon \u00e9tablissement, les postes qui ont \u00e9t\u00e9 octroy\u00e9s aux urgences sont des postes supprim\u00e9s dans les h\u00f4pitaux g\u00e9riatries. On marche sur la t\u00eate. Il y a une col\u00e8re monstrueuse.<\/p>\n","protected":false},"excerpt":{"rendered":"<p>Des milliers de personnels des h\u00f4pitaux ont manifest\u00e9 jeudi 14\u00a0novembre en France pour r\u00e9clamer davantage de moyens et d&rsquo;effectifs. Au cours d&rsquo;un d\u00e9placement \u00e0 Epernay, dans la Marne,\u00a0Emmanuel Macron a d\u00e9clar\u00e9 jeudi entendre cette\u00a0\u00ab\u00a0alarme\u00ab\u00a0\u00a0\u00e0 laquelle il a promis de r\u00e9pondre par des\u00a0\u00ab\u00a0d\u00e9cisions fortes\u00a0\u00bb\u00a0la semaine prochaine. Le discours du pr\u00e9sident de la R\u00e9publique\u00a0\u00ab\u00a0est vide et creux\u00a0\u00bb. [&hellip;]<\/p>\n","protected":false},"author":2,"featured_media":13724,"comment_status":"open","ping_status":"open","sticky":false,"template":"","format":"standard","meta":{"_jetpack_memberships_contains_paid_content":false,"footnotes":"","jetpack_publicize_message":"","jetpack_publicize_feature_enabled":true,"jetpack_social_post_already_shared":true,"jetpack_social_options":{"image_generator_settings":{"template":"highway","default_image_id":0,"font":"","enabled":false},"version":2},"_wpas_customize_per_network":false},"categories":[405],"tags":[],"class_list":["post-13723","post","type-post","status-publish","format-standard","has-post-thumbnail","hentry","category-actu-france-monde"],"jetpack_publicize_connections":[],"jetpack_featured_media_url":"https:\/\/i0.wp.com\/www.iceagetv.com\/radiosite\/wp-content\/uploads\/2019\/11\/H%C3%B4pitaux.jpg?fit=1196%2C450&ssl=1","jetpack_sharing_enabled":true,"_links":{"self":[{"href":"https:\/\/www.iceagetv.com\/radiosite\/wp-json\/wp\/v2\/posts\/13723","targetHints":{"allow":["GET"]}}],"collection":[{"href":"https:\/\/www.iceagetv.com\/radiosite\/wp-json\/wp\/v2\/posts"}],"about":[{"href":"https:\/\/www.iceagetv.com\/radiosite\/wp-json\/wp\/v2\/types\/post"}],"author":[{"embeddable":true,"href":"https:\/\/www.iceagetv.com\/radiosite\/wp-json\/wp\/v2\/users\/2"}],"replies":[{"embeddable":true,"href":"https:\/\/www.iceagetv.com\/radiosite\/wp-json\/wp\/v2\/comments?post=13723"}],"version-history":[{"count":1,"href":"https:\/\/www.iceagetv.com\/radiosite\/wp-json\/wp\/v2\/posts\/13723\/revisions"}],"predecessor-version":[{"id":13725,"href":"https:\/\/www.iceagetv.com\/radiosite\/wp-json\/wp\/v2\/posts\/13723\/revisions\/13725"}],"wp:featuredmedia":[{"embeddable":true,"href":"https:\/\/www.iceagetv.com\/radiosite\/wp-json\/wp\/v2\/media\/13724"}],"wp:attachment":[{"href":"https:\/\/www.iceagetv.com\/radiosite\/wp-json\/wp\/v2\/media?parent=13723"}],"wp:term":[{"taxonomy":"category","embeddable":true,"href":"https:\/\/www.iceagetv.com\/radiosite\/wp-json\/wp\/v2\/categories?post=13723"},{"taxonomy":"post_tag","embeddable":true,"href":"https:\/\/www.iceagetv.com\/radiosite\/wp-json\/wp\/v2\/tags?post=13723"}],"curies":[{"name":"wp","href":"https:\/\/api.w.org\/{rel}","templated":true}]}}