{"id":13726,"date":"2019-11-15T15:27:11","date_gmt":"2019-11-15T15:27:11","guid":{"rendered":"http:\/\/www.iceagetv.com\/radiosite\/?p=13726"},"modified":"2019-11-15T15:27:16","modified_gmt":"2019-11-15T15:27:16","slug":"neige-sur-la-france-19-500-foyers-toujours-prives-delectricite-dans-les-alpes-de-haute-provence-et-dans-les-hautes-alpes-la-circulation-sur-certains-axes-routiers-et-ferroviaires-perturbee","status":"publish","type":"post","link":"https:\/\/www.iceagetv.com\/radiosite\/neige-sur-la-france-19-500-foyers-toujours-prives-delectricite-dans-les-alpes-de-haute-provence-et-dans-les-hautes-alpes-la-circulation-sur-certains-axes-routiers-et-ferroviaires-perturbee\/","title":{"rendered":"Neige sur la France: 19 500 foyers toujours priv\u00e9s d&rsquo;\u00e9lectricit\u00e9 dans les Alpes-de-Haute-Provence et dans les Hautes-Alpes &#8211; La circulation sur certains axes routiers et ferroviaires perturb\u00e9e"},"content":{"rendered":"\n<p>19 500 foyers sont toujours priv\u00e9s d&rsquo;\u00e9lectricit\u00e9 dans les Alpes-de-Haute-Provence et dans les Hautes-Alpes, annonce Enedis sur Twitter.<br><strong>Enedis annonce sur Twitter qu&rsquo;\u00e0 13h, 320.000 \u00e9taient toujours priv\u00e9s d&rsquo;\u00e9lectricit\u00e9.<\/strong>\u00a0\u00ab\u00a0Les conditions d&rsquo;acc\u00e8s pour nos 2000 agents et prestataires mobilis\u00e9s sur le terrain sont difficiles et ralentissent leurs interventions. 150 groupes \u00e9lectrog\u00e8nes sont en cours de d\u00e9ploiements\u00a0\u00bb, pr\u00e9cise-t-il sur le r\u00e9seau social.<\/p>\n\n\n\n<p>La circulation sur certains axes routiers et ferroviaires restait perturb\u00e9e vendredi en Rh\u00f4ne-Alpes par la neige, tomb\u00e9e en abondance depuis la veille et qui a caus\u00e9 la mort d\u2019un automobiliste, tu\u00e9 par la chute d\u2019un arbre.<\/p>\n\n\n\n<p>Environ 330.000 foyers \u00e9taient toujours priv\u00e9s d\u2019\u00e9lectricit\u00e9 dans la matin\u00e9e, essentiellement dans les d\u00e9partements de la Dr\u00f4me, de l\u2019Ard\u00e8che, de l\u2019Is\u00e8re et du Rh\u00f4ne, selon Enedis.<\/p>\n\n\n\n<p>\u00abTraditionnellement, on arrive assez bien \u00e0 remettre la majorit\u00e9 des foyers dans la journ\u00e9e mais l\u00e0, vu la concentration des intemp\u00e9ries, \u00e7a peut durer un petit peu de temps\u00bb, a pr\u00e9venu le secr\u00e9taire d\u2019\u00c9tat aux Transports Jean-Baptiste Djebbari sur la radio Europe 1.<\/p>\n\n\n\n<p>Selon l\u2019op\u00e9rateur de t\u00e9l\u00e9phonie Orange, plus de 10.000 de ses clients particuliers et entreprises \u00e9taient priv\u00e9s de t\u00e9l\u00e9phonie fixe en Dr\u00f4me et Ard\u00e8che et quelque 50.000 clients \u00e9taient priv\u00e9s d\u2019internet.<\/p>\n\n\n\n<p>Un automobiliste de 63 ans a \u00e9t\u00e9 tu\u00e9 jeudi soir par la chute d\u2019un arbre alors qu\u2019il tentait de d\u00e9gager un autre arbre, tomb\u00e9 sous le poids de la neige sur une route de Roche (Is\u00e8re).<\/p>\n\n\n\n<p>A la faveur du redoux, les restrictions de circulation des poids lourds sur l\u2019A7 entre Vienne et Orange ont \u00e9t\u00e9 lev\u00e9es vers 10H30. D\u2019importantes difficult\u00e9s de circulation persistaient cependant sur cet axe, selon Bison Fut\u00e9, qui conseille aux usagers d\u2019\u00e9viter le tron\u00e7on entre Valence et Lyon.<\/p>\n\n\n\n<p>Les autorit\u00e9s notaient \u00e9galement d\u2019importants ralentissements en fin de matin\u00e9e au sud de Valence apr\u00e8s la fin de l\u2019immobilisation de 1.300 poids lourds.<\/p>\n\n\n\n<p>Dans l\u2019Ain, certaines difficult\u00e9s ponctuelles subsistent sur le r\u00e9seau d\u00e9partemental, selon la pr\u00e9fecture. Les routes d\u00e9partementales RD38, RD82, et RD4 avaient du \u00eatre momentan\u00e9ment coup\u00e9es \u00e0 la circulation en raison de chutes d\u2019arbres.<\/p>\n\n\n\n<p>En Ard\u00e8che, de nombreuses branches d\u2019arbres sont tomb\u00e9es sur les voiries secondaires, obligeant les automobiliste \u00e0 la prudence, a constat\u00e9 un photographe de l\u2019AFP.<\/p>\n\n\n\n<p><strong>11h22:&nbsp;<\/strong>Environ 330.000 foyers \u00e9taient toujours priv\u00e9s d\u2019\u00e9lectricit\u00e9 dans la matin\u00e9e, essentiellement dans les d\u00e9partements de la Dr\u00f4me, de l\u2019Ard\u00e8che, de l\u2019Is\u00e8re et du Rh\u00f4ne, selon Enedis.<\/p>\n\n\n\n<p>\u00abTraditionnellement, on arrive assez bien \u00e0 remettre la majorit\u00e9 des foyers dans la journ\u00e9e mais l\u00e0, vu la concentration des intemp\u00e9ries, \u00e7a peut durer un petit peu de temps\u00bb, a pr\u00e9venu le secr\u00e9taire d\u2019\u00c9tat aux Transports Jean-Baptiste Djebbari sur la radio Europe 1.<\/p>\n\n\n\n<p>Selon l\u2019op\u00e9rateur de t\u00e9l\u00e9phonie Orange, plus de 10.000 de ses clients particuliers et entreprises \u00e9taient priv\u00e9s de t\u00e9l\u00e9phonie fixe en Dr\u00f4me et Ard\u00e8che et quelque 50.000 clients \u00e9taient priv\u00e9s d\u2019internet.<\/p>\n","protected":false},"excerpt":{"rendered":"<p>19 500 foyers sont toujours priv\u00e9s d&rsquo;\u00e9lectricit\u00e9 dans les Alpes-de-Haute-Provence et dans les Hautes-Alpes, annonce Enedis sur Twitter.Enedis annonce sur Twitter qu&rsquo;\u00e0 13h, 320.000 \u00e9taient toujours priv\u00e9s d&rsquo;\u00e9lectricit\u00e9.\u00a0\u00ab\u00a0Les conditions d&rsquo;acc\u00e8s pour nos 2000 agents et prestataires mobilis\u00e9s sur le terrain sont difficiles et ralentissent leurs interventions. 150 groupes \u00e9lectrog\u00e8nes sont en cours de d\u00e9ploiements\u00a0\u00bb, pr\u00e9cise-t-il [&hellip;]<\/p>\n","protected":false},"author":2,"featured_media":13727,"comment_status":"open","ping_status":"open","sticky":false,"template":"","format":"standard","meta":{"_jetpack_memberships_contains_paid_content":false,"footnotes":"","jetpack_publicize_message":"","jetpack_publicize_feature_enabled":true,"jetpack_social_post_already_shared":true,"jetpack_social_options":{"image_generator_settings":{"template":"highway","default_image_id":0,"font":"","enabled":false},"version":2},"_wpas_customize_per_network":false},"categories":[14],"tags":[],"class_list":["post-13726","post","type-post","status-publish","format-standard","has-post-thumbnail","hentry","category-actu-meteo"],"jetpack_publicize_connections":[],"jetpack_featured_media_url":"https:\/\/i0.wp.com\/www.iceagetv.com\/radiosite\/wp-content\/uploads\/2019\/11\/NEIGE-SUR-LA-FRANCE.jpg?fit=705%2C306&ssl=1","jetpack_sharing_enabled":true,"_links":{"self":[{"href":"https:\/\/www.iceagetv.com\/radiosite\/wp-json\/wp\/v2\/posts\/13726","targetHints":{"allow":["GET"]}}],"collection":[{"href":"https:\/\/www.iceagetv.com\/radiosite\/wp-json\/wp\/v2\/posts"}],"about":[{"href":"https:\/\/www.iceagetv.com\/radiosite\/wp-json\/wp\/v2\/types\/post"}],"author":[{"embeddable":true,"href":"https:\/\/www.iceagetv.com\/radiosite\/wp-json\/wp\/v2\/users\/2"}],"replies":[{"embeddable":true,"href":"https:\/\/www.iceagetv.com\/radiosite\/wp-json\/wp\/v2\/comments?post=13726"}],"version-history":[{"count":1,"href":"https:\/\/www.iceagetv.com\/radiosite\/wp-json\/wp\/v2\/posts\/13726\/revisions"}],"predecessor-version":[{"id":13728,"href":"https:\/\/www.iceagetv.com\/radiosite\/wp-json\/wp\/v2\/posts\/13726\/revisions\/13728"}],"wp:featuredmedia":[{"embeddable":true,"href":"https:\/\/www.iceagetv.com\/radiosite\/wp-json\/wp\/v2\/media\/13727"}],"wp:attachment":[{"href":"https:\/\/www.iceagetv.com\/radiosite\/wp-json\/wp\/v2\/media?parent=13726"}],"wp:term":[{"taxonomy":"category","embeddable":true,"href":"https:\/\/www.iceagetv.com\/radiosite\/wp-json\/wp\/v2\/categories?post=13726"},{"taxonomy":"post_tag","embeddable":true,"href":"https:\/\/www.iceagetv.com\/radiosite\/wp-json\/wp\/v2\/tags?post=13726"}],"curies":[{"name":"wp","href":"https:\/\/api.w.org\/{rel}","templated":true}]}}