{"id":13746,"date":"2019-11-17T19:30:28","date_gmt":"2019-11-17T19:30:28","guid":{"rendered":"http:\/\/www.iceagetv.com\/radiosite\/?p=13746"},"modified":"2019-11-17T19:30:33","modified_gmt":"2019-11-17T19:30:33","slug":"gilets-jaunes-pres-de-300-personnes-interpellees-lors-du-premier-anniversaire-du-mouvement-la-plupart-a-paris","status":"publish","type":"post","link":"https:\/\/www.iceagetv.com\/radiosite\/gilets-jaunes-pres-de-300-personnes-interpellees-lors-du-premier-anniversaire-du-mouvement-la-plupart-a-paris\/","title":{"rendered":"Gilets jaunes\u00a0\u00bb : pr\u00e8s de 300 personnes interpell\u00e9es lors du premier anniversaire du mouvement, la plupart \u00e0 Paris"},"content":{"rendered":"\n<p>Une premi\u00e8re bougie qui a laiss\u00e9 des traces.&nbsp;Le week-end de manifestations \u00e0 l&rsquo;occasion du premier anniversaire du&nbsp;<a href=\"https:\/\/www.francetvinfo.fr\/economie\/transports\/gilets-jaunes\/\">mouvement des \u00ab\u00a0gilets jaunes\u00a0\u00bb<\/a>&nbsp;a&nbsp;donn\u00e9 lieu \u00e0 plusieurs dizaines d&rsquo;interpellations. Dans le d\u00e9tail, 254&nbsp;personnes ont \u00e9t\u00e9 arr\u00eat\u00e9es au niveau national, samedi 16&nbsp;novembre, dont 173 \u00e0 Paris. La capitale, et plus particuli\u00e8rement la place d&rsquo;Italie, a \u00e9t\u00e9 le th\u00e9\u00e2tre de violents heurts entre manifestants et forces de l&rsquo;ordre.<\/p>\n\n\n\n<p><em>\u00ab\u00a0Quelques-unes\u00a0\u00bb<\/em>&nbsp;de ces arrestationssont<em>&nbsp;\u00ab\u00a0symboliques\u00a0\u00bb,&nbsp;<\/em><a href=\"https:\/\/www.francetvinfo.fr\/economie\/transports\/gilets-jaunes\/gilets-jaunes-christophe-castaner-denonce-l-action-de-brutes-et-de-voyous_3707085.html\">a&nbsp;comment\u00e9 le ministre de l&rsquo;Int\u00e9rieur<\/a>dimanche, affirmant vouloir&nbsp;distinguer le<em>&nbsp;\u00ab\u00a0mouvement d&rsquo;origine\u00a0\u00bb&nbsp;et les&nbsp;\u00ab\u00a0voyous\u00a0\u00bb \u00ab\u00a0venus en d\u00e9coudre\u00a0\u00bb.&nbsp;<\/em>Christophe Castaner a notamment \u00e9voqu\u00e9 l&rsquo;interpellation d&rsquo;un homme&nbsp;soup\u00e7onn\u00e9 d&rsquo;avoir particip\u00e9 \u00e0 une attaque de&nbsp;policiers, qui ont d\u00fb s&rsquo;abriter dans une laverie du boulevard Beaumarchais, dans le 11e&nbsp;arrondissement. De son c\u00f4t\u00e9, le parquet de Paris recensait dimanche matin 155 gardes \u00e0 vue, dont huit concernant des mineurs.<\/p>\n\n\n\n<h2 class=\"wp-block-heading\">La police scientifique au travail<\/h2>\n\n\n\n<p>La journ\u00e9e de dimanche a \u00e9t\u00e9 bien moins mouvement\u00e9e. A 16&nbsp;heures, la&nbsp;pr\u00e9fecture de police de Paris a annonc\u00e9 que 31&nbsp;personnes avaient \u00e9t\u00e9 interpell\u00e9es et que 1&nbsp;631 contr\u00f4les pr\u00e9ventifs avaient \u00e9t\u00e9 effectu\u00e9s.<\/p>\n\n\n\n<p>De leur c\u00f4t\u00e9, les techniciens de la police scientifique continuent de relever les traces et les indices&nbsp;<em>\u00ab\u00a0qui permettront aux enqu\u00eateurs d&rsquo;identifier\u00a0\u00bb<\/em>&nbsp;et de&nbsp;<em>\u00ab\u00a0poursuivre les auteurs des d\u00e9gradations sur les commerces et le mobilier urbain place d&rsquo;Italie<\/em><em>\u00ab\u00a0,&nbsp;<\/em>comme l&rsquo;a signal\u00e9 la pr\u00e9fecture sur Twitter.&nbsp;<\/p>\n","protected":false},"excerpt":{"rendered":"<p>Une premi\u00e8re bougie qui a laiss\u00e9 des traces.&nbsp;Le week-end de manifestations \u00e0 l&rsquo;occasion du premier anniversaire du&nbsp;mouvement des \u00ab\u00a0gilets jaunes\u00a0\u00bb&nbsp;a&nbsp;donn\u00e9 lieu \u00e0 plusieurs dizaines d&rsquo;interpellations. Dans le d\u00e9tail, 254&nbsp;personnes ont \u00e9t\u00e9 arr\u00eat\u00e9es au niveau national, samedi 16&nbsp;novembre, dont 173 \u00e0 Paris. La capitale, et plus particuli\u00e8rement la place d&rsquo;Italie, a \u00e9t\u00e9 le th\u00e9\u00e2tre de violents [&hellip;]<\/p>\n","protected":false},"author":2,"featured_media":13747,"comment_status":"open","ping_status":"open","sticky":false,"template":"","format":"standard","meta":{"_jetpack_memberships_contains_paid_content":false,"footnotes":"","jetpack_publicize_message":"","jetpack_publicize_feature_enabled":true,"jetpack_social_post_already_shared":true,"jetpack_social_options":{"image_generator_settings":{"template":"highway","default_image_id":0,"font":"","enabled":false},"version":2},"_wpas_customize_per_network":false},"categories":[405],"tags":[],"class_list":["post-13746","post","type-post","status-publish","format-standard","has-post-thumbnail","hentry","category-actu-france-monde"],"jetpack_publicize_connections":[],"jetpack_featured_media_url":"https:\/\/i0.wp.com\/www.iceagetv.com\/radiosite\/wp-content\/uploads\/2019\/11\/pr%C3%A8s-de-300-personnes-interpell%C3%A9es-lors-du-premier-anniversaire-du-mouvement-la-plupart-%C3%A0-Paris.jpg?fit=1023%2C385&ssl=1","jetpack_sharing_enabled":true,"_links":{"self":[{"href":"https:\/\/www.iceagetv.com\/radiosite\/wp-json\/wp\/v2\/posts\/13746","targetHints":{"allow":["GET"]}}],"collection":[{"href":"https:\/\/www.iceagetv.com\/radiosite\/wp-json\/wp\/v2\/posts"}],"about":[{"href":"https:\/\/www.iceagetv.com\/radiosite\/wp-json\/wp\/v2\/types\/post"}],"author":[{"embeddable":true,"href":"https:\/\/www.iceagetv.com\/radiosite\/wp-json\/wp\/v2\/users\/2"}],"replies":[{"embeddable":true,"href":"https:\/\/www.iceagetv.com\/radiosite\/wp-json\/wp\/v2\/comments?post=13746"}],"version-history":[{"count":1,"href":"https:\/\/www.iceagetv.com\/radiosite\/wp-json\/wp\/v2\/posts\/13746\/revisions"}],"predecessor-version":[{"id":13748,"href":"https:\/\/www.iceagetv.com\/radiosite\/wp-json\/wp\/v2\/posts\/13746\/revisions\/13748"}],"wp:featuredmedia":[{"embeddable":true,"href":"https:\/\/www.iceagetv.com\/radiosite\/wp-json\/wp\/v2\/media\/13747"}],"wp:attachment":[{"href":"https:\/\/www.iceagetv.com\/radiosite\/wp-json\/wp\/v2\/media?parent=13746"}],"wp:term":[{"taxonomy":"category","embeddable":true,"href":"https:\/\/www.iceagetv.com\/radiosite\/wp-json\/wp\/v2\/categories?post=13746"},{"taxonomy":"post_tag","embeddable":true,"href":"https:\/\/www.iceagetv.com\/radiosite\/wp-json\/wp\/v2\/tags?post=13746"}],"curies":[{"name":"wp","href":"https:\/\/api.w.org\/{rel}","templated":true}]}}