{"id":13759,"date":"2019-11-19T19:06:31","date_gmt":"2019-11-19T19:06:31","guid":{"rendered":"http:\/\/www.iceagetv.com\/radiosite\/?p=13759"},"modified":"2019-11-19T19:06:36","modified_gmt":"2019-11-19T19:06:36","slug":"ce-que-lon-sait-de-leffondrement-du-pont-qui-a-fait-deux-morts-en-haute-garonne","status":"publish","type":"post","link":"https:\/\/www.iceagetv.com\/radiosite\/ce-que-lon-sait-de-leffondrement-du-pont-qui-a-fait-deux-morts-en-haute-garonne\/","title":{"rendered":"Ce que l\u2019on sait de l\u2019effondrement du pont qui a fait deux morts en Haute-Garonne"},"content":{"rendered":"\n<p>Le camion \u00e9tait-il trop lourd, le pont fragilis\u00e9&nbsp;? Selon les premiers \u00e9l\u00e9ments de l\u2019enqu\u00eate, d\u00e9voil\u00e9s mardi 19&nbsp;novembre au lendemain de&nbsp;<a href=\"https:\/\/www.lemonde.fr\/societe\/article\/2019\/11\/18\/un-mort-et-probablement-plusieurs-disparus-apres-l-effondrement-d-un-pont-en-haute-garonne_6019584_3224.html\">l\u2019effondrement du pont de Mirepoix-sur-Tarn<\/a>&nbsp;(Haute-Garonne), dans lequel une adolescente de 15&nbsp;ans et le chauffeur d\u2019un camion ont trouv\u00e9 la mort, la charge du poids lourd \u2013 plus du double du maximum autoris\u00e9 sur le pont \u2013 semble \u00eatre \u00e0 l\u2019origine de l\u2019accident.<\/p>\n\n\n\n<ul class=\"wp-block-list\"><li>Que s\u2019est-il pass\u00e9&nbsp;?<\/li><\/ul>\n\n\n\n<p>Un pont m\u00e9tallique s\u2019est affaiss\u00e9 vers 8\u00a0heures \u00e0 Mirepoix-sur-Tarn, pr\u00e9cipitant dans l\u2019eau les deux v\u00e9hicules qui s\u2019y trouvaient\u00a0: la voiture dans laquelle \u00e9tait assise l\u2019adolescente, conduite par sa m\u00e8re, qui a pu \u00eatre sauv\u00e9e, et le poids lourd. La jeune fille \u00e9tait en classe de premi\u00e8re au lyc\u00e9e priv\u00e9 d\u2019enseignement professionnel rural de la localit\u00e9 voisine de Montastruc-la-Conseill\u00e8re, selon l\u2019\u00e9tablissement, o\u00f9 une cellule psychologique a \u00e9t\u00e9 mise en place.<\/p>\n\n\n\n<p>Dans la soir\u00e9e, le maire de la commune, Eric Oget, a annonc\u00e9 la mort du conducteur, retrouv\u00e9 dans la cabine du poids lourd.&nbsp;<em>\u00ab&nbsp;C\u2019est le bilan d\u00e9finitif, il n\u2019y a pas d\u2019autre personne port\u00e9e disparue&nbsp;\u00bb<\/em>, a assur\u00e9 l\u2019\u00e9lu. Quatre autres personnes, dont deux pompiers, ont \u00e9t\u00e9 l\u00e9g\u00e8rement bless\u00e9es, selon France Bleu Occitanie.<\/p>\n\n\n\n<ul class=\"wp-block-list\"><li>Un camion trop lourd pour le pont<\/li><\/ul>\n\n\n\n<p>Selon le procureur de Toulouse, Dominique Alzeari, qui s\u2019exprimait mardi, le camion pesait&nbsp;<em>\u00ab&nbsp;plus de 50 tonnes&nbsp;\u00bb<\/em>, alors que le pont avait une capacit\u00e9 maximale de 19 tonnes.<em>&nbsp;\u00ab&nbsp;Le fait que ce v\u00e9hicule lourd ait emprunt\u00e9 ce pont<\/em>&nbsp;(\u2026)<em>&nbsp;semble \u00eatre, en l\u2019\u00e9tat des investigations, la cause imm\u00e9diate et apparente de l\u2019accident&nbsp;\u00bb<\/em>, a affirm\u00e9 le procureur charg\u00e9 de l\u2019enqu\u00eate, pr\u00e9cisant que d\u2019autres causes possibles restaient \u00e0 l\u2019\u00e9tude, comme l\u2019usure du pont m\u00e9tallique.<\/p>\n\n\n\n<p><em>\u00ab&nbsp;Je suis tr\u00e8s \u00e9tonn\u00e9 car nous connaissons l\u2019entreprise du chauffeur, qui savait le tonnage autoris\u00e9 sur ce pont, il a pris un risque en le traversant&nbsp;\u00bb<\/em>, avait plus t\u00f4t d\u00e9clar\u00e9 Eric Oget. L\u2019\u00e9lu de ce village d\u2019un millier d\u2019habitants a d\u00e9crit le v\u00e9hicule comme \u00e9tant un&nbsp;<em>\u00ab&nbsp;porte-char de transport de grue&nbsp;\u00bb<\/em>&nbsp;appartenant \u00e0 une entreprise locale de forage, qui a \u00e9t\u00e9 perquisitionn\u00e9e.<\/p>\n\n\n\n<p>Les gendarmes devaient proc\u00e9der mardi \u00e0 l\u2019amarrage du camion, afin que le courant ne l\u2019emporte pas, avant de le sortir de l\u2019eau dans les prochains jours. Cette op\u00e9ration complexe pourrait prendre du temps.<\/p>\n\n\n\n<ul class=\"wp-block-list\"><li>Le pont \u00e9tait-il en mauvais \u00e9tat&nbsp;?<\/li><\/ul>\n\n\n\n<p>Alors que l\u2019accident a relanc\u00e9 les inqui\u00e9tudes sur l\u2019\u00e9tat des ponts en France, le Bureau d\u2019enqu\u00eates sur les accidents de transport terrestre a \u00e9t\u00e9 charg\u00e9 par le gouvernement de mener ses propres investigations. Seule certitude&nbsp;: datant de 1931, le pont suspendu, qui s\u2019est&nbsp;<em>\u00ab&nbsp;effondr\u00e9 brutalement en&nbsp;quelques secondes&nbsp;\u00bb<\/em>, avait \u00e9t\u00e9 contr\u00f4l\u00e9 et&nbsp;<em>\u00ab&nbsp;n\u2019avait pas \u00e9t\u00e9 identifi\u00e9 comme posant des probl\u00e8mes particuliers&nbsp;\u00bb<\/em>, a d\u00e9clar\u00e9 lundi la secr\u00e9taire d\u2019Etat \u00e0 la transition \u00e9cologique, Emmanuelle Wargon, qui s\u2019est rendue sur place. Son tablier s\u2019est pourtant presque totalement effondr\u00e9 dans le Tarn, profond de plus de 20&nbsp;m et large de 100&nbsp;m dans cette zone.<\/p>\n\n\n\n<p>L\u2019ouvrage, r\u00e9nov\u00e9 en&nbsp;2003,&nbsp;<em>\u00ab&nbsp;n\u2019\u00e9tait pas class\u00e9 \u00e0 surveillance renforc\u00e9e ou en \u00e9tat critique&nbsp;\u00bb<\/em>, selon Georges Tempez, du Centre d\u2019\u00e9tudes et d\u2019expertise sur les risques, l\u2019environnement, la mobilit\u00e9 et l\u2019am\u00e9nagement. Cet organisme public en avait r\u00e9alis\u00e9 en&nbsp;2017 une inspection d\u00e9taill\u00e9e pour le compte du conseil d\u00e9partemental. Un dernier contr\u00f4le avait aussi \u00e9t\u00e9 men\u00e9 en d\u00e9cembre&nbsp;2018.<\/p>\n\n\n\n<p>Selon le pr\u00e9sident de la communaut\u00e9 de communes, Jean-Marc Dumoulin, le passage de camions en surpoids n\u2019y \u00e9tait pas exceptionnel, ce qui aurait pu le fragiliser. Les habitants, qui empruntent r\u00e9guli\u00e8rement cette desserte, majeure pour leur localit\u00e9, ont \u00e9t\u00e9 d\u2019autant plus choqu\u00e9s que des bus scolaires venaient d\u2019y passer, selon un t\u00e9moin.<\/p>\n\n\n\n<p>Ce drame&nbsp;<em>\u00ab&nbsp;illustre malheureusement&nbsp;\u00bb<\/em>&nbsp;les conclusions de la mission d\u2019information s\u00e9natoriale sur la s\u00e9curit\u00e9 des ponts, \u00e0 savoir qu\u2019il y a&nbsp;<em>\u00ab&nbsp;une vraie dangerosit\u00e9 de l\u2019\u00e9tat de nos ponts&nbsp;\u00bb<\/em>, a d\u00e9clar\u00e9 son pr\u00e9sident, Herv\u00e9 Maurey (Eure, Union centriste). Mise en place apr\u00e8s l\u2019<a href=\"https:\/\/www.lemonde.fr\/europe\/article\/2018\/08\/14\/effondrement-du-viaduc-de-genes-on-a-couru-sans-se-retourner_5342447_3214.html\">effondrement du viaduc autoroutier de G\u00eanes<\/a>, en&nbsp;Italie, qui a fait 43&nbsp;morts en&nbsp;ao\u00fbt&nbsp;2018, la mission d\u2019information avait appel\u00e9 fin juin \u00e0&nbsp;<em>\u00ab&nbsp;un \u201cplan Marshall\u201d pour \u00e9viter un drame&nbsp;\u00bb<\/em>, r\u00e9clamant un audit des ponts. Selon ses conclusions, au moins 25&nbsp;000&nbsp;ponts fran\u00e7ais&nbsp;<em>\u00ab&nbsp;sont en mauvais \u00e9tat structurel&nbsp;\u00bb<\/em>, sur les 200&nbsp;000&nbsp;\u00e0 250&nbsp;000&nbsp;ouvrages que compte le pays, leur nombre exact n\u2019\u00e9tant pas connu.<\/p>\n\n\n\n<p><br><\/p>\n","protected":false},"excerpt":{"rendered":"<p>Le camion \u00e9tait-il trop lourd, le pont fragilis\u00e9&nbsp;? Selon les premiers \u00e9l\u00e9ments de l\u2019enqu\u00eate, d\u00e9voil\u00e9s mardi 19&nbsp;novembre au lendemain de&nbsp;l\u2019effondrement du pont de Mirepoix-sur-Tarn&nbsp;(Haute-Garonne), dans lequel une adolescente de 15&nbsp;ans et le chauffeur d\u2019un camion ont trouv\u00e9 la mort, la charge du poids lourd \u2013 plus du double du maximum autoris\u00e9 sur le pont \u2013 [&hellip;]<\/p>\n","protected":false},"author":2,"featured_media":13760,"comment_status":"open","ping_status":"open","sticky":false,"template":"","format":"standard","meta":{"_jetpack_memberships_contains_paid_content":false,"footnotes":"","jetpack_publicize_message":"","jetpack_publicize_feature_enabled":true,"jetpack_social_post_already_shared":true,"jetpack_social_options":{"image_generator_settings":{"template":"highway","default_image_id":0,"font":"","enabled":false},"version":2},"_wpas_customize_per_network":false},"categories":[405],"tags":[],"class_list":["post-13759","post","type-post","status-publish","format-standard","has-post-thumbnail","hentry","category-actu-france-monde"],"jetpack_publicize_connections":[],"jetpack_featured_media_url":"https:\/\/i0.wp.com\/www.iceagetv.com\/radiosite\/wp-content\/uploads\/2019\/11\/Ce-que-l%E2%80%99on-sait-de-l%E2%80%99effondrement-du-pont-qui-a-fait-deux-morts-en-Haute-Garonne.jpg?fit=688%2C459&ssl=1","jetpack_sharing_enabled":true,"_links":{"self":[{"href":"https:\/\/www.iceagetv.com\/radiosite\/wp-json\/wp\/v2\/posts\/13759","targetHints":{"allow":["GET"]}}],"collection":[{"href":"https:\/\/www.iceagetv.com\/radiosite\/wp-json\/wp\/v2\/posts"}],"about":[{"href":"https:\/\/www.iceagetv.com\/radiosite\/wp-json\/wp\/v2\/types\/post"}],"author":[{"embeddable":true,"href":"https:\/\/www.iceagetv.com\/radiosite\/wp-json\/wp\/v2\/users\/2"}],"replies":[{"embeddable":true,"href":"https:\/\/www.iceagetv.com\/radiosite\/wp-json\/wp\/v2\/comments?post=13759"}],"version-history":[{"count":1,"href":"https:\/\/www.iceagetv.com\/radiosite\/wp-json\/wp\/v2\/posts\/13759\/revisions"}],"predecessor-version":[{"id":13761,"href":"https:\/\/www.iceagetv.com\/radiosite\/wp-json\/wp\/v2\/posts\/13759\/revisions\/13761"}],"wp:featuredmedia":[{"embeddable":true,"href":"https:\/\/www.iceagetv.com\/radiosite\/wp-json\/wp\/v2\/media\/13760"}],"wp:attachment":[{"href":"https:\/\/www.iceagetv.com\/radiosite\/wp-json\/wp\/v2\/media?parent=13759"}],"wp:term":[{"taxonomy":"category","embeddable":true,"href":"https:\/\/www.iceagetv.com\/radiosite\/wp-json\/wp\/v2\/categories?post=13759"},{"taxonomy":"post_tag","embeddable":true,"href":"https:\/\/www.iceagetv.com\/radiosite\/wp-json\/wp\/v2\/tags?post=13759"}],"curies":[{"name":"wp","href":"https:\/\/api.w.org\/{rel}","templated":true}]}}