{"id":13766,"date":"2019-11-20T15:49:43","date_gmt":"2019-11-20T15:49:43","guid":{"rendered":"http:\/\/www.iceagetv.com\/radiosite\/?p=13766"},"modified":"2019-11-20T15:49:43","modified_gmt":"2019-11-20T15:49:43","slug":"temps-de-travail-niveau-de-vie-immigration-comment-la-societe-francaise-a-evolue-depuis-quarante-ans","status":"publish","type":"post","link":"https:\/\/www.iceagetv.com\/radiosite\/temps-de-travail-niveau-de-vie-immigration-comment-la-societe-francaise-a-evolue-depuis-quarante-ans\/","title":{"rendered":"Temps de travail, niveau de vie, immigration&#8230; Comment la soci\u00e9t\u00e9 fran\u00e7aise a \u00e9volu\u00e9 depuis quarante ans"},"content":{"rendered":"\n<p>Une \u00e9tude d&rsquo;une ampleur impressionnante. L&rsquo;Institut national de la statistique et des \u00e9tudes \u00e9conomiques (<a href=\"https:\/\/www.francetvinfo.fr\/economie\/croissance\/insee-la-croissance-revue-a-la-hausse_3242459.html\" target=\"_blank\" rel=\"noreferrer noopener\">Insee<\/a>) a d\u00e9voil\u00e9 mardi 19 novembre son rapport annuel \u00ab\u00a0France, portrait social\u00a0\u00bb, qui se penche sur l&rsquo;\u00e9volution de la soci\u00e9t\u00e9 depuis&nbsp;le milieu des ann\u00e9es 1970.&nbsp;<\/p>\n\n\n\n<p>Ce document de 290\u00a0pages se penche sur quarante ans d&rsquo;\u00e9volution de la\u00a0population fran\u00e7aise en termes de d\u00e9mographie, de temps de travail, d&rsquo;in\u00e9galit\u00e9s ou encore de\u00a0niveau de vie.\u00a0<\/p>\n\n\n\n<h2 class=\"wp-block-heading\">Les emplois \u00e0 temps partiel ont tripl\u00e9 (et concernent majoritairement les femmes)&nbsp;<\/h2>\n\n\n\n<p>Depuis le milieu des ann\u00e9es 1970, la part du temps partiel au sein du salariat a tripl\u00e9. En 1975, 6,6% des salari\u00e9s en France m\u00e9tropolitaine (hors apprentis) occupaient un emploi \u00e0 temps partiel. En 2018, ils \u00e9taient 18,9%, soit 4,4&nbsp;millions, souligne l&rsquo;Institut.&nbsp;Le travail \u00e0 temps partiel&nbsp;touche&nbsp;principalement les femmes, les jeunes, les \u00e9trangers et les moins dipl\u00f4m\u00e9s.&nbsp;<\/p>\n\n\n\n<p>Une donn\u00e9e frappe particuli\u00e8rement&nbsp;: quatre emplois \u00e0 temps partiel sur cinq sont aujourd&rsquo;hui occup\u00e9s par des femmes. Il y a quarante-quatre ans, ces emplois \u00e9taient occup\u00e9s par 14% des femmes ayant un emploi, contre seulement 2% des hommes. En 2018, environ 30% des femmes ayant un emploi sont \u00e0&nbsp;<a href=\"https:\/\/www.francetvinfo.fr\/replay-radio\/c-est-mon-boulot\/60-des-francais-voudraient-travailler-quatre-jours-par-semaine-selon-un-sondage_3442037.html\" target=\"_blank\" rel=\"noreferrer noopener\">temps partiel<\/a>&nbsp;et l&rsquo;expliquent par des raisons familiales ou personnelles (garde d&rsquo;enfants ou d&rsquo;une personne d\u00e9pendante, volont\u00e9 de disposer de temps libre), contre 8% des hommes.&nbsp;<\/p>\n\n\n\n<p>Chez les hommes \u00e0 temps partiel, le profil a fortement \u00e9volu\u00e9. En 1975, il s&rsquo;agissait davantage des cadres, des professions intellectuelles sup\u00e9rieures, des salari\u00e9s de nationalit\u00e9 fran\u00e7aise et des plus dipl\u00f4m\u00e9s (Bac +2 et plus). En 2018, ce sont des ouvriers, des employ\u00e9s, des \u00e9trangers et les moins dipl\u00f4m\u00e9s.&nbsp;L&rsquo;Insee note une augmentation du temps partiel chez les jeunes (15-24 ans)&nbsp;: 28% de cette population est concern\u00e9e en 2018, contre 5% en 1975.&nbsp;<\/p>\n\n\n\n<h2 class=\"wp-block-heading\"><strong>2<\/strong>Le temps de travail baisse&#8230; mais les horaires d\u00e9cal\u00e9s augmentent&nbsp;<\/h2>\n\n\n\n<p>L&rsquo;augmentation&nbsp;du temps partiel et les r\u00e9formes successives portant sur le temps de travail ont abouti \u00e0 diminuer le temps de travail effectif annuel, souligne l&rsquo;Insee. Entre 1975 et 2018, la dur\u00e9e annuelle effective du travail de l&rsquo;ensemble des salari\u00e9s&nbsp;a diminu\u00e9 en France de pr\u00e8s de 350&nbsp;heures, pour atteindre 1&nbsp;609&nbsp;heures.<\/p>\n\n\n\n<p>Cette baisse s&rsquo;est faite en deux \u00e9tapes.&nbsp;Une premi\u00e8re baisse est intervenue entre 1975 et 1983 (-145&nbsp;heures), acc\u00e9l\u00e9r\u00e9e en 1982 par le passage de 40 \u00e0 39 heures hebdomadaires et l&rsquo;octroi de la cinqui\u00e8me semaine de cong\u00e9s pay\u00e9s. Une seconde est arriv\u00e9e avec le passage aux 35&nbsp;heures, \u00e0 partir de 2000 (-210&nbsp;heures), avant une stabilisation depuis le milieu des ann\u00e9es 2000.&nbsp;<em><a href=\"https:\/\/www.lefigaro.fr\/conjoncture\/la-diminution-du-temps-de-travail-en-france-expliquee-en-4-graphiques-20191119\" target=\"_blank\" rel=\"noreferrer noopener\">Le Figaro<\/a><\/em>&nbsp;note que<em>&nbsp;\u00ab\u00a0depuis vingt ans, la dur\u00e9e du temps de travail se stabilise, notamment sous l&rsquo;effet des mesures d&rsquo;assouplissement des 35&nbsp;heures.\u00a0\u00bb<\/em><\/p>\n\n\n\n<p>Cette r\u00e9duction de la dur\u00e9e l\u00e9gale du travail \u00e0 35&nbsp;heures a g\u00e9n\u00e9ralis\u00e9 le recours aux horaires de travail d\u00e9cal\u00e9s, avec une intensification du travail le dimanche et du travail de nuit.&nbsp;Plus d&rsquo;un quart des salari\u00e9s (28 %) d\u00e9clarent avoir travaill\u00e9 au moins un dimanche par mois au cours de l&rsquo;ann\u00e9e 2016, contre 12% en 1974. Entre 2000 et 2009, de multiples d\u00e9crets se sont ainsi succ\u00e9d\u00e9, permettant de d\u00e9roger \u00e0 la r\u00e8gle du repos dominical, note l&rsquo;Insee. Et ce dans un premier temps au sein de la fonction publique puis<em>&nbsp;\u00ab\u00a0dans les centres d\u2019appel de renseignement, les d\u00e9pannages, ensuite les \u00e9tablissements de commerce de d\u00e9tail d\u2019ameublement, et enfin dans les communes et zones touristiques et thermales ainsi que dans certaines grandes agglom\u00e9rations pour les salari\u00e9s volontaires.\u00a0\u00bb<\/em><\/p>\n\n\n\n<h2 class=\"wp-block-heading\"><strong>3<\/strong>Les plus ais\u00e9s sont les grands gagnants des r\u00e9formes de 2018&nbsp;<\/h2>\n\n\n\n<p>Dans le chapitre de l&rsquo;\u00e9tude consacr\u00e9 \u00e0 l&rsquo;\u00e9valuation des niveaux de vie des m\u00e9nages et \u00e0 la redistribution des richesses, l&rsquo;Insee dresse un constat lapidaire qui risque de ne pas plaire au gouvernement d&rsquo;Emmanuel Macron&nbsp;:&nbsp;<em>\u00ab\u00a0Les personnes les plus ais\u00e9es sont celles qui b\u00e9n\u00e9ficient le plus des mesures socio\u2011fiscales mises en \u0153uvre en 2018, principalement du fait des r\u00e9formes qui concernent les d\u00e9tenteurs de capital\u00a0\u00bb<\/em>. Le&nbsp;<a href=\"https:\/\/www.francetvinfo.fr\/politique\/moralisation-de-la-vie-politique\/les-deputes-votent-la-suppression-de-l-isf-et-son-remplacement-par-un-impot-sur-la-seule-fortune-immobiliere_2429327.html\">remplacement de l&rsquo;imp\u00f4t de solidarit\u00e9 sur la fortune<\/a>&nbsp;(ISF) par l&rsquo;imp\u00f4t sur la fortune immobili\u00e8re (IFI) a ainsi permis aux 350&nbsp;000&nbsp;m\u00e9nages touch\u00e9s par cette mesure d&rsquo;augmenter leur revenu disponible de pr\u00e8s de 10&nbsp;000&nbsp;euros sur l&rsquo;ann\u00e9e en moyenne.<\/p>\n\n\n\n<p>Globalement, les mesures instaur\u00e9es l&rsquo;an dernier ont fait progresser de 0,7% en ann\u00e9e pleine le niveau de vie de l&rsquo;ensemble des Fran\u00e7ais. Les effets sont toutefois assez contrast\u00e9s selon les profils des m\u00e9nages. Ainsi, le niveau de vie des 10% les plus modestes n&rsquo;a progress\u00e9 que de 0,5% (entre 130&nbsp;et 230&nbsp;euros de plus par an en moyenne), quand celui des 10% les plus ais\u00e9s a cr\u00fb de 1,2% (pr\u00e8s de 800 euros de plus par an en moyenne). Et pour les 5% de Fran\u00e7ais les plus riches, cet avantage est encore plus frappant (+1&nbsp;200&nbsp;euros en moyenne).<\/p>\n\n\n\n<p>Quant aux&nbsp;<a href=\"https:\/\/www.francetvinfo.fr\/economie\/emploi\/carriere\/vie-professionnelle\/retraite\/video-pour-protester-contre-la-hausse-de-la-csg-un-retraite-propose-une-greve-de-la-consommation_2808091.html\" target=\"_blank\" rel=\"noreferrer noopener\">retrait\u00e9s, qui se sont beaucoup plaints d&rsquo;\u00eatre&nbsp;l\u00e9s\u00e9s<\/a>&nbsp;par les r\u00e9formes du gouvernement d&rsquo;Edouard Philippe, l&rsquo;Insee leur donne en partie raison.&nbsp;L&rsquo;Institut de la statistique note en effet que&nbsp;<em>\u00ab\u00a0la bascule des cotisations sociales vers la CSG favorise les actifs occup\u00e9s et p\u00e9nalise les retrait\u00e9s\u00a0\u00bb<\/em>. Pour les actifs&nbsp;occup\u00e9s, elle g\u00e9n\u00e8re un suppl\u00e9ment de revenu de 80&nbsp;euros en moyenne par an mais donne lieu \u00e0 une<em>&nbsp;\u00ab\u00a0forte baisse du niveau de vie au sein des m\u00e9nages dont la personne de r\u00e9f\u00e9rence est retrait\u00e9e (perte moyenne de 260&nbsp;euros)\u00a0\u00bb<\/em>, indique le rapport.&nbsp;<\/p>\n\n\n\n<h2 class=\"wp-block-heading\"><strong>4<\/strong>Les Fran\u00e7ais sont plus pessimistes sur l&rsquo;\u00e9volution de leur niveau de vie&nbsp;<\/h2>\n\n\n\n<p>En quarante ans,&nbsp;le&nbsp;regard que portent les Fran\u00e7ais sur leur niveau de vie s&rsquo;est&nbsp;consid\u00e9rablement assombri. En 1979,&nbsp;46% d&rsquo;entre eux estimaient<br>que leur niveau de vie personnel s&rsquo;\u00e9tait am\u00e9lior\u00e9 au cours des dix ann\u00e9es pr\u00e9c\u00e9dentes. Ils ne sont plus que 24% \u00e0&nbsp;le d\u00e9clarer en 2019.&nbsp;L&rsquo;Insee remarque que ce ressenti n\u00e9gatif&nbsp;<em>\u00ab\u00a0co\u00efncide fortement\u00a0\u00bb<\/em>&nbsp;avec l&rsquo;\u00e9tat de la croissance \u00e9conomique. Les p\u00e9riodes de recul de la croissance s&rsquo;accompagnent d&rsquo;une d\u00e9gradation du sentiment des Fran\u00e7ais et vice versa. Mais&nbsp;\u00e9tonnamment, sur la p\u00e9riode r\u00e9cente,&nbsp;<em>\u00ab\u00a0l&rsquo;am\u00e9lioration de la situation \u00e9conomique entre 2004&nbsp;et 2007 n&rsquo;a pas favoris\u00e9 le sentiment d&rsquo;une am\u00e9lioration du niveau de vie.\u00a0\u00bb&nbsp;<\/em><\/p>\n","protected":false},"excerpt":{"rendered":"<p>Une \u00e9tude d&rsquo;une ampleur impressionnante. L&rsquo;Institut national de la statistique et des \u00e9tudes \u00e9conomiques (Insee) a d\u00e9voil\u00e9 mardi 19 novembre son rapport annuel \u00ab\u00a0France, portrait social\u00a0\u00bb, qui se penche sur l&rsquo;\u00e9volution de la soci\u00e9t\u00e9 depuis&nbsp;le milieu des ann\u00e9es 1970.&nbsp; Ce document de 290\u00a0pages se penche sur quarante ans d&rsquo;\u00e9volution de la\u00a0population fran\u00e7aise en termes de [&hellip;]<\/p>\n","protected":false},"author":2,"featured_media":13767,"comment_status":"open","ping_status":"open","sticky":false,"template":"","format":"standard","meta":{"_jetpack_memberships_contains_paid_content":false,"footnotes":"","jetpack_publicize_message":"","jetpack_publicize_feature_enabled":true,"jetpack_social_post_already_shared":false,"jetpack_social_options":{"image_generator_settings":{"template":"highway","default_image_id":0,"font":"","enabled":false},"version":2},"_wpas_customize_per_network":false},"categories":[405],"tags":[],"class_list":["post-13766","post","type-post","status-publish","format-standard","has-post-thumbnail","hentry","category-actu-france-monde"],"jetpack_publicize_connections":[],"jetpack_featured_media_url":"https:\/\/i0.wp.com\/www.iceagetv.com\/radiosite\/wp-content\/uploads\/2019\/11\/Temps-de-travail.jpg?fit=1200%2C450&ssl=1","jetpack_sharing_enabled":true,"_links":{"self":[{"href":"https:\/\/www.iceagetv.com\/radiosite\/wp-json\/wp\/v2\/posts\/13766","targetHints":{"allow":["GET"]}}],"collection":[{"href":"https:\/\/www.iceagetv.com\/radiosite\/wp-json\/wp\/v2\/posts"}],"about":[{"href":"https:\/\/www.iceagetv.com\/radiosite\/wp-json\/wp\/v2\/types\/post"}],"author":[{"embeddable":true,"href":"https:\/\/www.iceagetv.com\/radiosite\/wp-json\/wp\/v2\/users\/2"}],"replies":[{"embeddable":true,"href":"https:\/\/www.iceagetv.com\/radiosite\/wp-json\/wp\/v2\/comments?post=13766"}],"version-history":[{"count":1,"href":"https:\/\/www.iceagetv.com\/radiosite\/wp-json\/wp\/v2\/posts\/13766\/revisions"}],"predecessor-version":[{"id":13768,"href":"https:\/\/www.iceagetv.com\/radiosite\/wp-json\/wp\/v2\/posts\/13766\/revisions\/13768"}],"wp:featuredmedia":[{"embeddable":true,"href":"https:\/\/www.iceagetv.com\/radiosite\/wp-json\/wp\/v2\/media\/13767"}],"wp:attachment":[{"href":"https:\/\/www.iceagetv.com\/radiosite\/wp-json\/wp\/v2\/media?parent=13766"}],"wp:term":[{"taxonomy":"category","embeddable":true,"href":"https:\/\/www.iceagetv.com\/radiosite\/wp-json\/wp\/v2\/categories?post=13766"},{"taxonomy":"post_tag","embeddable":true,"href":"https:\/\/www.iceagetv.com\/radiosite\/wp-json\/wp\/v2\/tags?post=13766"}],"curies":[{"name":"wp","href":"https:\/\/api.w.org\/{rel}","templated":true}]}}