{"id":13779,"date":"2019-11-21T14:15:43","date_gmt":"2019-11-21T14:15:43","guid":{"rendered":"http:\/\/www.iceagetv.com\/radiosite\/?p=13779"},"modified":"2019-11-21T14:15:43","modified_gmt":"2019-11-21T14:15:43","slug":"la-cfdt-cheminots-rejoint-le-mouvement-de-greve-du-5-decembre","status":"publish","type":"post","link":"https:\/\/www.iceagetv.com\/radiosite\/la-cfdt-cheminots-rejoint-le-mouvement-de-greve-du-5-decembre\/","title":{"rendered":"La CFDT-Cheminots rejoint le mouvement de gr\u00e8ve du 5 d\u00e9cembre"},"content":{"rendered":"\n<p><em>Le gouvernement n\u2019a pas mesur\u00e9 les attentes des cheminots&nbsp;\u00bb<\/em>, a jug\u00e9 jeudi 21&nbsp;novembre Didier Aubert, secr\u00e9taire g\u00e9n\u00e9ral de la CFDT-Cheminots. Le quatri\u00e8me syndicat de la SNCF va donc d\u00e9poser&nbsp;<em>\u00ab&nbsp;d\u00e8s ce soir ou demain&nbsp;\u00bb<\/em>&nbsp;un pr\u00e9avis de gr\u00e8ve reconductible \u00e0 partir du 5&nbsp;d\u00e9cembre,&nbsp;<a href=\"https:\/\/www.lemonde.fr\/politique\/article\/2019\/11\/12\/le-front-syndical-s-etoffe-avant-la-greve-du-5-decembre-dans-les-transports_6018854_823448.html\">jour de mobilisation nationale contre la r\u00e9forme des retraites<\/a>.<\/p>\n\n\n\n<p>Les cheminots ont&nbsp;<em>\u00ab&nbsp;besoin d\u2019\u00eatre rassur\u00e9s&nbsp;\u00bb<\/em>, a d\u00e9plor\u00e9 M. Aubert devant la presse, \u00e0 l\u2019issue d\u2019une r\u00e9union au minist\u00e8re des solidarit\u00e9s, avec le haut-commissaire aux retraites, Jean-Paul Delevoye, et le secr\u00e9taire d\u2019Etat aux transports, Jean-Baptiste Djebbari.<\/p>\n\n\n\n<p>Mais le syndicat pourrait ne pas maintenir son appel s\u2019il obtient satisfaction au cours des prochains jours, a pr\u00e9cis\u00e9 M. Aubert. S\u2019il n\u2019est pas oppos\u00e9 \u00e0 un r\u00e9gime universel, il r\u00e9clame\u00a0<em>\u00ab\u00a0le maintien du r\u00e9gime sp\u00e9cial\u00a0\u00bb<\/em>\u00a0pour les salari\u00e9s de la SNCF sous statut de cheminot.<\/p>\n\n\n\n<h2 class=\"wp-block-heading\">Des mois de tensions sociales<\/h2>\n\n\n\n<p>Cette r\u00e9union \u00e9tait la deuxi\u00e8me table ronde pr\u00e9vue dans le cadre de la concertation sur la r\u00e9forme des retraites. La premi\u00e8re, fin octobre, avait d\u00e9j\u00e0 \u00e9t\u00e9 boycott\u00e9e par la CGT-Cheminots et SUD-Rail qui r\u00e9clament l\u2019abandon du projet de syst\u00e8me universel de retraite par points. Ces deux syndicats \u2013 respectivement premi\u00e8re et troisi\u00e8me organisations \u00e0 la SNCF \u2013 avaient aussi refus\u00e9 de participer aux discussions bilat\u00e9rales organis\u00e9es par le gouvernement entre les deux tables rondes.<br>CGT, UNSA et SUD ont sign\u00e9 lundi un appel unitaire \u00e0 une gr\u00e8ve illimit\u00e9e, reconductible par p\u00e9riode de 24\u00a0heures, mais l\u2019UNSA avait choisi de prendre part \u00e0 la concertation. Dans leur appel \u00e0\u00a0<em>\u00ab\u00a0se mobiliser massivement \u00e0 partir du 5\u00a0d\u00e9cembre\u00a0\u00bb<\/em>, les trois premiers syndicats repr\u00e9sentatifs de la SNCF ajoutent au rejet de la r\u00e9forme des retraites des revendications propres \u00e0 l\u2019entreprise et \u00e0 la branche ferroviaire, notamment en termes d\u2019emploi, de salaire ou de sous-traitance.<br>Une autre table ronde au minist\u00e8re, initialement programm\u00e9e jeudi matin pour les trois organisations repr\u00e9sentatives de la RATP, a \u00e9t\u00e9 annul\u00e9e faute de participants syndicaux. L\u2019UNSA, la CGT et la CFE-CGC de la R\u00e9gie appellent \u00e9galement \u00e0 une\u00a0<a href=\"https:\/\/www.lemonde.fr\/politique\/article\/2019\/11\/08\/la-cgt-cheminots-appelle-a-rejoindre-la-greve-interprofessionnelle-du-5-decembre_6018527_823448.html\">gr\u00e8ve illimit\u00e9e \u00e0 partir du 5\u00a0d\u00e9cembre contre la r\u00e9forme des retraites<\/a>.<\/p>\n","protected":false},"excerpt":{"rendered":"<p>Le gouvernement n\u2019a pas mesur\u00e9 les attentes des cheminots&nbsp;\u00bb, a jug\u00e9 jeudi 21&nbsp;novembre Didier Aubert, secr\u00e9taire g\u00e9n\u00e9ral de la CFDT-Cheminots. Le quatri\u00e8me syndicat de la SNCF va donc d\u00e9poser&nbsp;\u00ab&nbsp;d\u00e8s ce soir ou demain&nbsp;\u00bb&nbsp;un pr\u00e9avis de gr\u00e8ve reconductible \u00e0 partir du 5&nbsp;d\u00e9cembre,&nbsp;jour de mobilisation nationale contre la r\u00e9forme des retraites. Les cheminots ont&nbsp;\u00ab&nbsp;besoin d\u2019\u00eatre rassur\u00e9s&nbsp;\u00bb, a [&hellip;]<\/p>\n","protected":false},"author":2,"featured_media":13780,"comment_status":"open","ping_status":"open","sticky":false,"template":"","format":"standard","meta":{"_jetpack_memberships_contains_paid_content":false,"footnotes":"","jetpack_publicize_message":"","jetpack_publicize_feature_enabled":true,"jetpack_social_post_already_shared":false,"jetpack_social_options":{"image_generator_settings":{"template":"highway","default_image_id":0,"font":"","enabled":false},"version":2},"_wpas_customize_per_network":false},"categories":[405],"tags":[],"class_list":["post-13779","post","type-post","status-publish","format-standard","has-post-thumbnail","hentry","category-actu-france-monde"],"jetpack_publicize_connections":[],"jetpack_featured_media_url":"https:\/\/i0.wp.com\/www.iceagetv.com\/radiosite\/wp-content\/uploads\/2019\/11\/La-CFDT-Cheminots.jpg?fit=854%2C641&ssl=1","jetpack_sharing_enabled":true,"_links":{"self":[{"href":"https:\/\/www.iceagetv.com\/radiosite\/wp-json\/wp\/v2\/posts\/13779","targetHints":{"allow":["GET"]}}],"collection":[{"href":"https:\/\/www.iceagetv.com\/radiosite\/wp-json\/wp\/v2\/posts"}],"about":[{"href":"https:\/\/www.iceagetv.com\/radiosite\/wp-json\/wp\/v2\/types\/post"}],"author":[{"embeddable":true,"href":"https:\/\/www.iceagetv.com\/radiosite\/wp-json\/wp\/v2\/users\/2"}],"replies":[{"embeddable":true,"href":"https:\/\/www.iceagetv.com\/radiosite\/wp-json\/wp\/v2\/comments?post=13779"}],"version-history":[{"count":1,"href":"https:\/\/www.iceagetv.com\/radiosite\/wp-json\/wp\/v2\/posts\/13779\/revisions"}],"predecessor-version":[{"id":13781,"href":"https:\/\/www.iceagetv.com\/radiosite\/wp-json\/wp\/v2\/posts\/13779\/revisions\/13781"}],"wp:featuredmedia":[{"embeddable":true,"href":"https:\/\/www.iceagetv.com\/radiosite\/wp-json\/wp\/v2\/media\/13780"}],"wp:attachment":[{"href":"https:\/\/www.iceagetv.com\/radiosite\/wp-json\/wp\/v2\/media?parent=13779"}],"wp:term":[{"taxonomy":"category","embeddable":true,"href":"https:\/\/www.iceagetv.com\/radiosite\/wp-json\/wp\/v2\/categories?post=13779"},{"taxonomy":"post_tag","embeddable":true,"href":"https:\/\/www.iceagetv.com\/radiosite\/wp-json\/wp\/v2\/tags?post=13779"}],"curies":[{"name":"wp","href":"https:\/\/api.w.org\/{rel}","templated":true}]}}