{"id":13797,"date":"2019-11-25T17:16:06","date_gmt":"2019-11-25T17:16:06","guid":{"rendered":"http:\/\/www.iceagetv.com\/radiosite\/?p=13797"},"modified":"2019-11-25T17:16:06","modified_gmt":"2019-11-25T17:16:06","slug":"un-couple-de-francais-tue-par-balles-a-haiti","status":"publish","type":"post","link":"https:\/\/www.iceagetv.com\/radiosite\/un-couple-de-francais-tue-par-balles-a-haiti\/","title":{"rendered":"Un couple de Fran\u00e7ais tu\u00e9 par balles \u00e0 Ha\u00efti"},"content":{"rendered":"\n<p>Deux Fran\u00e7ais ont \u00e9t\u00e9 tu\u00e9s par balles dimanche apr\u00e8s-midi dans la capitale ha\u00eftienne o\u00f9 ils venaient d&rsquo;arriver par voie a\u00e9rienne, a indiqu\u00e9 ce lundi au Parisien une responsable de l&rsquo;ambassade de France \u00e0 Port-au-Prince, confirmant une information de l&rsquo;AFP. \u00ab Il n&rsquo;y a pas beaucoup de d\u00e9tails malheureusement \u00bb, nous a pr\u00e9cis\u00e9 cette source.<\/p>\n\n\n\n<p>Il s&rsquo;agirait par ailleurs d&rsquo;un couple, a d\u00e9clar\u00e9 cette source, sans apporter, pour l&rsquo;instant, de pr\u00e9cisions sur le lieu exact ou les circonstances de ces meurtres.<\/p>\n\n\n\n<p>Selon nos informations, la femme de 41 ans et l&rsquo;homme de 44 ans sont originaires d&rsquo;Ard\u00e8che. Les deux victimes se rendaient \u00e0 Ha\u00efti pour adopter un enfant.<\/p>\n\n\n\n<h2 class=\"wp-block-heading\">Une tentative de vol ?<\/h2>\n\n\n\n<p>L&rsquo;agression a eu lieu dimanche en fin d&rsquo;apr\u00e8s-midi \u00e0 leur arriv\u00e9e dans le pays. Ils ont \u00e9t\u00e9 pris en charge par un taxi affr\u00e9t\u00e9 par l&rsquo;association fran\u00e7aise d&rsquo;adoption puis ont \u00e9t\u00e9 tu\u00e9s devant leur h\u00f4tel, du quartier Delmas, lors d&rsquo;une agression \u00e0 main arm\u00e9e dont les circonstances restent \u00e0 d\u00e9terminer. Mais selon les premiers \u00e9l\u00e9ments de l&rsquo;enqu\u00eate, il s&rsquo;agirait d&rsquo;une tentative de vol.<\/p>\n\n\n\n<p>Le conseil d\u00e9partemental de l&rsquo;Ard\u00e8che a pr\u00e9cis\u00e9 que ses services avaient d\u00e9livr\u00e9 un agr\u00e9ment en vue d&rsquo;une adoption \u00e0 ce couple originaire de Saint-Martin-d&rsquo;Ard\u00e8che, qui s&rsquo;\u00e9tait ensuite rapproch\u00e9 de l&rsquo;Agence fran\u00e7aise d&rsquo;adoption.<\/p>\n\n\n\n<h2 class=\"wp-block-heading\">Ha\u00efti en crise<\/h2>\n\n\n\n<p>Le pays est en pleine crise politique et sociale depuis plusieurs semaines. Le gouvernement fran\u00e7ais estime officiellement la situation \u00ab pr\u00e9occupante \u00bb en Ha\u00efti, et appelle \u00e0 une reprise du dialogue. Selon un premier bilan de l&rsquo;ONU d\u00e9but novembre, au moins 42 personnes sont mortes dans des affrontements.<\/p>\n\n\n\n<p>Le minist\u00e8re fran\u00e7ais des Affaires \u00e9trang\u00e8res recommande sur son site internet \u00ab\u00a0de reporter tout voyage jusqu&rsquo;\u00e0 nouvel ordre\u00a0\u00bb, en Ha\u00efti, rappelant que \u00ab l&rsquo;ensemble du territoire ha\u00eftien est d\u00e9conseill\u00e9 sauf raison imp\u00e9rative \u00bb. \u00ab Les manifestations, accompagn\u00e9es de barrages sur les principaux axes routiers et d&rsquo;actes violents (jets de pierres, tirs&#8230;) sont tr\u00e8s fr\u00e9quentes. Des groupes violents sont actifs et entretiennent un climat d&rsquo;ins\u00e9curit\u00e9 \u00bb, \u00e9crit la diplomatie fran\u00e7aise dans une publication dat\u00e9e du 24 octobre 2019.<\/p>\n","protected":false},"excerpt":{"rendered":"<p>Deux Fran\u00e7ais ont \u00e9t\u00e9 tu\u00e9s par balles dimanche apr\u00e8s-midi dans la capitale ha\u00eftienne o\u00f9 ils venaient d&rsquo;arriver par voie a\u00e9rienne, a indiqu\u00e9 ce lundi au Parisien une responsable de l&rsquo;ambassade de France \u00e0 Port-au-Prince, confirmant une information de l&rsquo;AFP. \u00ab Il n&rsquo;y a pas beaucoup de d\u00e9tails malheureusement \u00bb, nous a pr\u00e9cis\u00e9 cette source. Il [&hellip;]<\/p>\n","protected":false},"author":2,"featured_media":13798,"comment_status":"open","ping_status":"open","sticky":false,"template":"","format":"standard","meta":{"_jetpack_memberships_contains_paid_content":false,"footnotes":"","jetpack_publicize_message":"","jetpack_publicize_feature_enabled":true,"jetpack_social_post_already_shared":false,"jetpack_social_options":{"image_generator_settings":{"template":"highway","default_image_id":0,"font":"","enabled":false},"version":2},"_wpas_customize_per_network":false},"categories":[405],"tags":[],"class_list":["post-13797","post","type-post","status-publish","format-standard","has-post-thumbnail","hentry","category-actu-france-monde"],"jetpack_publicize_connections":[],"jetpack_featured_media_url":"https:\/\/i0.wp.com\/www.iceagetv.com\/radiosite\/wp-content\/uploads\/2019\/11\/Un-couple-de-Fran%C3%A7ais-tu%C3%A9-par-balles-%C3%A0-Ha%C3%AFti.jpg?fit=932%2C582&ssl=1","jetpack_sharing_enabled":true,"_links":{"self":[{"href":"https:\/\/www.iceagetv.com\/radiosite\/wp-json\/wp\/v2\/posts\/13797","targetHints":{"allow":["GET"]}}],"collection":[{"href":"https:\/\/www.iceagetv.com\/radiosite\/wp-json\/wp\/v2\/posts"}],"about":[{"href":"https:\/\/www.iceagetv.com\/radiosite\/wp-json\/wp\/v2\/types\/post"}],"author":[{"embeddable":true,"href":"https:\/\/www.iceagetv.com\/radiosite\/wp-json\/wp\/v2\/users\/2"}],"replies":[{"embeddable":true,"href":"https:\/\/www.iceagetv.com\/radiosite\/wp-json\/wp\/v2\/comments?post=13797"}],"version-history":[{"count":1,"href":"https:\/\/www.iceagetv.com\/radiosite\/wp-json\/wp\/v2\/posts\/13797\/revisions"}],"predecessor-version":[{"id":13799,"href":"https:\/\/www.iceagetv.com\/radiosite\/wp-json\/wp\/v2\/posts\/13797\/revisions\/13799"}],"wp:featuredmedia":[{"embeddable":true,"href":"https:\/\/www.iceagetv.com\/radiosite\/wp-json\/wp\/v2\/media\/13798"}],"wp:attachment":[{"href":"https:\/\/www.iceagetv.com\/radiosite\/wp-json\/wp\/v2\/media?parent=13797"}],"wp:term":[{"taxonomy":"category","embeddable":true,"href":"https:\/\/www.iceagetv.com\/radiosite\/wp-json\/wp\/v2\/categories?post=13797"},{"taxonomy":"post_tag","embeddable":true,"href":"https:\/\/www.iceagetv.com\/radiosite\/wp-json\/wp\/v2\/tags?post=13797"}],"curies":[{"name":"wp","href":"https:\/\/api.w.org\/{rel}","templated":true}]}}