{"id":13816,"date":"2019-11-26T17:11:41","date_gmt":"2019-11-26T17:11:41","guid":{"rendered":"http:\/\/www.iceagetv.com\/radiosite\/?p=13816"},"modified":"2019-11-26T17:11:41","modified_gmt":"2019-11-26T17:11:41","slug":"mali-treize-militaires-francais-tues-dans-laccident-de-deux-helicopteres","status":"publish","type":"post","link":"https:\/\/www.iceagetv.com\/radiosite\/mali-treize-militaires-francais-tues-dans-laccident-de-deux-helicopteres\/","title":{"rendered":"Mali: treize militaires fran\u00e7ais tu\u00e9s dans l&rsquo;accident de deux h\u00e9licopt\u00e8res"},"content":{"rendered":"\n<h2 class=\"wp-block-heading\">Six officiers, six sous-officiers et un caporal-chef de l&rsquo;op\u00e9ration Barkhane sont morts dans l&rsquo;accident de deux h\u00e9licopt\u00e8res, en pleine mission contre le terrorisme au Sahel.<\/h2>\n\n\n\n<p>Treize militaires fran\u00e7ais de la force Barkhane ont trouv\u00e9 la mort au Mali dans une collision accidentelle de deux h\u00e9licopt\u00e8res, lors d&rsquo;une op\u00e9ration de combat contre des djihadistes, a annonc\u00e9 ce mardi l&rsquo;Elys\u00e9e dans un communiqu\u00e9. Un h\u00e9licopt\u00e8re de combat Tigre est entr\u00e9 en collision avec un h\u00e9licopt\u00e8re de man\u0153uvre et d&rsquo;assaut Cougar, selon l&rsquo;Etat-major des arm\u00e9es, entra\u00eenant la mort de<a href=\"https:\/\/www.bfmtv.com\/international\/mali-qui-sont-les-treize-militaires-morts-dans-l-accident-de-deux-helicopteres-1813271.html#page\/contribution\/index\">&nbsp;six officiers, six sous-officiers et un caporal-chef<\/a>&nbsp;se trouvaient \u00e0 bord.<\/p>\n\n\n\n<p>L&rsquo;accident est survenu lundi soir, vers 19h40,&nbsp;dans \u00ab\u00a0la nuit noire, sans lune\u00a0\u00bb, pr\u00e9cise Florence Parly, ministre des Arm\u00e9es, qui a salu\u00e9&nbsp;lors d&rsquo;une conf\u00e9rence se presse le courage de \u00ab\u00a0treize soldats aguerris, treize militaires exceptionnels, treize h\u00e9ros morts pour la France\u00a0\u00bb.<\/p>\n\n\n\n<h3 class=\"wp-block-heading\">\u00ab\u00a0Dramatique et d\u00e9solant\u00a0\u00bb<\/h3>\n\n\n\n<blockquote class=\"wp-block-quote is-layout-flow wp-block-quote-is-layout-flow\"><p>\u00ab\u00a0Engag\u00e9s au sol depuis quelques jours, les commandos traquaient un groupe de terroristes, d\u00e9cel\u00e9s quelques heures plus t\u00f4t, qui \u00e9voluaient en pick-up et \u00e0 motos vers le nord. Tr\u00e8s rapidement, ils ont \u00e9t\u00e9 renforc\u00e9s par des h\u00e9licopt\u00e8res et une patrouille de Mirage 2000\u00a0\u00bb, explique le minist\u00e8re des Arm\u00e9es dans un communiqu\u00e9.<\/p><cite> Selon toute vraisemblance, un abordage entre ces deux a\u00e9ronefs \u00e9voluant \u00e0 tr\u00e8s basse altitude serait \u00e0 l\u2019origine de l\u2019accident\u00a0\u00bb, a expliqu\u00e9 l&rsquo;Etat-major des Arm\u00e9es.<br>\u00ab\u00a0Pendant la man\u0153uvre destin\u00e9e \u00e0 pr\u00e9parer l\u2019engagement de l\u2019ennemi, l\u2019h\u00e9licopt\u00e8re Cougar et un Tigre sont entr\u00e9s en collision, s\u2019\u00e9crasant \u00e0 courte distance l\u2019un de l\u2019autre.\u00a0\u00bb<br>\u00ab\u00a0Treize\u00a0soldat tu\u00e9s d&rsquo;un seul coup par le fait d&rsquo;un probl\u00e8me qui ne rel\u00e8ve pas d&rsquo;un tir ennemi est \u00e0 la fois dramatique et d\u00e9solant\u00a0\u00bb, a r\u00e9agi sur BFMTV Dominique Trinquand, ancien chef de la mission militaire fran\u00e7aise aupr\u00e8s de l&rsquo;ONU.\u00a0Cet incident est en effet l&rsquo;un des plus lourds bilans humains essuy\u00e9 par l&rsquo;arm\u00e9e fran\u00e7aise depuis l&rsquo;attentat du Drakkar, \u00e0 Beyrouth en 1983.<br>Macron salue leur \u00ab\u00a0courage\u00a0\u00bb<br>Le pr\u00e9sident de la R\u00e9publique\u00a0\u00ab\u00a0s&rsquo;incline devant la douleur de leurs familles et de leurs proches et leur adresse ses plus sinc\u00e8res condol\u00e9ances, en les assurant de l&rsquo;ind\u00e9fectible solidarit\u00e9 de la Nation\u00a0\u00bb, pr\u00e9cise l&rsquo;Elys\u00e9e.<br>Emmanuel Macron a salu\u00e9 \u00ab\u00a0avec le plus grand respect la m\u00e9moire de ces militaires de l&rsquo;arm\u00e9e de terre (&#8230;) tomb\u00e9s en op\u00e9ration et morts pour la France dans le dur combat contre le terrorisme au Sahel\u00a0\u00bb. <\/cite><\/blockquote>\n\n\n\n<p>Il \u00ab\u00a0exprime son soutien le plus total \u00e0 leurs camarades de l&rsquo;arm\u00e9e de terre et des arm\u00e9es fran\u00e7aises. Il tient \u00e0 saluer le courage des militaires fran\u00e7ais engag\u00e9s au Sahel et leur d\u00e9termination \u00e0 poursuivre leur mission. Il les assure de son enti\u00e8re confiance\u00a0\u00bb, conclut le texte.<\/p>\n\n\n\n<h3 class=\"wp-block-heading\">41 soldats fran\u00e7ais tu\u00e9s depuis 2013<\/h3>\n\n\n\n<p>Cet accident porte \u00e0 41 le nombre de militaires fran\u00e7ais tu\u00e9s au Mali depuis le d\u00e9but de l&rsquo;intervention fran\u00e7aise dans ce pays du Sahel en 2013, avec l&rsquo;op\u00e9ration Serval.&nbsp;Le dernier mort \u00e9tait le brigadier Ronan Pointeau, 24 ans, tu\u00e9 d\u00e9but novembre dans l&rsquo;explosion d&rsquo;un engin explosif.<\/p>\n\n\n\n<p>Le dernier accident mortel d&rsquo;h\u00e9licopt\u00e8res dans l&rsquo;arm\u00e9e remonte \u00e0 f\u00e9vrier 2018, lorsque deux h\u00e9licopt\u00e8res d&rsquo;une \u00e9cole de l&rsquo;arm\u00e9e de Terre s&rsquo;\u00e9taient \u00e9cras\u00e9s dans le Var, \u00e0 une cinquantaine de kilom\u00e8tres de Saint-Tropez, apr\u00e8s une collision en vol, faisant cinq morts.<\/p>\n","protected":false},"excerpt":{"rendered":"<p>Six officiers, six sous-officiers et un caporal-chef de l&rsquo;op\u00e9ration Barkhane sont morts dans l&rsquo;accident de deux h\u00e9licopt\u00e8res, en pleine mission contre le terrorisme au Sahel. Treize militaires fran\u00e7ais de la force Barkhane ont trouv\u00e9 la mort au Mali dans une collision accidentelle de deux h\u00e9licopt\u00e8res, lors d&rsquo;une op\u00e9ration de combat contre des djihadistes, a annonc\u00e9 [&hellip;]<\/p>\n","protected":false},"author":2,"featured_media":13817,"comment_status":"open","ping_status":"open","sticky":false,"template":"","format":"standard","meta":{"_jetpack_memberships_contains_paid_content":false,"footnotes":"","jetpack_publicize_message":"","jetpack_publicize_feature_enabled":true,"jetpack_social_post_already_shared":true,"jetpack_social_options":{"image_generator_settings":{"template":"highway","default_image_id":0,"font":"","enabled":false},"version":2},"_wpas_customize_per_network":false},"categories":[405],"tags":[615],"class_list":["post-13816","post","type-post","status-publish","format-standard","has-post-thumbnail","hentry","category-actu-france-monde","tag-mali"],"jetpack_publicize_connections":[],"jetpack_featured_media_url":"https:\/\/i0.wp.com\/www.iceagetv.com\/radiosite\/wp-content\/uploads\/2019\/11\/Mali.jpg?fit=1258%2C708&ssl=1","jetpack_sharing_enabled":true,"_links":{"self":[{"href":"https:\/\/www.iceagetv.com\/radiosite\/wp-json\/wp\/v2\/posts\/13816","targetHints":{"allow":["GET"]}}],"collection":[{"href":"https:\/\/www.iceagetv.com\/radiosite\/wp-json\/wp\/v2\/posts"}],"about":[{"href":"https:\/\/www.iceagetv.com\/radiosite\/wp-json\/wp\/v2\/types\/post"}],"author":[{"embeddable":true,"href":"https:\/\/www.iceagetv.com\/radiosite\/wp-json\/wp\/v2\/users\/2"}],"replies":[{"embeddable":true,"href":"https:\/\/www.iceagetv.com\/radiosite\/wp-json\/wp\/v2\/comments?post=13816"}],"version-history":[{"count":1,"href":"https:\/\/www.iceagetv.com\/radiosite\/wp-json\/wp\/v2\/posts\/13816\/revisions"}],"predecessor-version":[{"id":13818,"href":"https:\/\/www.iceagetv.com\/radiosite\/wp-json\/wp\/v2\/posts\/13816\/revisions\/13818"}],"wp:featuredmedia":[{"embeddable":true,"href":"https:\/\/www.iceagetv.com\/radiosite\/wp-json\/wp\/v2\/media\/13817"}],"wp:attachment":[{"href":"https:\/\/www.iceagetv.com\/radiosite\/wp-json\/wp\/v2\/media?parent=13816"}],"wp:term":[{"taxonomy":"category","embeddable":true,"href":"https:\/\/www.iceagetv.com\/radiosite\/wp-json\/wp\/v2\/categories?post=13816"},{"taxonomy":"post_tag","embeddable":true,"href":"https:\/\/www.iceagetv.com\/radiosite\/wp-json\/wp\/v2\/tags?post=13816"}],"curies":[{"name":"wp","href":"https:\/\/api.w.org\/{rel}","templated":true}]}}