{"id":13820,"date":"2019-11-26T17:14:00","date_gmt":"2019-11-26T17:14:00","guid":{"rendered":"http:\/\/www.iceagetv.com\/radiosite\/?p=13820"},"modified":"2019-11-26T17:14:00","modified_gmt":"2019-11-26T17:14:00","slug":"le-black-friday-va-t-il-etre-interdit","status":"publish","type":"post","link":"https:\/\/www.iceagetv.com\/radiosite\/le-black-friday-va-t-il-etre-interdit\/","title":{"rendered":"Le \u00ab\u00a0Black Friday\u00a0\u00bb va-t-il \u00eatre interdit?"},"content":{"rendered":"\n<h2 class=\"wp-block-heading\">En commission, les d\u00e9put\u00e9s ont valid\u00e9 un amendement interdisant les campagnes de promotions du \u00ab\u00a0Black Friday\u00a0\u00bb. Ils d\u00e9noncent un mod\u00e8le de consommation \u00ab\u00a0anti-\u00e9cologique et antisocial\u00a0\u00bb. Cette proposition devra encore passer devant l&rsquo;h\u00e9micycle \u00e0 partir du 9 d\u00e9cembre.&nbsp;<\/h2>\n\n\n\n<p>Les d\u00e9put\u00e9s ont donn\u00e9 leur feu vert en commission \u00e0 une interdiction des campagnes de promotions du \u00ab\u00a0<a href=\"https:\/\/www.bfmtv.com\/tech\/black-friday-trois-conseils-pour-eviter-les-mauvaises-affaires-1810465.html\">Black Friday<\/a>\u00ab\u00a0, qui donne l&rsquo;impression aux consommateurs de b\u00e9n\u00e9ficier de soldes, alors que ce n&rsquo;est pas la p\u00e9riode.<\/p>\n\n\n\n<p>Cet amendement au projet de loi anti-gaspillage, adopt\u00e9 dans la nuit de lundi \u00e0 mardi, doit encore \u00eatre examin\u00e9 dans l&rsquo;h\u00e9micycle \u00e0 partir du 9 d\u00e9cembre. Il ne s&rsquo;appliquera donc pas vendredi au \u00ab\u00a0Black Friday\u00a0\u00bb, manifestation commerciale import\u00e9e des \u00c9tats-Unis et qui suscite souvent une fr\u00e9n\u00e9sie d&rsquo;achats. C&rsquo;est la d\u00e9put\u00e9e non-inscrite et ancienne ministre de l&rsquo;Ecologie Delphine Batho qui porte cette mesure et veut mettre fin au \u00ab\u00a0Black Friday\u00a0\u00bb, au nom de la lutte contre la \u00ab\u00a0surconsommation\u00a0\u00bb.<\/p>\n\n\n\n<p>\n\nVous trouverez plus d&rsquo;infographie sur&nbsp;<a href=\"https:\/\/fr.statista.com\/graphique-du-jour\/\">Statista<\/a><\/p>\n\n\n\n<p>Les d\u00e9put\u00e9s proposent d&rsquo;int\u00e9grer la publicit\u00e9 du \u00ab\u00a0Black Friday\u00a0\u00bb aux \u00ab\u00a0pratiques commerciales agressives\u00a0\u00bb, passibles d&rsquo;un emprisonnement de deux ans et d&rsquo;une amende de 300.000 euros au plus. \u00ab\u00a0Le Black Friday c\u00e9l\u00e8bre un mod\u00e8le de consommation anti-\u00e9cologique et antisociale\u00a0\u00bb, estime le d\u00e9put\u00e9 Matthieu Orphelin (ex-LREM), proche de Nicolas Hulot.\u00a0<\/p>\n\n\n\n<h3 class=\"wp-block-heading\">Block Friday\u00a0\u00bb<\/h3>\n\n\n\n<p>Lundi sur BFM Business, la ministre de la Transition \u00e9cologique Elisabeth Borne a&nbsp;<a href=\"https:\/\/bfmbusiness.bfmtv.com\/france\/elisabeth-borne-fustige-le-black-friday-qui-incite-a-acheter-des-produits-dont-on-n-a-pas-besoin-1812574.html\">mis en garde contre la \u00ab\u00a0fr\u00e9n\u00e9sie de consommation\u00a0\u00bb<\/a>&nbsp;li\u00e9e au Black Friday et critiqu\u00e9 son impact n\u00e9gatif sur l&rsquo;environnement. Sous le slogan \u00ab\u00a0Block Friday\u00a0\u00bb, des groupes de militants \u00e9cologistes comme Extinction Rebellion, Youth for climate ou Attac ont pr\u00e9vu des actions un peu partout en France vendredi pour d\u00e9noncer \u00ab\u00a0la grande braderie de la plan\u00e8te\u00a0\u00bb que repr\u00e9sente selon eux le \u00ab\u00a0Black Friday\u00a0\u00bb.<\/p>\n\n\n\n<p>Les jeunes militants pour le climat de Youth for climate promettent sur Twitter \u00ab\u00a0une grosse action de d\u00e9sob\u00e9issance civile\u00a0\u00bb dans Paris. Lundi soir, les d\u00e9put\u00e9s ont par ailleurs vot\u00e9 un amendement du MoDem Jimmy Pahun, visant \u00e0 interdire la \u00ab\u00a0mention biod\u00e9gradable\u00a0\u00bb ou \u00ab\u00a0respectueux de l&rsquo;environnement\u00a0\u00bb sur les produits et les emballages, car ces crit\u00e8res ne correspondent selon lui \u00e0 \u00ab\u00a0aucune d\u00e9finition fiable\u00a0\u00bb.<\/p>\n\n\n\n<p><\/p>\n\n\n\n<p><\/p>\n","protected":false},"excerpt":{"rendered":"<p>En commission, les d\u00e9put\u00e9s ont valid\u00e9 un amendement interdisant les campagnes de promotions du \u00ab\u00a0Black Friday\u00a0\u00bb. Ils d\u00e9noncent un mod\u00e8le de consommation \u00ab\u00a0anti-\u00e9cologique et antisocial\u00a0\u00bb. Cette proposition devra encore passer devant l&rsquo;h\u00e9micycle \u00e0 partir du 9 d\u00e9cembre.&nbsp; Les d\u00e9put\u00e9s ont donn\u00e9 leur feu vert en commission \u00e0 une interdiction des campagnes de promotions du \u00ab\u00a0Black [&hellip;]<\/p>\n","protected":false},"author":2,"featured_media":13821,"comment_status":"open","ping_status":"open","sticky":false,"template":"","format":"standard","meta":{"_jetpack_memberships_contains_paid_content":false,"footnotes":"","jetpack_publicize_message":"","jetpack_publicize_feature_enabled":true,"jetpack_social_post_already_shared":true,"jetpack_social_options":{"image_generator_settings":{"template":"highway","default_image_id":0,"font":"","enabled":false},"version":2},"_wpas_customize_per_network":false},"categories":[68],"tags":[],"class_list":["post-13820","post","type-post","status-publish","format-standard","has-post-thumbnail","hentry","category-actu-culturelle"],"jetpack_publicize_connections":[],"jetpack_featured_media_url":"https:\/\/i0.wp.com\/www.iceagetv.com\/radiosite\/wp-content\/uploads\/2019\/11\/Le-Black-Friday.jpeg?fit=1063%2C708&ssl=1","jetpack_sharing_enabled":true,"_links":{"self":[{"href":"https:\/\/www.iceagetv.com\/radiosite\/wp-json\/wp\/v2\/posts\/13820","targetHints":{"allow":["GET"]}}],"collection":[{"href":"https:\/\/www.iceagetv.com\/radiosite\/wp-json\/wp\/v2\/posts"}],"about":[{"href":"https:\/\/www.iceagetv.com\/radiosite\/wp-json\/wp\/v2\/types\/post"}],"author":[{"embeddable":true,"href":"https:\/\/www.iceagetv.com\/radiosite\/wp-json\/wp\/v2\/users\/2"}],"replies":[{"embeddable":true,"href":"https:\/\/www.iceagetv.com\/radiosite\/wp-json\/wp\/v2\/comments?post=13820"}],"version-history":[{"count":1,"href":"https:\/\/www.iceagetv.com\/radiosite\/wp-json\/wp\/v2\/posts\/13820\/revisions"}],"predecessor-version":[{"id":13822,"href":"https:\/\/www.iceagetv.com\/radiosite\/wp-json\/wp\/v2\/posts\/13820\/revisions\/13822"}],"wp:featuredmedia":[{"embeddable":true,"href":"https:\/\/www.iceagetv.com\/radiosite\/wp-json\/wp\/v2\/media\/13821"}],"wp:attachment":[{"href":"https:\/\/www.iceagetv.com\/radiosite\/wp-json\/wp\/v2\/media?parent=13820"}],"wp:term":[{"taxonomy":"category","embeddable":true,"href":"https:\/\/www.iceagetv.com\/radiosite\/wp-json\/wp\/v2\/categories?post=13820"},{"taxonomy":"post_tag","embeddable":true,"href":"https:\/\/www.iceagetv.com\/radiosite\/wp-json\/wp\/v2\/tags?post=13820"}],"curies":[{"name":"wp","href":"https:\/\/api.w.org\/{rel}","templated":true}]}}