{"id":13823,"date":"2019-11-27T14:33:54","date_gmt":"2019-11-27T14:33:54","guid":{"rendered":"http:\/\/www.iceagetv.com\/radiosite\/?p=13823"},"modified":"2019-11-27T14:33:54","modified_gmt":"2019-11-27T14:33:54","slug":"militaires-tues-au-mali-hollande-assume-sa-decision-denvoyer-des-soldats-francais-sur-place","status":"publish","type":"post","link":"https:\/\/www.iceagetv.com\/radiosite\/militaires-tues-au-mali-hollande-assume-sa-decision-denvoyer-des-soldats-francais-sur-place\/","title":{"rendered":"Militaires tu\u00e9s au Mali: Hollande \u00ab\u00a0assume\u00a0\u00bb sa d\u00e9cision d&rsquo;envoyer des soldats fran\u00e7ais sur place"},"content":{"rendered":"\n<h2 class=\"wp-block-heading\">Interrog\u00e9 mercredi, l&rsquo;ex-pr\u00e9sident Fran\u00e7ois Hollande a insist\u00e9 sur la n\u00e9cessit\u00e9 de l&rsquo;op\u00e9ration Barkhane pour la s\u00e9curit\u00e9 en Afrique de l&rsquo;Ouest, mais aussi pour le territoire fran\u00e7ais.<\/h2>\n\n\n\n<p>Fran\u00e7ois Hollande salue \u00ab\u00a0l&rsquo;h\u00e9ro\u00efsme de nos soldats\u00a0\u00bb. L&rsquo;ancien pr\u00e9sident de la R\u00e9publique a rendu hommage aux&nbsp;<a href=\"https:\/\/www.bfmtv.com\/international\/ce-que-l-on-sait-de-la-mort-des-13-militaires-francais-au-mali-1813289.html#content\/contribution\/edit\">treize militaires fran\u00e7ais de l&rsquo;op\u00e9ration Barkhane<\/a>&nbsp;morts lundi dans la collision de deux h\u00e9licopt\u00e8res au Mali, au cours d&rsquo;une mission de combats contre des jihadistes.&nbsp;<a href=\"https:\/\/www.bfmtv.com\/international\/militaires-francais-tues-au-mali-qu-est-ce-que-l-operation-barkhane-1813251.html\">Cette op\u00e9ration&nbsp;<\/a>a \u00e9t\u00e9 lanc\u00e9e en 2014, et a succ\u00e9d\u00e9 \u00e0 l&rsquo;op\u00e9ration Serval, qu&rsquo;il avait lanc\u00e9e en janvier 2013.<\/p>\n\n\n\n<blockquote class=\"wp-block-quote is-layout-flow wp-block-quote-is-layout-flow\"><p>\u00ab\u00a0J&rsquo;ai pris la d\u00e9cision d&rsquo;engager nos forces militaires au Mali, je mesure chaque jour la d\u00e9cision que j&rsquo;ai prise, car c&rsquo;est une d\u00e9cision lourde d&rsquo;envoyer nos soldats \u00e0 l&rsquo;ext\u00e9rieur de nos fronti\u00e8res pour une mission extr\u00eamement difficile\u00a0\u00bb, a d\u00e9clar\u00e9&nbsp;<a href=\"https:\/\/www.bfmtv.com\/mediaplayer\/video\/treize-militaires-francais-morts-au-mali-les-reactions-de-la-classe-politique-1204352.html\">Fran\u00e7ois Hollande<\/a>&nbsp;ce mercredi.&nbsp;<\/p><\/blockquote>\n\n\n\n<h3 class=\"wp-block-heading\">L&rsquo;op\u00e9ration Barkhane, \u00ab\u00a0je l&rsquo;assume aujourd&rsquo;hui encore\u00a0\u00bb<\/h3>\n\n\n\n<blockquote class=\"wp-block-quote is-layout-flow wp-block-quote-is-layout-flow\"><p>\u00ab\u00a0Chaque fois qu&rsquo;il y a un drame, une trag\u00e9die, je sais que c&rsquo;est \u00e0 la suite de la d\u00e9cision&nbsp;que j&rsquo;ai prise\u00a0\u00bb a continu\u00e9 l&rsquo;ex-pr\u00e9sident, assurant toutefois que \u00ab\u00a0cette d\u00e9cision, je l&rsquo;assume aujourd&rsquo;hui encore\u00a0\u00bb.<\/p><\/blockquote>\n\n\n\n<p>Car pour Fran\u00e7ois Hollande,&nbsp;<a href=\"https:\/\/www.bfmtv.com\/international\/militaires-francais-tues-au-mali-qu-est-ce-que-l-operation-barkhane-1813251.html#content\/contribution\/edit\">cette mission Barkhane<\/a>, c&rsquo;\u00e9tait et \u00ab\u00a0c&rsquo;est encore&nbsp;d&rsquo;assurer la s\u00e9curit\u00e9 au Mali, de lutter contre le terrorisme, et de nous prot\u00e9ger aussi\u00a0\u00bb, a continu\u00e9 l&rsquo;ex-pr\u00e9sident. \u00ab\u00a0Ce qui se passe aujourd&rsquo;hui au Mali c&rsquo;est aussi un enjeu pour notre propre s\u00e9curit\u00e9\u00a0\u00bb.<\/p>\n\n\n\n<p>\u00ab\u00a0S&rsquo;il n&rsquo;y avait pas eu l&rsquo;op\u00e9ration que j&rsquo;ai moi-m\u00eame d\u00e9clench\u00e9 le 11 janvier 2013,&nbsp;<a href=\"https:\/\/www.bfmtv.com\/international\/apres-sept-annees-sur-le-front-pourquoi-l-armee-francaise-est-elle-encore-presente-au-mali-1813404.html#content\/contribution\/edit\">tout le Mali aurait \u00e9t\u00e9 occup\u00e9 par les terroristes islamistes<\/a>. Et pas seulement le Mali, toute l&rsquo;Afrique de l&rsquo;Ouest aurait \u00e9t\u00e9 ainsi d\u00e9stabilis\u00e9e\u00a0\u00bb a assur\u00e9 l&rsquo;ex-chef de l&rsquo;\u00c9tat. Pour lui,&nbsp;l&rsquo;intervention fran\u00e7aise \u00e9tait totalement n\u00e9cessaire et l&rsquo;est encore aujourd&rsquo;hui, car la menace terroriste reste forte dans la zone du Sahel.<\/p>\n\n\n\n<h3 class=\"wp-block-heading\">\u00ab\u00a0La France a un r\u00f4le \u00e0 jouer&nbsp;pour la s\u00e9curit\u00e9 du monde\u00a0\u00bb<\/h3>\n\n\n\n<p>Face aux voix qui r\u00e9clament<a href=\"https:\/\/www.bfmtv.com\/international\/la-france-insoumise-veut-que-le-gouvernement-envisage-des-voies-de-sortie-de-la-guerre-au-mali-1813355.html#content\/contribution\/edit\">&nbsp;le d\u00e9part des militaires de l&rsquo;op\u00e9ration Barkhane<\/a>, l&rsquo;ex-pr\u00e9sident a insist\u00e9 sur le fait que&nbsp;\u00ab\u00a0la France a un r\u00f4le \u00e0 jouer&nbsp;pour la s\u00e9curit\u00e9 du monde, et ce r\u00f4le, les Fran\u00e7ais doivent en \u00eatre conscients et fiers\u00a0\u00bb.<\/p>\n\n\n\n<blockquote class=\"wp-block-quote is-layout-flow wp-block-quote-is-layout-flow\"><p>\u00ab\u00a0Lorsque j&rsquo;ai pris cette d\u00e9cision (d&rsquo;envoyer des soldats fran\u00e7ais au Mali, ndlr),&nbsp;c&rsquo;\u00e9tait \u00e0 la demande non seulement du pr\u00e9sident malien, mais de tous les chefs d&rsquo;\u00c9tats africains, avec aussi un mandat de l&rsquo;ONU\u00a0\u00bb, a-t-il soulign\u00e9.<\/p><\/blockquote>\n\n\n\n<p>Fran\u00e7ois Hollande a \u00e9galement&nbsp;insist\u00e9 sur le fait qu&rsquo;il fallait \u00ab\u00a0soutenir les forces militaires de ces pays-l\u00e0, les accompagner et leur permettre d&rsquo;assurer cette bataille, cette guerre contre le terrorisme islamise\u00a0\u00bb, mais aussi sur la n\u00e9cessit\u00e9 que les pays partenaires de la France l&rsquo;accompagnent dans ce combat. \u00ab\u00a0L&rsquo;Union europ\u00e9enne et&nbsp;les pays partenaires de l&rsquo;Europe doivent prendre conscience que c&rsquo;est aussi leur s\u00e9curit\u00e9 qui est en cause\u00a0\u00bb, a-t-il aussi d\u00e9clar\u00e9.<\/p>\n","protected":false},"excerpt":{"rendered":"<p>Interrog\u00e9 mercredi, l&rsquo;ex-pr\u00e9sident Fran\u00e7ois Hollande a insist\u00e9 sur la n\u00e9cessit\u00e9 de l&rsquo;op\u00e9ration Barkhane pour la s\u00e9curit\u00e9 en Afrique de l&rsquo;Ouest, mais aussi pour le territoire fran\u00e7ais. Fran\u00e7ois Hollande salue \u00ab\u00a0l&rsquo;h\u00e9ro\u00efsme de nos soldats\u00a0\u00bb. L&rsquo;ancien pr\u00e9sident de la R\u00e9publique a rendu hommage aux&nbsp;treize militaires fran\u00e7ais de l&rsquo;op\u00e9ration Barkhane&nbsp;morts lundi dans la collision de deux h\u00e9licopt\u00e8res au [&hellip;]<\/p>\n","protected":false},"author":2,"featured_media":13824,"comment_status":"open","ping_status":"open","sticky":false,"template":"","format":"standard","meta":{"_jetpack_memberships_contains_paid_content":false,"footnotes":"","jetpack_publicize_message":"","jetpack_publicize_feature_enabled":true,"jetpack_social_post_already_shared":true,"jetpack_social_options":{"image_generator_settings":{"template":"highway","default_image_id":0,"font":"","enabled":false},"version":2},"_wpas_customize_per_network":false},"categories":[405],"tags":[],"class_list":["post-13823","post","type-post","status-publish","format-standard","has-post-thumbnail","hentry","category-actu-france-monde"],"jetpack_publicize_connections":[],"jetpack_featured_media_url":"https:\/\/i0.wp.com\/www.iceagetv.com\/radiosite\/wp-content\/uploads\/2019\/11\/Militaires-tu%C3%A9s-au-Mali.png?fit=1256%2C708&ssl=1","jetpack_sharing_enabled":true,"_links":{"self":[{"href":"https:\/\/www.iceagetv.com\/radiosite\/wp-json\/wp\/v2\/posts\/13823","targetHints":{"allow":["GET"]}}],"collection":[{"href":"https:\/\/www.iceagetv.com\/radiosite\/wp-json\/wp\/v2\/posts"}],"about":[{"href":"https:\/\/www.iceagetv.com\/radiosite\/wp-json\/wp\/v2\/types\/post"}],"author":[{"embeddable":true,"href":"https:\/\/www.iceagetv.com\/radiosite\/wp-json\/wp\/v2\/users\/2"}],"replies":[{"embeddable":true,"href":"https:\/\/www.iceagetv.com\/radiosite\/wp-json\/wp\/v2\/comments?post=13823"}],"version-history":[{"count":1,"href":"https:\/\/www.iceagetv.com\/radiosite\/wp-json\/wp\/v2\/posts\/13823\/revisions"}],"predecessor-version":[{"id":13826,"href":"https:\/\/www.iceagetv.com\/radiosite\/wp-json\/wp\/v2\/posts\/13823\/revisions\/13826"}],"wp:featuredmedia":[{"embeddable":true,"href":"https:\/\/www.iceagetv.com\/radiosite\/wp-json\/wp\/v2\/media\/13824"}],"wp:attachment":[{"href":"https:\/\/www.iceagetv.com\/radiosite\/wp-json\/wp\/v2\/media?parent=13823"}],"wp:term":[{"taxonomy":"category","embeddable":true,"href":"https:\/\/www.iceagetv.com\/radiosite\/wp-json\/wp\/v2\/categories?post=13823"},{"taxonomy":"post_tag","embeddable":true,"href":"https:\/\/www.iceagetv.com\/radiosite\/wp-json\/wp\/v2\/tags?post=13823"}],"curies":[{"name":"wp","href":"https:\/\/api.w.org\/{rel}","templated":true}]}}