{"id":13828,"date":"2019-11-27T14:35:27","date_gmt":"2019-11-27T14:35:27","guid":{"rendered":"http:\/\/www.iceagetv.com\/radiosite\/?p=13828"},"modified":"2019-11-27T14:35:27","modified_gmt":"2019-11-27T14:35:27","slug":"reforme-des-retraites-edouard-philippe-pret-a-la-discussion-mais-ferme-sur-les-regimes-speciaux","status":"publish","type":"post","link":"https:\/\/www.iceagetv.com\/radiosite\/reforme-des-retraites-edouard-philippe-pret-a-la-discussion-mais-ferme-sur-les-regimes-speciaux\/","title":{"rendered":"R\u00e9forme des retraites: Edouard Philippe \u00ab\u00a0pr\u00eat \u00e0 la discussion\u00a0\u00bb, mais ferme sur les r\u00e9gimes sp\u00e9ciaux"},"content":{"rendered":"\n<h2 class=\"wp-block-heading\">Le Premier ministre se dit \u00ab\u00a0pr\u00eat \u00e0 la discussion\u00a0\u00bb, mais en m\u00eame temps&nbsp;\u00ab\u00a0d\u00e9termin\u00e9\u00a0\u00bb \u00e0 mener la r\u00e9forme jusqu&rsquo;au bout sans transiger sur les r\u00e9gimes sp\u00e9ciaux, notamment la clause du grand-p\u00e8re. \u00ab\u00a0On ne peut r\u00e9pondre \u00e0 des demandes cat\u00e9gorielles au d\u00e9triment des autres\u00a0\u00bb.<\/h2>\n\n\n\n<p>A quelques jours de la gr\u00e8ve du 5 d\u00e9cembre, le Premier ministre a la t\u00e2che d\u00e9licate de calmer la nervosit\u00e9 de ceux qui ne veulent pas de cette r\u00e9formes des retraite tout en rassurant ceux qui soutiennent le projet. Lors d&rsquo;un discours de 15 minutes, Edouard Philippe a fait une d\u00e9monstration de son talent de boxeur \u00e0 d\u00e9fendre en tenant la garde. Il se dit \u00ab\u00a0d\u00e9termin\u00e9\u00a0\u00bb, \u00e0 aller au bout de la r\u00e9forme, mais annonce qu&rsquo;il accepte de discuter quelques points de tensions.<\/p>\n\n\n\n<p>Le Premier ministre se dit pr\u00eat \u00e0 l\u00e2cher du lest sur sur l&rsquo;entr\u00e9e en vigueur de la r\u00e9forme d\u00e8s la g\u00e9n\u00e9ration n\u00e9e en 1963. \u00ab\u00a0Exclure ceux qui seront \u00e0 5 ans de la retraite en 2020? S\u2019il faut aller plus loin, je suis pr\u00eat \u00e0 en discuter avec les organisations syndicales\u00a0\u00bb, a promis Edouard Philippe.<\/p>\n\n\n\n<h3 class=\"wp-block-heading\">Le projet sera pr\u00e9sent\u00e9 d\u00e9but 2020&Prime;<\/h3>\n\n\n\n<p>Par contre, il se dit oppos\u00e9 \u00e0 la clause du grand-p\u00e8re qui repousserait la mise en place du projet. \u00ab\u00a0Je suis ouvert \u00e0 la discussion mais il faut \u00eatre \u00e9quitable entre les r\u00e9gimes. On ne peut r\u00e9pondre \u00e0 des demandes cat\u00e9gorielles au d\u00e9triment des autres\u00a0\u00bb, estime le Premier ministre en rappelant qu&rsquo;une \u00ab\u00a0transition brutale n\u2019est pas l\u00e9gitime, mais une transition lente serait inefficace\u00a0\u00bb.\u00a0<\/p>\n\n\n\n<p>Sur le coeur de la r\u00e9forme, Edouard Philippe ne l\u00e2chera rien. \u00ab\u00a0Je ne ferai pas de compromis sur le r\u00e9gime universel et par point\u00a0\u00bb, a r\u00e9pondu aux opposants \u00e0 la r\u00e9forme. \u00ab\u00a0Le projet sera pr\u00e9sent\u00e9 d\u00e9but 2020\u00a0\u00bb a-t-il rappel\u00e9. S&rsquo;il estime la manifestation et la gr\u00e8ve l\u00e9gitime, il reste ferme: \u00ab\u00a0Je ne suis pas scarifi\u00e9, ni t\u00e9tanis\u00e9.&nbsp;Je suis d\u00e9termin\u00e9, calme et concentr\u00e9\u00a0\u00bb.<\/p>\n\n\n\n<h3 class=\"wp-block-heading\">\u00ab\u00a0Le projet sera pr\u00e9sent\u00e9 d\u00e9but 2020\u00a0\u00bb<\/h3>\n\n\n\n<p>Par contre, il se dit oppos\u00e9 \u00e0 la clause du grand-p\u00e8re qui repousserait la mise en place du projet. \u00ab\u00a0Je suis ouvert \u00e0 la discussion mais il faut \u00eatre \u00e9quitable entre les r\u00e9gimes. On ne peut r\u00e9pondre \u00e0 des demandes cat\u00e9gorielles au d\u00e9triment des autres\u00a0\u00bb, estime le Premier ministre en rappelant qu&rsquo;une \u00ab\u00a0transition brutale n\u2019est pas l\u00e9gitime, mais une transition lente serait inefficace\u00a0\u00bb.&nbsp;<\/p>\n\n\n\n<p>Sur le coeur de la r\u00e9forme, Edouard Philippe ne l\u00e2chera rien. \u00ab\u00a0Je ne ferai pas de compromis sur le r\u00e9gime universel et par points\u00a0\u00bb, a r\u00e9pondu aux opposants \u00e0 la r\u00e9forme. \u00ab\u00a0Le projet sera pr\u00e9sent\u00e9 d\u00e9but 2020\u00a0\u00bb a-t-il rappel\u00e9. S&rsquo;il estime la manifestation et la gr\u00e8ve l\u00e9gitime, il reste ferme: \u00ab\u00a0Je ne suis pas scarifi\u00e9, ni t\u00e9tanis\u00e9.&nbsp;Je suis d\u00e9termin\u00e9, calme et concentr\u00e9\u00a0\u00bb.<\/p>\n\n\n\n<p><\/p>\n\n\n\n<p><\/p>\n","protected":false},"excerpt":{"rendered":"<p>Le Premier ministre se dit \u00ab\u00a0pr\u00eat \u00e0 la discussion\u00a0\u00bb, mais en m\u00eame temps&nbsp;\u00ab\u00a0d\u00e9termin\u00e9\u00a0\u00bb \u00e0 mener la r\u00e9forme jusqu&rsquo;au bout sans transiger sur les r\u00e9gimes sp\u00e9ciaux, notamment la clause du grand-p\u00e8re. \u00ab\u00a0On ne peut r\u00e9pondre \u00e0 des demandes cat\u00e9gorielles au d\u00e9triment des autres\u00a0\u00bb. A quelques jours de la gr\u00e8ve du 5 d\u00e9cembre, le Premier ministre a [&hellip;]<\/p>\n","protected":false},"author":2,"featured_media":13829,"comment_status":"open","ping_status":"open","sticky":false,"template":"","format":"standard","meta":{"_jetpack_memberships_contains_paid_content":false,"footnotes":"","jetpack_publicize_message":"","jetpack_publicize_feature_enabled":true,"jetpack_social_post_already_shared":true,"jetpack_social_options":{"image_generator_settings":{"template":"highway","default_image_id":0,"font":"","enabled":false},"version":2},"_wpas_customize_per_network":false},"categories":[405],"tags":[],"class_list":["post-13828","post","type-post","status-publish","format-standard","has-post-thumbnail","hentry","category-actu-france-monde"],"jetpack_publicize_connections":[],"jetpack_featured_media_url":"https:\/\/i0.wp.com\/www.iceagetv.com\/radiosite\/wp-content\/uploads\/2019\/11\/R%C3%A9forme-des-retraites.png?fit=700%2C520&ssl=1","jetpack_sharing_enabled":true,"_links":{"self":[{"href":"https:\/\/www.iceagetv.com\/radiosite\/wp-json\/wp\/v2\/posts\/13828","targetHints":{"allow":["GET"]}}],"collection":[{"href":"https:\/\/www.iceagetv.com\/radiosite\/wp-json\/wp\/v2\/posts"}],"about":[{"href":"https:\/\/www.iceagetv.com\/radiosite\/wp-json\/wp\/v2\/types\/post"}],"author":[{"embeddable":true,"href":"https:\/\/www.iceagetv.com\/radiosite\/wp-json\/wp\/v2\/users\/2"}],"replies":[{"embeddable":true,"href":"https:\/\/www.iceagetv.com\/radiosite\/wp-json\/wp\/v2\/comments?post=13828"}],"version-history":[{"count":1,"href":"https:\/\/www.iceagetv.com\/radiosite\/wp-json\/wp\/v2\/posts\/13828\/revisions"}],"predecessor-version":[{"id":13830,"href":"https:\/\/www.iceagetv.com\/radiosite\/wp-json\/wp\/v2\/posts\/13828\/revisions\/13830"}],"wp:featuredmedia":[{"embeddable":true,"href":"https:\/\/www.iceagetv.com\/radiosite\/wp-json\/wp\/v2\/media\/13829"}],"wp:attachment":[{"href":"https:\/\/www.iceagetv.com\/radiosite\/wp-json\/wp\/v2\/media?parent=13828"}],"wp:term":[{"taxonomy":"category","embeddable":true,"href":"https:\/\/www.iceagetv.com\/radiosite\/wp-json\/wp\/v2\/categories?post=13828"},{"taxonomy":"post_tag","embeddable":true,"href":"https:\/\/www.iceagetv.com\/radiosite\/wp-json\/wp\/v2\/tags?post=13828"}],"curies":[{"name":"wp","href":"https:\/\/api.w.org\/{rel}","templated":true}]}}