{"id":13856,"date":"2019-11-30T08:54:38","date_gmt":"2019-11-30T08:54:38","guid":{"rendered":"http:\/\/www.iceagetv.com\/radiosite\/?p=13856"},"modified":"2019-11-30T08:54:38","modified_gmt":"2019-11-30T08:54:38","slug":"meteo-froid-et-neige-ces-prochains-jours-lhiver-est-bien-la","status":"publish","type":"post","link":"https:\/\/www.iceagetv.com\/radiosite\/meteo-froid-et-neige-ces-prochains-jours-lhiver-est-bien-la\/","title":{"rendered":"M\u00e9t\u00e9o : froid et neige ces prochains jours, l\u2019hiver est bien l\u00e0"},"content":{"rendered":"\n<p>\u00c0 partir de dimanche, c&rsquo;est vraiment l&rsquo;hiver dans le Nord et le Nord-Est du pays. Un refroidissement de l&rsquo;air confront\u00e9 \u00e0 une perturbation va provoquer des pr\u00e9cipitations neigeuses.<\/p>\n\n\n\n<p>D\u00e8s la nuit de samedi \u00e0 dimanche, de \u00ab faibles chutes de neige jusqu&rsquo;en plaine \u00bb sont possibles sur les r\u00e9gions les plus au nord, pr\u00e9vient\u00a0<a rel=\"noreferrer noopener\" href=\"https:\/\/www.meteofrance.fr\/actualites\/77375590-froid-et-risque-de-neige-en-plaine-en-debut-de-semaine-prochaine\" target=\"_blank\">M\u00e9t\u00e9o France<\/a>. Dans la journ\u00e9e, des averses de neige, souvent m\u00e9lang\u00e9e \u00e0 de la pluie, sont attendues de l&rsquo;Ouest de l&rsquo;Ile-de-France \u00e0 l&rsquo;Alsace. Selon\u00a0<a rel=\"noreferrer noopener\" href=\"https:\/\/twitter.com\/lachainemeteo\" target=\"_blank\">La cha\u00eene m\u00e9t\u00e9o<\/a>, la neige ne tiendra pas au sol \u00ab en raison de temp\u00e9ratures faiblement positives \u00bb. \u00ab Des Ardennes \u00e0 la Lorraine, une petite couche pourra se former, ce qui est normal d\u00e9but d\u00e9cembre. \u00bb  Les temp\u00e9ratures vont continuer de descendre en d\u00e9but de semaine. M\u00e9t\u00e9o France anticipe \u00ab des gel\u00e9es fr\u00e9quentes en plaine, localement fortes (-5 \u00b0C) \u00bb \u00e0 partir de mardi. Les temp\u00e9ratures maximales seront \u00ab probablement 2\u00b0C \u00e0 5\u00b0C sous les moyennes \u00bb.  Cette carte permet de visualiser les temp\u00e9ratures de saison en d\u00e9cembre. A gauche se trouve la temp\u00e9rature minimale moyenne, \u00e0 droite la temp\u00e9rature maximale moyenne. Il fera donc plus froid.  \u00c0 partir de mercredi, l&rsquo;indice de confiance des pr\u00e9visions n&rsquo;est que de 2 sur 5. Mais les premi\u00e8res tendances font \u00e9tat de temp\u00e9ratures qui resteraient sous les moyennes de saison. <\/p>\n\n\n\n<p>Cette arriv\u00e9e d&rsquo;air froid ne peut cependant pas \u00eatre assimil\u00e9e \u00e0 une vague de froid, son intensit\u00e9 n&rsquo;\u00e9tant pas assez prononc\u00e9e. Elle co\u00efncide en tout cas exactement avec le d\u00e9but de l&rsquo;hiver m\u00e9t\u00e9orologique le 1er d\u00e9cembre.<\/p>\n\n\n\n<h2 class=\"wp-block-heading\">L&rsquo;hiver devrait \u00eatre plus chaud que la normale<\/h2>\n\n\n\n<p>En m\u00e9t\u00e9o, il existe une diff\u00e9rence avec le calendrier civil pour les dates des saisons. Il s&rsquo;agit de faire co\u00efncider le pic th\u00e9orique de chaud et de froid avec le milieu de la saison. En raison de l&rsquo;inertie (le temps n\u00e9cessaire) de l&rsquo;atmosph\u00e8re pour se r\u00e9chauffer ou se refroidir, les pics de temp\u00e9ratures interviennent en moyenne trois semaines apr\u00e8s les solstices, les jours les plus courts et les plus longs. Mi-janvier est en th\u00e9orie le moment le plus froid de l&rsquo;ann\u00e9e et mi-juillet le plus chaud. L&rsquo;hiver m\u00e9t\u00e9orologique a donc lieu du 1er d\u00e9cembre au 28 f\u00e9vrier, l&rsquo;\u00e9t\u00e9 du 1er juin au 31 ao\u00fbt.<\/p>\n\n\n\n<p>Ce n&rsquo;est pas s\u00fbr \u00e0 100 %, mais le froid de la semaine \u00e0 venir n&rsquo;augure pas forc\u00e9ment d&rsquo;un hiver rigoureux. Les pr\u00e9visions saisonni\u00e8res de&nbsp;<a href=\"https:\/\/www.meteofrance.fr\/actualites\/77327596-vers-un-hiver-plus-doux-que-la-normale-et-perturbe\" target=\"_blank\" rel=\"noreferrer noopener\">M\u00e9t\u00e9o France<\/a>, qui ne sont qu&rsquo;une tendance et pas une certitude, anticipent que l&rsquo;hiver sera, en moyenne, plus doux que la normale. Cette carte \u00e9value cette probabilit\u00e9 \u00e0 60 % dans le Sud de la France, un pourcentage assez \u00e9lev\u00e9 et fiable pour ce type de pr\u00e9visions, \u00e0 50 % au Nord.<\/p>\n\n\n\n<p><\/p>\n","protected":false},"excerpt":{"rendered":"<p>\u00c0 partir de dimanche, c&rsquo;est vraiment l&rsquo;hiver dans le Nord et le Nord-Est du pays. Un refroidissement de l&rsquo;air confront\u00e9 \u00e0 une perturbation va provoquer des pr\u00e9cipitations neigeuses. D\u00e8s la nuit de samedi \u00e0 dimanche, de \u00ab faibles chutes de neige jusqu&rsquo;en plaine \u00bb sont possibles sur les r\u00e9gions les plus au nord, pr\u00e9vient\u00a0M\u00e9t\u00e9o France. [&hellip;]<\/p>\n","protected":false},"author":2,"featured_media":13857,"comment_status":"open","ping_status":"open","sticky":false,"template":"","format":"standard","meta":{"_jetpack_memberships_contains_paid_content":false,"footnotes":"","jetpack_publicize_message":"","jetpack_publicize_feature_enabled":true,"jetpack_social_post_already_shared":true,"jetpack_social_options":{"image_generator_settings":{"template":"highway","default_image_id":0,"font":"","enabled":false},"version":2},"_wpas_customize_per_network":false},"categories":[14],"tags":[2722],"class_list":["post-13856","post","type-post","status-publish","format-standard","has-post-thumbnail","hentry","category-actu-meteo","tag-froid-et-neige-ces-prochains-jours"],"jetpack_publicize_connections":[],"jetpack_featured_media_url":"https:\/\/i0.wp.com\/www.iceagetv.com\/radiosite\/wp-content\/uploads\/2019\/11\/froid-et-neige-ces-prochains-jours-l%E2%80%99hiver-est-bien-l%C3%A0.jpg?fit=932%2C582&ssl=1","jetpack_sharing_enabled":true,"_links":{"self":[{"href":"https:\/\/www.iceagetv.com\/radiosite\/wp-json\/wp\/v2\/posts\/13856","targetHints":{"allow":["GET"]}}],"collection":[{"href":"https:\/\/www.iceagetv.com\/radiosite\/wp-json\/wp\/v2\/posts"}],"about":[{"href":"https:\/\/www.iceagetv.com\/radiosite\/wp-json\/wp\/v2\/types\/post"}],"author":[{"embeddable":true,"href":"https:\/\/www.iceagetv.com\/radiosite\/wp-json\/wp\/v2\/users\/2"}],"replies":[{"embeddable":true,"href":"https:\/\/www.iceagetv.com\/radiosite\/wp-json\/wp\/v2\/comments?post=13856"}],"version-history":[{"count":1,"href":"https:\/\/www.iceagetv.com\/radiosite\/wp-json\/wp\/v2\/posts\/13856\/revisions"}],"predecessor-version":[{"id":13858,"href":"https:\/\/www.iceagetv.com\/radiosite\/wp-json\/wp\/v2\/posts\/13856\/revisions\/13858"}],"wp:featuredmedia":[{"embeddable":true,"href":"https:\/\/www.iceagetv.com\/radiosite\/wp-json\/wp\/v2\/media\/13857"}],"wp:attachment":[{"href":"https:\/\/www.iceagetv.com\/radiosite\/wp-json\/wp\/v2\/media?parent=13856"}],"wp:term":[{"taxonomy":"category","embeddable":true,"href":"https:\/\/www.iceagetv.com\/radiosite\/wp-json\/wp\/v2\/categories?post=13856"},{"taxonomy":"post_tag","embeddable":true,"href":"https:\/\/www.iceagetv.com\/radiosite\/wp-json\/wp\/v2\/tags?post=13856"}],"curies":[{"name":"wp","href":"https:\/\/api.w.org\/{rel}","templated":true}]}}