{"id":13859,"date":"2019-11-30T13:26:49","date_gmt":"2019-11-30T13:26:49","guid":{"rendered":"http:\/\/www.iceagetv.com\/radiosite\/?p=13859"},"modified":"2019-11-30T13:26:49","modified_gmt":"2019-11-30T13:26:49","slug":"enquete-pour-rmc-sport-et-mediapro-lattribution-des-droits-europeens-a-la-concurrence-complique-singulierement-la-donne","status":"publish","type":"post","link":"https:\/\/www.iceagetv.com\/radiosite\/enquete-pour-rmc-sport-et-mediapro-lattribution-des-droits-europeens-a-la-concurrence-complique-singulierement-la-donne\/","title":{"rendered":"ENQUETE : Pour RMC Sport et Mediapro, l&rsquo;attribution des droits europ\u00e9ens \u00e0 la concurrence complique singuli\u00e8rement la donne."},"content":{"rendered":"\n<p>L&rsquo;un esp\u00e9rait justifier l&rsquo;augmentation de ses tarifs, l&rsquo;autre se voyait d\u00e9j\u00e0 proposer Ligue 1 fran\u00e7aise et Ligue des Champions pour app\u00e2ter le client mais pour RMC Sport et Mediapro, l&rsquo;attribution des droits europ\u00e9ens \u00e0 la concurrence complique singuli\u00e8rement la donne. Jusqu&rsquo;ici, RMC Sport pouvait compter sur la Premier League anglaise et les coupes europ\u00e9ennes, soit deux des meilleures comp\u00e9titions europ\u00e9ennes de football, chip\u00e9es \u00e0 Canal+ et BeIN, pour convaincre les amateurs de ballon rond de s&rsquo;abonner.<\/p>\n\n\n\n<p>Mais la filiale de SFR a subi un premier coup de frein en 2018 avec la perte de la Premier League au profit de Canal+. RMC Sport va att\u00e9nuer le choc en n\u00e9gociant avec la filiale de Vivendi afin de co-diffuser le championnat anglais, perdant cependant du m\u00eame coup son exclusivit\u00e9 sur un championnat majeur. \u00ab\u00a0Cette ann\u00e9e, ils \u00e9taient entr\u00e9s dans une strat\u00e9gie de mont\u00e9e des prix, ce qui \u00e9tait logique apr\u00e8s la p\u00e9riode d&rsquo;acquisition, mais comment justifier aujourd&rsquo;hui d&rsquo;augmenter les tarifs pour quelque chose qu&rsquo;ils n&rsquo;auront plus dans un an?\u00a0\u00bb, s&rsquo;interroge Vincent Chaudel, fondateur de l&rsquo;Observatoire du sport business.<\/p>\n\n\n\n<p>Car dans un univers o\u00f9 le football reste le sport-phare, difficile d&rsquo;attirer les abonn\u00e9s avec certains tournois de tennis, le basket fran\u00e7ais et europ\u00e9en ou encore les sports de combat, autres comp\u00e9titions qui composent la grille de RMC Sport.<\/p>\n\n\n\n<p>Lors des derniers championnats du monde de basket, la victoire fran\u00e7aise face aux \u00c9tats-Unis n&rsquo;avait attir\u00e9 que 220.000 spectateurs sur Canal+ Sports quand la demi-finale contre l&rsquo;Argentine, sur Canal+ et M6, avait cumul\u00e9 1,6 million de t\u00e9l\u00e9spectateurs. Loin, tr\u00e8s loin des 12,9 millions de personnes ayant suivi France-Uruguay lors du quart de finale du Mondial de football en 2018 sur TF1. Ou des 11,8 millions devant France-\u00c9tats-Unis lors du mondial f\u00e9minin cet \u00e9t\u00e9.<\/p>\n\n\n\n<p>Dans le sport t\u00e9l\u00e9vis\u00e9, hors du foot, point de salut. Ou si peu. \u00ab\u00a0RMC Sport a un an pour trouver une solution face cette situation. L&rsquo;une des solutions pourrait passer par un accord avec Mediapro, qui leur permettrait de mettre la main sur une partie de la Ligue 1\u00a0\u00bb, ajoute Vincent Chaudel. D&rsquo;autant que Mediapro se trouve \u00e9galement face \u00e0 une difficult\u00e9.<\/p>\n\n\n\n<p>Si rien n&rsquo;est connu concernant la future cha\u00eene mise en place pour la diffusion de la prochaine saison de Ligue 1, dans \u00e0 peine neuf mois, y associer la Ligue des Champions aurait donn\u00e9 plus de cr\u00e9dit au projet Mediapro, et justifi\u00e9 le prix envisag\u00e9 par le producteur sino-espagnol, de 25 euros par mois. \u00ab\u00a0Mediapro a remport\u00e9 le premier set avec la Ligue 1, BeIN et Canal viennent de r\u00e9pliquer sur la Ligue des Champions. Mais le match n&rsquo;est pas termin\u00e9\u00a0\u00bb, insiste M. Chaudel.<\/p>\n\n\n\n<p>Sp\u00e9cialiste de la production t\u00e9l\u00e9visuelle avant d&rsquo;\u00eatre un diffuseur, Mediapro &#8211; qui a d\u00e9j\u00e0 estim\u00e9 que la d\u00e9cision annonc\u00e9e vendredi n&rsquo;\u00e9tait \u00ab\u00a0pas claire\u00a0\u00bb et dit envisager un recours &#8211; ne verrait pas d&rsquo;un mauvais oeil le fait de partager la Ligue 1 avec un de ses concurrents actuels. \u00ab\u00a0Notre mod\u00e8le partout est de ne pas avoir une exclusivit\u00e9, on pense que \u00e7a nuit au d\u00e9veloppement du produit. C&rsquo;est ce qu&rsquo;on fait en Espagne, au Canada ou en Am\u00e9rique Latine par exemple et j&rsquo;esp\u00e8re que l&rsquo;on va le faire en France\u00a0\u00bb, expliquait r\u00e9cemment Jaume Roures, le pr\u00e9sident de Mediapro.<\/p>\n\n\n\n<p>Or, face \u00e0 un axe Canal+-BeIN Sport, qui se sont d\u00e9j\u00e0 rapproch\u00e9s d&rsquo;un point de vue commercial, auquel s&rsquo;ajoute TF1, une synergie entre les deux perdants du jour pourrait \u00eatre un moyen pour RMC Sport et Mediapro d&rsquo;assurer leur survie, pour un temps tout du moins. Car sur le long terme, se pose malgr\u00e9 tout la question de la concurrence f\u00e9roce que se livrent d\u00e9sormais quatre acteurs, souvent adoss\u00e9s \u00e0 de grands groupes ou \u00c9tats, mais tous dans des situations \u00e9conomiques pr\u00e9caires. \u00ab\u00a0Il y aura forc\u00e9ment de la casse t\u00f4t ou tard, c&rsquo;est une certitude. On ne peut pas rester \u00e0 quatre op\u00e9rateurs payants sur un march\u00e9 comme la France\u00a0\u00bb, conclut Vincent Chaudel.<\/p>\n","protected":false},"excerpt":{"rendered":"<p>L&rsquo;un esp\u00e9rait justifier l&rsquo;augmentation de ses tarifs, l&rsquo;autre se voyait d\u00e9j\u00e0 proposer Ligue 1 fran\u00e7aise et Ligue des Champions pour app\u00e2ter le client mais pour RMC Sport et Mediapro, l&rsquo;attribution des droits europ\u00e9ens \u00e0 la concurrence complique singuli\u00e8rement la donne. Jusqu&rsquo;ici, RMC Sport pouvait compter sur la Premier League anglaise et les coupes europ\u00e9ennes, soit [&hellip;]<\/p>\n","protected":false},"author":2,"featured_media":13860,"comment_status":"open","ping_status":"open","sticky":false,"template":"","format":"standard","meta":{"_jetpack_memberships_contains_paid_content":false,"footnotes":"","jetpack_publicize_message":"","jetpack_publicize_feature_enabled":true,"jetpack_social_post_already_shared":true,"jetpack_social_options":{"image_generator_settings":{"template":"highway","default_image_id":0,"font":"","enabled":false},"version":2},"_wpas_customize_per_network":false},"categories":[68],"tags":[2723],"class_list":["post-13859","post","type-post","status-publish","format-standard","has-post-thumbnail","hentry","category-actu-culturelle","tag-pour-rmc-sport-et-mediapro"],"jetpack_publicize_connections":[],"jetpack_featured_media_url":"https:\/\/i0.wp.com\/www.iceagetv.com\/radiosite\/wp-content\/uploads\/2019\/11\/Pour-RMC-Sport-et-Mediapro-lattribution-des-droits-europ%C3%A9ens-%C3%A0-la-concurrence-complique-singuli%C3%A8rement-la-donne.jpg?fit=330%2C155&ssl=1","jetpack_sharing_enabled":true,"_links":{"self":[{"href":"https:\/\/www.iceagetv.com\/radiosite\/wp-json\/wp\/v2\/posts\/13859","targetHints":{"allow":["GET"]}}],"collection":[{"href":"https:\/\/www.iceagetv.com\/radiosite\/wp-json\/wp\/v2\/posts"}],"about":[{"href":"https:\/\/www.iceagetv.com\/radiosite\/wp-json\/wp\/v2\/types\/post"}],"author":[{"embeddable":true,"href":"https:\/\/www.iceagetv.com\/radiosite\/wp-json\/wp\/v2\/users\/2"}],"replies":[{"embeddable":true,"href":"https:\/\/www.iceagetv.com\/radiosite\/wp-json\/wp\/v2\/comments?post=13859"}],"version-history":[{"count":1,"href":"https:\/\/www.iceagetv.com\/radiosite\/wp-json\/wp\/v2\/posts\/13859\/revisions"}],"predecessor-version":[{"id":13861,"href":"https:\/\/www.iceagetv.com\/radiosite\/wp-json\/wp\/v2\/posts\/13859\/revisions\/13861"}],"wp:featuredmedia":[{"embeddable":true,"href":"https:\/\/www.iceagetv.com\/radiosite\/wp-json\/wp\/v2\/media\/13860"}],"wp:attachment":[{"href":"https:\/\/www.iceagetv.com\/radiosite\/wp-json\/wp\/v2\/media?parent=13859"}],"wp:term":[{"taxonomy":"category","embeddable":true,"href":"https:\/\/www.iceagetv.com\/radiosite\/wp-json\/wp\/v2\/categories?post=13859"},{"taxonomy":"post_tag","embeddable":true,"href":"https:\/\/www.iceagetv.com\/radiosite\/wp-json\/wp\/v2\/tags?post=13859"}],"curies":[{"name":"wp","href":"https:\/\/api.w.org\/{rel}","templated":true}]}}